{"id":55996,"date":"2025-07-02T11:30:34","date_gmt":"2025-07-02T14:30:34","guid":{"rendered":"https:\/\/radiorevelacionfm.cl\/?p=55996"},"modified":"2025-07-02T11:30:34","modified_gmt":"2025-07-02T14:30:34","slug":"conaf-denuncia-la-corta-ilegal-de-cipres-de-las-guaitecas-en-reserva-nacional-katalalixar-en-comuna-de-tortel","status":"publish","type":"post","link":"https:\/\/radiorevelacionfm.cl\/?p=55996","title":{"rendered":"Conaf denuncia la corta ilegal de cipr\u00e9s de las Guaitecas en Reserva Nacional Katalalixar en comuna de Tortel"},"content":{"rendered":"<div class=\"flex_column av_one_full  flex_column_div av-zero-column-padding first  avia-builder-el-0  el_before_av_one_full  avia-builder-el-first  \" style='border-radius:0px; '><div  class='avia-image-container  av-styling-    avia-builder-el-1  avia-builder-el-no-sibling  avia-align-center '  itemprop=\"image\" itemscope=\"itemscope\" itemtype=\"https:\/\/schema.org\/ImageObject\"  ><div class='avia-image-container-inner'><div class='avia-image-overlay-wrap'><img decoding=\"async\" class='wp-image-55997 avia-img-lazy-loading-not-55997 avia_image' src=\"https:\/\/radiorevelacionfm.cl\/wp-content\/uploads\/2025\/07\/54628357226_bfd33d2677_c_optimized.jpg\" alt='' title='54628357226_bfd33d2677_c_optimized' height=\"600\" width=\"800\"  itemprop=\"thumbnailUrl\" srcset=\"https:\/\/radiorevelacionfm.cl\/wp-content\/uploads\/2025\/07\/54628357226_bfd33d2677_c_optimized.jpg 800w, https:\/\/radiorevelacionfm.cl\/wp-content\/uploads\/2025\/07\/54628357226_bfd33d2677_c_optimized-300x225.jpg 300w, https:\/\/radiorevelacionfm.cl\/wp-content\/uploads\/2025\/07\/54628357226_bfd33d2677_c_optimized-768x576.jpg 768w, https:\/\/radiorevelacionfm.cl\/wp-content\/uploads\/2025\/07\/54628357226_bfd33d2677_c_optimized-705x529.jpg 705w, https:\/\/radiorevelacionfm.cl\/wp-content\/uploads\/2025\/07\/54628357226_bfd33d2677_c_optimized-450x338.jpg 450w, https:\/\/radiorevelacionfm.cl\/wp-content\/uploads\/2025\/07\/54628357226_bfd33d2677_c_optimized-600x450.jpg 600w\" sizes=\"(max-width: 800px) 100vw, 800px\" \/><\/div><\/div><\/div><\/div><div class=\"flex_column av_one_full  flex_column_div av-zero-column-padding first  avia-builder-el-2  el_after_av_one_full  el_before_av_one_full  column-top-margin\" style='border-radius:0px; '><section class=\"av_textblock_section \"  itemscope=\"itemscope\" itemtype=\"https:\/\/schema.org\/BlogPosting\" itemprop=\"blogPost\" ><div class='avia_textblock  '   itemprop=\"text\" ><p style=\"text-align: center;\"><strong><span style=\"font-size: 18pt;\">Conaf denuncia la corta ilegal de cipr\u00e9s de las Guaitecas en Reserva Nacional Katalalixar en comuna de Tortel<\/span><\/strong><\/p>\n<div id=\"gtx-trans\" style=\"position: absolute; left: -50px; top: 4.31534px;\">\n<div class=\"gtx-trans-icon\"><\/div>\n<\/div>\n<\/div><\/section><\/div><div class=\"flex_column av_one_full  flex_column_div av-zero-column-padding first  avia-builder-el-4  el_after_av_one_full  el_before_av_hr  column-top-margin\" style='border-radius:0px; '><section class=\"av_textblock_section \"  itemscope=\"itemscope\" itemtype=\"https:\/\/schema.org\/BlogPosting\" itemprop=\"blogPost\" ><div class='avia_textblock  '   itemprop=\"text\" ><p style=\"font-weight: 400; text-align: justify;\"><em>Se constat\u00f3 que el 80% de los ejemplares cortados correspond\u00eda a esta especie protegida y que su edad ascend\u00eda a los 500 a\u00f1os, aproximadamente.<\/em><\/p>\n<p style=\"font-weight: 400; text-align: justify;\">Una denuncia por corta ilegal y explotaci\u00f3n de la especie cipr\u00e9s de las Guaitecas detectada en la Reserva Nacional Katalalixar, ubicada en la comuna de Tortel, present\u00f3 la Corporaci\u00f3n Nacional Forestal (CONAF) ante la Fiscal\u00eda de Cochrane, en la Regi\u00f3n de Ays\u00e9n.<\/p>\n<p style=\"font-weight: 400; text-align: justify;\">Dos fiscalizadoras de la oficina provincial de CONAF en Capit\u00e1n Prat, m\u00e1s dos guardaparques del \u00e1rea silvestre protegida y dos funcionarios de la Brigada de Delitos Medioambientales (BIDEMA) de la PDI acudieron hasta el lugar de la corta no autorizada, tras la denuncia de un tercero registrada en la Corporaci\u00f3n.<\/p>\n<p style=\"font-weight: 400; text-align: justify;\">Luego de una navegaci\u00f3n por los fiordos y canales de la zona austral y\u00a0a 45\u00a0 minutos desde Caleta Tortel, los servidores p\u00fablicos pudieron acceder el sitio de la infracci\u00f3n, donde se constat\u00f3 la afectaci\u00f3n de 75 individuos sobre una superficie de 0,80 hect\u00e1rea, tala centrada principalmente en\u00a0la especie nativa cipr\u00e9s de las Guaitecas (<em>Pilgerodendron uviferum<\/em>); pero tambi\u00e9n de especies siempreverdes, como el coihue (<em>Nothofagus dombeyi<\/em>), ma\u00f1\u00edo (<em>Podocarpus nubigenus<\/em>) y tep\u00fa (<em>Tepualia stipularis<\/em>), sin plan de manejo previamente aprobado por CONAF, conforme a lo establecido por la Ley N\u00b020.283 sobre Recuperaci\u00f3n del Bosque Nativo y Fomento Forestal.<\/p>\n<p style=\"font-weight: 400; text-align: justify;\">En el sector da\u00f1ado, se comprob\u00f3 que el 80% de los ejemplares damnificados correspond\u00eda al cipr\u00e9s de las Guaitecas, una especie protegida por CITES (Comercio Internacional de Especies Amenazadas de Fauna y Flora\u00a0 Silvestre). Asimismo, se realiz\u00f3 una labor enfocada en la toma de muestras, medici\u00f3n de volumen cortado y registro de im\u00e1genes que dan cuenta del perjuicio causado.<\/p>\n<p style=\"font-weight: 400; text-align: justify;\">A\u00fan no identificado el infractor por parte de la polic\u00eda, la acci\u00f3n delictual produjo un grave impacto ambiental, ya que por los di\u00e1metros\u00a0de la corta de los \u00e1rboles se estima que algunos individuos ten\u00edan m\u00e1s de 500 a\u00f1os de edad al momento de ser cercenados.<\/p>\n<p style=\"font-weight: 400; text-align: justify;\">Finalmente, el trabajo en conjunto entre CONAF, Fiscal\u00eda y PDI para perseguir los diferentes delitos ambientales, como son las cortas de bosques no autorizadas, responde a la exigencia de la poblaci\u00f3n por proteger la naturaleza, espec\u00edficamente la vegetaci\u00f3n nativa del pa\u00eds, por lo que las denuncias de la ciudadan\u00eda pueden realizarse en el sitio web de la Corporaci\u00f3n Nacional Forestal (<a href=\"http:\/\/www.conaf.cl\/\" data-saferedirecturl=\"https:\/\/www.google.com\/url?q=http:\/\/www.conaf.cl\/&amp;source=gmail&amp;ust=1751552415698000&amp;usg=AOvVaw0tCHh9cQidPyE4CqAdRRcN\">www.conaf.cl<\/a>) o en su oficina m\u00e1s cercana.<\/p>\n<\/div><\/section><\/div><div  style='height:50px' class='hr hr-invisible   avia-builder-el-6  el_after_av_one_full  el_before_av_social_share '><span class='hr-inner ' ><span class='hr-inner-style'><\/span><\/span><\/div><\/p>\n<div  class='av-social-sharing-box  avia-builder-el-7  el_after_av_hr  el_before_av_hr  '><div class='av-share-box'><h5 class='av-share-link-description av-no-toc '>Compartir esta noticia<\/h5><ul class='av-share-box-list noLightbox'><li class='av-share-link av-social-link-facebook' ><a target=\"_blank\" aria-label=\"Compartir en Facebook\" href='https:\/\/www.facebook.com\/sharer.php?u=https:\/\/radiorevelacionfm.cl\/?p=55996&#038;t=Conaf%20denuncia%20la%20corta%20ilegal%20de%20cipr%C3%A9s%20de%20las%20Guaitecas%20en%20Reserva%20Nacional%20Katalalixar%20en%20comuna%20de%20Tortel' aria-hidden='false' data-av_icon='\ue8f3' data-av_iconfont='entypo-fontello' title='' data-avia-related-tooltip='Compartir en Facebook' rel=\"noopener\"><span class='avia_hidden_link_text'>Compartir en Facebook<\/span><\/a><\/li><li class='av-share-link av-social-link-twitter' ><a target=\"_blank\" aria-label=\"Compartir en Twitter\" href='https:\/\/twitter.com\/share?text=Conaf%20denuncia%20la%20corta%20ilegal%20de%20cipr%C3%A9s%20de%20las%20Guaitecas%20en%20Reserva%20Nacional%20Katalalixar%20en%20comuna%20de%20Tortel&#038;url=https:\/\/radiorevelacionfm.cl\/?p=55996' aria-hidden='false' data-av_icon='\ue8f1' data-av_iconfont='entypo-fontello' title='' data-avia-related-tooltip='Compartir en Twitter' rel=\"noopener\"><span class='avia_hidden_link_text'>Compartir en Twitter<\/span><\/a><\/li><li class='av-share-link av-social-link-whatsapp' ><a target=\"_blank\" aria-label=\"Compartir en Whatsapp\" href='https:\/\/api.whatsapp.com\/send?text=https:\/\/radiorevelacionfm.cl\/?p=55996' aria-hidden='false' data-av_icon='\uf232' data-av_iconfont='entypo-fontello' title='' data-avia-related-tooltip='Compartir en Whatsapp' rel=\"noopener\"><span class='avia_hidden_link_text'>Compartir en Whatsapp<\/span><\/a><\/li><li class='av-share-link av-social-link-linkedin' ><a target=\"_blank\" aria-label=\"Compartir en LinkedIn\" href='https:\/\/linkedin.com\/shareArticle?mini=true&#038;title=Conaf%20denuncia%20la%20corta%20ilegal%20de%20cipr%C3%A9s%20de%20las%20Guaitecas%20en%20Reserva%20Nacional%20Katalalixar%20en%20comuna%20de%20Tortel&#038;url=https:\/\/radiorevelacionfm.cl\/?p=55996' aria-hidden='false' data-av_icon='\ue8fc' data-av_iconfont='entypo-fontello' title='' data-avia-related-tooltip='Compartir en LinkedIn' rel=\"noopener\"><span class='avia_hidden_link_text'>Compartir en LinkedIn<\/span><\/a><\/li><li class='av-share-link av-social-link-mail' ><a  aria-label=\"Compartir por correo\" href='mailto:?subject=Conaf%20denuncia%20la%20corta%20ilegal%20de%20cipr%C3%A9s%20de%20las%20Guaitecas%20en%20Reserva%20Nacional%20Katalalixar%20en%20comuna%20de%20Tortel&#038;body=https:\/\/radiorevelacionfm.cl\/?p=55996' aria-hidden='false' data-av_icon='\ue805' data-av_iconfont='entypo-fontello' title='' data-avia-related-tooltip='Compartir por correo'><span class='avia_hidden_link_text'>Compartir por correo<\/span><\/a><\/li><\/ul><\/div><\/div>\n<div  style='height:50px' class='hr hr-invisible   avia-builder-el-8  el_after_av_social_share  el_before_av_comments_list '><span class='hr-inner ' ><span class='hr-inner-style'><\/span><\/span><\/div>\n<div  class='av-buildercomment  av-blog-meta-html-info-disabled av-blog-meta-tag-disabled  '><\/div>\n","protected":false},"excerpt":{"rendered":"","protected":false},"author":1,"featured_media":55997,"comment_status":"closed","ping_status":"closed","sticky":false,"template":"","format":"standard","meta":{"footnotes":""},"categories":[38],"tags":[],"class_list":["post-55996","post","type-post","status-publish","format-standard","has-post-thumbnail","hentry","category-regional"],"jetpack_featured_media_url":"https:\/\/radiorevelacionfm.cl\/wp-content\/uploads\/2025\/07\/54628357226_bfd33d2677_c_optimized.jpg","_links":{"self":[{"href":"https:\/\/radiorevelacionfm.cl\/index.php?rest_route=\/wp\/v2\/posts\/55996","targetHints":{"allow":["GET"]}}],"collection":[{"href":"https:\/\/radiorevelacionfm.cl\/index.php?rest_route=\/wp\/v2\/posts"}],"about":[{"href":"https:\/\/radiorevelacionfm.cl\/index.php?rest_route=\/wp\/v2\/types\/post"}],"author":[{"embeddable":true,"href":"https:\/\/radiorevelacionfm.cl\/index.php?rest_route=\/wp\/v2\/users\/1"}],"replies":[{"embeddable":true,"href":"https:\/\/radiorevelacionfm.cl\/index.php?rest_route=%2Fwp%2Fv2%2Fcomments&post=55996"}],"version-history":[{"count":2,"href":"https:\/\/radiorevelacionfm.cl\/index.php?rest_route=\/wp\/v2\/posts\/55996\/revisions"}],"predecessor-version":[{"id":56185,"href":"https:\/\/radiorevelacionfm.cl\/index.php?rest_route=\/wp\/v2\/posts\/55996\/revisions\/56185"}],"wp:featuredmedia":[{"embeddable":true,"href":"https:\/\/radiorevelacionfm.cl\/index.php?rest_route=\/wp\/v2\/media\/55997"}],"wp:attachment":[{"href":"https:\/\/radiorevelacionfm.cl\/index.php?rest_route=%2Fwp%2Fv2%2Fmedia&parent=55996"}],"wp:term":[{"taxonomy":"category","embeddable":true,"href":"https:\/\/radiorevelacionfm.cl\/index.php?rest_route=%2Fwp%2Fv2%2Fcategories&post=55996"},{"taxonomy":"post_tag","embeddable":true,"href":"https:\/\/radiorevelacionfm.cl\/index.php?rest_route=%2Fwp%2Fv2%2Ftags&post=55996"}],"curies":[{"name":"wp","href":"https:\/\/api.w.org\/{rel}","templated":true}]}}