{"id":55990,"date":"2025-07-02T10:53:41","date_gmt":"2025-07-02T13:53:41","guid":{"rendered":"https:\/\/radiorevelacionfm.cl\/?p=55990"},"modified":"2025-07-02T10:53:41","modified_gmt":"2025-07-02T13:53:41","slug":"indap-aysen-reune-a-equipos-prodesal-en-jornada-regional-para-fortalecer-la-agricultura-familiar-campesina","status":"publish","type":"post","link":"https:\/\/radiorevelacionfm.cl\/?p=55990","title":{"rendered":"Indap Ays\u00e9n re\u00fane a equipos Prodesal en jornada regional para fortalecer la agricultura familiar campesina"},"content":{"rendered":"<div class=\"flex_column av_one_full  flex_column_div av-zero-column-padding first  avia-builder-el-0  el_before_av_one_full  avia-builder-el-first  \" style='border-radius:0px; '><div  class='avia-image-container  av-styling-    avia-builder-el-1  avia-builder-el-no-sibling  avia-align-center '  itemprop=\"image\" itemscope=\"itemscope\" itemtype=\"https:\/\/schema.org\/ImageObject\"  ><div class='avia-image-container-inner'><div class='avia-image-overlay-wrap'><img decoding=\"async\" class='wp-image-55991 avia-img-lazy-loading-not-55991 avia_image' src=\"https:\/\/radiorevelacionfm.cl\/wp-content\/uploads\/2025\/07\/encuentro-prodesal-1-1-1_optimized-1.jpg\" alt='' title='encuentro-prodesal-1-1-(1)_optimized (1)' height=\"600\" width=\"860\"  itemprop=\"thumbnailUrl\" srcset=\"https:\/\/radiorevelacionfm.cl\/wp-content\/uploads\/2025\/07\/encuentro-prodesal-1-1-1_optimized-1.jpg 860w, https:\/\/radiorevelacionfm.cl\/wp-content\/uploads\/2025\/07\/encuentro-prodesal-1-1-1_optimized-1-300x209.jpg 300w, https:\/\/radiorevelacionfm.cl\/wp-content\/uploads\/2025\/07\/encuentro-prodesal-1-1-1_optimized-1-768x536.jpg 768w, https:\/\/radiorevelacionfm.cl\/wp-content\/uploads\/2025\/07\/encuentro-prodesal-1-1-1_optimized-1-705x492.jpg 705w, https:\/\/radiorevelacionfm.cl\/wp-content\/uploads\/2025\/07\/encuentro-prodesal-1-1-1_optimized-1-450x314.jpg 450w, https:\/\/radiorevelacionfm.cl\/wp-content\/uploads\/2025\/07\/encuentro-prodesal-1-1-1_optimized-1-600x419.jpg 600w\" sizes=\"(max-width: 860px) 100vw, 860px\" \/><\/div><\/div><\/div><\/div><div class=\"flex_column av_one_full  flex_column_div av-zero-column-padding first  avia-builder-el-2  el_after_av_one_full  el_before_av_one_full  column-top-margin\" style='border-radius:0px; '><section class=\"av_textblock_section \"  itemscope=\"itemscope\" itemtype=\"https:\/\/schema.org\/BlogPosting\" itemprop=\"blogPost\" ><div class='avia_textblock  '   itemprop=\"text\" ><p style=\"text-align: center;\"><strong><span style=\"font-size: 18pt;\">Indap Ays\u00e9n re\u00fane a equipos Prodesal en jornada regional para fortalecer la agricultura familiar campesina<\/span><\/strong><\/p>\n<div id=\"gtx-trans\" style=\"position: absolute; left: -50px; top: 4.31534px;\">\n<div class=\"gtx-trans-icon\"><\/div>\n<\/div>\n<\/div><\/section><\/div><div class=\"flex_column av_one_full  flex_column_div av-zero-column-padding first  avia-builder-el-4  el_after_av_one_full  el_before_av_hr  column-top-margin\" style='border-radius:0px; '><section class=\"av_textblock_section \"  itemscope=\"itemscope\" itemtype=\"https:\/\/schema.org\/BlogPosting\" itemprop=\"blogPost\" ><div class='avia_textblock  '   itemprop=\"text\" ><p style=\"text-align: justify;\">Con una destacada participaci\u00f3n de equipos t\u00e9cnicos de distintas comunas, INDAP Ays\u00e9n del Ministerio de Agricultura llev\u00f3 a cabo en Coyhaique el \u201cEncuentro Regional de Equipos PRODESAL 2025\u201d, una instancia clave para fortalecer capacidades profesionales, compartir experiencias y proyectar nuevas acciones conjuntas en beneficio de la agricultura familiar campesina e ind\u00edgena del territorio.<\/p>\n<p style=\"text-align: justify;\">Durante la apertura de la jornada, la directora regional de INDAP, Yessica Lagos C\u00e1rdenas, valor\u00f3 el rol estrat\u00e9gico del programa. \u201cEste encuentro refuerza el rol que cumple PRODESAL en el desarrollo rural, articulando asesor\u00eda t\u00e9cnica especializada, conocimiento del territorio y cercan\u00eda con las familias campesinas. A trav\u00e9s del trabajo constante de sus equipos, avanzamos en una agricultura con enfoque sostenible, que responde a las necesidades reales de nuestros agricultores y agricultoras\u201d.<\/p>\n<p style=\"text-align: justify;\">Acompa\u00f1ados por el equipo INDAP de distintos territorios, las y los jefes t\u00e9cnicos de las unidades operativas de O\u2019Higgins, Cochrane, Chile Chico, Tortel,\u00a0\u00a0R\u00edo Ib\u00e1\u00f1ez, Coyhaique, Ays\u00e9n, Cisnes y Lago Verde dieron vida a una jornada marcada por la diversidad de experiencias locales y enfoques de intervenci\u00f3n. Esta representaci\u00f3n regional permiti\u00f3 generar un valioso intercambio entre profesionales que acompa\u00f1an d\u00eda a d\u00eda a las familias campesinas desde los distintos rincones de Ays\u00e9n.<\/p>\n<p style=\"text-align: justify;\">Jessica Jara, jefa t\u00e9cnica de PRODESAL Chile Chico 3, valor\u00f3 la oportunidad de fortalecer la red regional. \u201cDurante esta jornada se valora la oportunidad de fortalecer nuestra red regional junto a nuestros colegas. Este tipo de jornadas permite reconocer que, aunque la extensa geograf\u00eda que nos rodea sea distinta, enfrentamos desaf\u00edos comunes. Es muy importante poder intercambiar estrategias, metodolog\u00edas y mejorar nuestras intervenciones en el territorio\u201d.<\/p>\n<p style=\"text-align: justify;\">En el plenario de la tarde, la Asesora T\u00e9cnica del Programa TAS, Magdalena Mansilla lider\u00f3 un espacio de reflexi\u00f3n colectiva en torno a los desaf\u00edos para avanzar hacia sistemas productivos sostenibles y de base agroecol\u00f3gica. Esta transici\u00f3n busca reducir la dependencia de insumos externos, aprovechar los recursos propios del territorio, proteger el suelo y la biodiversidad, y fortalecer la resiliencia de las familias campesinas frente al cambio clim\u00e1tico. En una regi\u00f3n aislada como Ays\u00e9n, donde el acceso a insumos y mercados es limitado, este enfoque es necesario y estrat\u00e9gico para lograr una agricultura que sea m\u00e1s independiente, sustentable y conectada con su entorno natural.<\/p>\n<p style=\"text-align: justify;\">El Programa de Desarrollo Local (PRODESAL), impulsado por INDAP en convenio con los municipios, permite alcanzar a m\u00e1s familias campesinas en sus propios territorios, generando acompa\u00f1amiento t\u00e9cnico y humano donde m\u00e1s se necesita. A trav\u00e9s de este programa se logra llevar asesor\u00eda, formaci\u00f3n, herramientas e inversi\u00f3n directamente a los hogares del campo, apoyando a quienes d\u00eda a d\u00eda, con esfuerzo y dedicaci\u00f3n, hacen posible la soberan\u00eda alimentaria en nuestra regi\u00f3n. Esto se traduce en mejoras productivas, acceso a financiamiento, capacitaci\u00f3n y un acompa\u00f1amiento continuo en terreno, promoviendo una agricultura m\u00e1s moderna, eficiente y adaptada al entorno local.<\/p>\n<\/div><\/section><\/div><div  style='height:50px' class='hr hr-invisible   avia-builder-el-6  el_after_av_one_full  el_before_av_social_share '><span class='hr-inner ' ><span class='hr-inner-style'><\/span><\/span><\/div><\/p>\n<div  class='av-social-sharing-box  avia-builder-el-7  el_after_av_hr  el_before_av_hr  '><div class='av-share-box'><h5 class='av-share-link-description av-no-toc '>Compartir esta noticia<\/h5><ul class='av-share-box-list noLightbox'><li class='av-share-link av-social-link-facebook' ><a target=\"_blank\" aria-label=\"Compartir en Facebook\" href='https:\/\/www.facebook.com\/sharer.php?u=https:\/\/radiorevelacionfm.cl\/?p=55990&#038;t=Indap%20Ays%C3%A9n%20re%C3%BAne%20a%20equipos%20Prodesal%20en%20jornada%20regional%20para%20fortalecer%20la%20agricultura%20familiar%20campesina' aria-hidden='false' data-av_icon='\ue8f3' data-av_iconfont='entypo-fontello' title='' data-avia-related-tooltip='Compartir en Facebook' rel=\"noopener\"><span class='avia_hidden_link_text'>Compartir en Facebook<\/span><\/a><\/li><li class='av-share-link av-social-link-twitter' ><a target=\"_blank\" aria-label=\"Compartir en Twitter\" href='https:\/\/twitter.com\/share?text=Indap%20Ays%C3%A9n%20re%C3%BAne%20a%20equipos%20Prodesal%20en%20jornada%20regional%20para%20fortalecer%20la%20agricultura%20familiar%20campesina&#038;url=https:\/\/radiorevelacionfm.cl\/?p=55990' aria-hidden='false' data-av_icon='\ue8f1' data-av_iconfont='entypo-fontello' title='' data-avia-related-tooltip='Compartir en Twitter' rel=\"noopener\"><span class='avia_hidden_link_text'>Compartir en Twitter<\/span><\/a><\/li><li class='av-share-link av-social-link-whatsapp' ><a target=\"_blank\" aria-label=\"Compartir en Whatsapp\" href='https:\/\/api.whatsapp.com\/send?text=https:\/\/radiorevelacionfm.cl\/?p=55990' aria-hidden='false' data-av_icon='\uf232' data-av_iconfont='entypo-fontello' title='' data-avia-related-tooltip='Compartir en Whatsapp' rel=\"noopener\"><span class='avia_hidden_link_text'>Compartir en Whatsapp<\/span><\/a><\/li><li class='av-share-link av-social-link-linkedin' ><a target=\"_blank\" aria-label=\"Compartir en LinkedIn\" href='https:\/\/linkedin.com\/shareArticle?mini=true&#038;title=Indap%20Ays%C3%A9n%20re%C3%BAne%20a%20equipos%20Prodesal%20en%20jornada%20regional%20para%20fortalecer%20la%20agricultura%20familiar%20campesina&#038;url=https:\/\/radiorevelacionfm.cl\/?p=55990' aria-hidden='false' data-av_icon='\ue8fc' data-av_iconfont='entypo-fontello' title='' data-avia-related-tooltip='Compartir en LinkedIn' rel=\"noopener\"><span class='avia_hidden_link_text'>Compartir en LinkedIn<\/span><\/a><\/li><li class='av-share-link av-social-link-mail' ><a  aria-label=\"Compartir por correo\" href='mailto:?subject=Indap%20Ays%C3%A9n%20re%C3%BAne%20a%20equipos%20Prodesal%20en%20jornada%20regional%20para%20fortalecer%20la%20agricultura%20familiar%20campesina&#038;body=https:\/\/radiorevelacionfm.cl\/?p=55990' aria-hidden='false' data-av_icon='\ue805' data-av_iconfont='entypo-fontello' title='' data-avia-related-tooltip='Compartir por correo'><span class='avia_hidden_link_text'>Compartir por correo<\/span><\/a><\/li><\/ul><\/div><\/div>\n<div  style='height:50px' class='hr hr-invisible   avia-builder-el-8  el_after_av_social_share  el_before_av_comments_list '><span class='hr-inner ' ><span class='hr-inner-style'><\/span><\/span><\/div>\n<div  class='av-buildercomment  av-blog-meta-html-info-disabled av-blog-meta-tag-disabled  '><\/div>\n","protected":false},"excerpt":{"rendered":"","protected":false},"author":1,"featured_media":55991,"comment_status":"closed","ping_status":"closed","sticky":false,"template":"","format":"standard","meta":{"footnotes":""},"categories":[58],"tags":[],"class_list":["post-55990","post","type-post","status-publish","format-standard","has-post-thumbnail","hentry","category-agricultura"],"jetpack_featured_media_url":"https:\/\/radiorevelacionfm.cl\/wp-content\/uploads\/2025\/07\/encuentro-prodesal-1-1-1_optimized-1.jpg","_links":{"self":[{"href":"https:\/\/radiorevelacionfm.cl\/index.php?rest_route=\/wp\/v2\/posts\/55990","targetHints":{"allow":["GET"]}}],"collection":[{"href":"https:\/\/radiorevelacionfm.cl\/index.php?rest_route=\/wp\/v2\/posts"}],"about":[{"href":"https:\/\/radiorevelacionfm.cl\/index.php?rest_route=\/wp\/v2\/types\/post"}],"author":[{"embeddable":true,"href":"https:\/\/radiorevelacionfm.cl\/index.php?rest_route=\/wp\/v2\/users\/1"}],"replies":[{"embeddable":true,"href":"https:\/\/radiorevelacionfm.cl\/index.php?rest_route=%2Fwp%2Fv2%2Fcomments&post=55990"}],"version-history":[{"count":2,"href":"https:\/\/radiorevelacionfm.cl\/index.php?rest_route=\/wp\/v2\/posts\/55990\/revisions"}],"predecessor-version":[{"id":55993,"href":"https:\/\/radiorevelacionfm.cl\/index.php?rest_route=\/wp\/v2\/posts\/55990\/revisions\/55993"}],"wp:featuredmedia":[{"embeddable":true,"href":"https:\/\/radiorevelacionfm.cl\/index.php?rest_route=\/wp\/v2\/media\/55991"}],"wp:attachment":[{"href":"https:\/\/radiorevelacionfm.cl\/index.php?rest_route=%2Fwp%2Fv2%2Fmedia&parent=55990"}],"wp:term":[{"taxonomy":"category","embeddable":true,"href":"https:\/\/radiorevelacionfm.cl\/index.php?rest_route=%2Fwp%2Fv2%2Fcategories&post=55990"},{"taxonomy":"post_tag","embeddable":true,"href":"https:\/\/radiorevelacionfm.cl\/index.php?rest_route=%2Fwp%2Fv2%2Ftags&post=55990"}],"curies":[{"name":"wp","href":"https:\/\/api.w.org\/{rel}","templated":true}]}}