{"id":5599,"date":"2021-06-24T14:59:00","date_gmt":"2021-06-24T17:59:00","guid":{"rendered":"https:\/\/radiorevelacionfm.cl\/?p=5599"},"modified":"2021-06-24T14:59:00","modified_gmt":"2021-06-24T17:59:00","slug":"alcalde-recabal-realizo-gestiones-ante-subdere-para-obtener-terreno-para-familias-del-comite-villa-austral","status":"publish","type":"post","link":"https:\/\/radiorevelacionfm.cl\/?p=5599","title":{"rendered":"Alcalde Recabal realiz\u00f3 gestiones ante Subdere para obtener terreno para familias del comit\u00e9 Villa Austral"},"content":{"rendered":"<div class=\"flex_column av_one_full  flex_column_div av-zero-column-padding first  avia-builder-el-0  el_before_av_one_full  avia-builder-el-first  \" style='border-radius:0px; '><div  class='avia-image-container  av-styling-    avia-builder-el-1  avia-builder-el-no-sibling  avia-align-center '  itemprop=\"image\" itemscope=\"itemscope\" itemtype=\"https:\/\/schema.org\/ImageObject\"  ><div class='avia-image-container-inner'><div class='avia-image-overlay-wrap'><img decoding=\"async\" class='wp-image-5600 avia-img-lazy-loading-not-5600 avia_image' src=\"https:\/\/radiorevelacionfm.cl\/wp-content\/uploads\/2021\/06\/REUNION-CON-SUBDERE-1.jpeg\" alt='' title='REUNION CON SUBDERE (1)' height=\"600\" width=\"1067\"  itemprop=\"thumbnailUrl\" srcset=\"https:\/\/radiorevelacionfm.cl\/wp-content\/uploads\/2021\/06\/REUNION-CON-SUBDERE-1.jpeg 1067w, https:\/\/radiorevelacionfm.cl\/wp-content\/uploads\/2021\/06\/REUNION-CON-SUBDERE-1-300x169.jpeg 300w, https:\/\/radiorevelacionfm.cl\/wp-content\/uploads\/2021\/06\/REUNION-CON-SUBDERE-1-1030x579.jpeg 1030w, https:\/\/radiorevelacionfm.cl\/wp-content\/uploads\/2021\/06\/REUNION-CON-SUBDERE-1-768x432.jpeg 768w, https:\/\/radiorevelacionfm.cl\/wp-content\/uploads\/2021\/06\/REUNION-CON-SUBDERE-1-705x396.jpeg 705w, https:\/\/radiorevelacionfm.cl\/wp-content\/uploads\/2021\/06\/REUNION-CON-SUBDERE-1-600x337.jpeg 600w\" sizes=\"(max-width: 1067px) 100vw, 1067px\" \/><\/div><\/div><\/div><\/div><div class=\"flex_column av_one_full  flex_column_div av-zero-column-padding first  avia-builder-el-2  el_after_av_one_full  el_before_av_one_full  column-top-margin\" style='border-radius:0px; '><section class=\"av_textblock_section \"  itemscope=\"itemscope\" itemtype=\"https:\/\/schema.org\/BlogPosting\" itemprop=\"blogPost\" ><div class='avia_textblock  '   itemprop=\"text\" ><p style=\"text-align: center;\"><strong><span style=\"font-size: 18pt;\">Alcalde Recabal realiz\u00f3 gestiones ante Subdere para obtener terreno para familias del comit\u00e9 Villa Austral<\/span><\/strong><\/p>\n<div id=\"gtx-trans\" style=\"position: absolute; left: -50px; top: 4.31534px;\">\n<div class=\"gtx-trans-icon\"><\/div>\n<\/div>\n<\/div><\/section><\/div><div class=\"flex_column av_one_full  flex_column_div av-zero-column-padding first  avia-builder-el-4  el_after_av_one_full  el_before_av_hr  column-top-margin\" style='border-radius:0px; '><section class=\"av_textblock_section \"  itemscope=\"itemscope\" itemtype=\"https:\/\/schema.org\/BlogPosting\" itemprop=\"blogPost\" ><div class='avia_textblock  '   itemprop=\"text\" ><p class=\"v1MsoNormal\" style=\"text-align: justify;\">Son diversas las gestiones que efectu\u00f3 en Santiago el alcalde Roberto Recabal, entre ellas la solicitud formal de recursos para un terreno donde se busca emplazar, con soluciones habitacionales, a las 30 familias del comit\u00e9 Villa Austral.<\/p>\n<p class=\"v1MsoNormal\" style=\"text-align: justify;\">Al respecto, el actual jefe comunal se\u00f1al\u00f3 que \u00absostuvimos entrevista con Subdere, en conjunto con la se\u00f1ora Daniela Espinoza, presidenta del comit\u00e9 Villa Austral, para ingresar proyecto PMV, adquisici\u00f3n terreno para dicho comit\u00e9. Esperamos y deseamos que avance lo m\u00e1s r\u00e1pido posible, para as\u00ed lograr el sue\u00f1o de la casa propia\u00bb.<\/p>\n<p class=\"v1MsoNormal\" style=\"text-align: justify;\">En la cita se reunieron con Pilar Cuevas, Jefa Divisi\u00f3n Municipalidades Subdere, con el fin de agilizar esta propuesta que apunta a tener certezas respecto del terreno para la construcci\u00f3n de casas en la austral comuna. Al respecto destac\u00f3 que la cita sirvi\u00f3 \u00abpara analizar este proyecto tan bonito asociado a construcci\u00f3n de viviendas en Villa O&#8217;Higgins, donde cuesta todo tanto y es tan dif\u00edcil poder avanzar en la obtenci\u00f3n de terrenos y los subsidios finales para 32 familias, hemos recibido la carpeta, el proyecto est\u00e1 creado en la Subdere, ahora solo falta realizar el an\u00e1lisis jur\u00eddico para llegar a buen puerto, es una gesti\u00f3n muy importante, agradecemos al alcalde Recabal, que aun cuando est\u00e1 preparando su entrega, sigue preocupado del bienestar de los vecinos\u00bb.<\/p>\n<p class=\"v1MsoNormal\" style=\"text-align: justify;\">En torno a esta reuni\u00f3n, Daniela Espinoza, presidenta del comit\u00e9 Villa Austral, indic\u00f3 que \u00abagradezco el compromiso con la comuna y en especial con nosotros, para m\u00ed es un honor como dirigente poder transmitir y hacer llegar nuestra problem\u00e1tica habitacional hasta la capital, porque nuestro compromiso es hacer que este gran trabajo d\u00e9 frutos, para poder optar al sue\u00f1o de la casa propia, ac\u00e1 donde hacemos patria, en lo \u00faltimo de la carretera Austral, es por ello que este viaje a Santiago es un gran paso para la adquisici\u00f3n de nuestro terreno, a corto o mediano plazo\u00bb.<\/p>\n<p class=\"v1MsoNormal\" style=\"text-align: justify;\">La representante del comit\u00e9 de viviendas Villa Austral, finalmente agradeci\u00f3 las gestiones del alcalde Roberto Recabal y de Pilar Cuevas en torno a agilizar la tramitaci\u00f3n de este proyecto, que busca otorgar soluci\u00f3n habitacional definitiva a 32 familias de la lejana comuna de O&#8217;Higgins.<\/p>\n<\/div><\/section><\/div><div  style='height:50px' class='hr hr-invisible   avia-builder-el-6  el_after_av_one_full  el_before_av_social_share '><span class='hr-inner ' ><span class='hr-inner-style'><\/span><\/span><\/div><\/p>\n<div  class='av-social-sharing-box  avia-builder-el-7  el_after_av_hr  el_before_av_hr  '><div class='av-share-box'><h5 class='av-share-link-description av-no-toc '>Compartir esta noticia<\/h5><ul class='av-share-box-list noLightbox'><li class='av-share-link av-social-link-facebook' ><a target=\"_blank\" aria-label=\"Compartir en Facebook\" href='https:\/\/www.facebook.com\/sharer.php?u=https:\/\/radiorevelacionfm.cl\/?p=5599&#038;t=Alcalde%20Recabal%20realiz%C3%B3%20gestiones%20ante%20Subdere%20para%20obtener%20terreno%20para%20familias%20del%20comit%C3%A9%20Villa%20Austral' aria-hidden='false' data-av_icon='\ue8f3' data-av_iconfont='entypo-fontello' title='' data-avia-related-tooltip='Compartir en Facebook' rel=\"noopener\"><span class='avia_hidden_link_text'>Compartir en Facebook<\/span><\/a><\/li><li class='av-share-link av-social-link-twitter' ><a target=\"_blank\" aria-label=\"Compartir en Twitter\" href='https:\/\/twitter.com\/share?text=Alcalde%20Recabal%20realiz%C3%B3%20gestiones%20ante%20Subdere%20para%20obtener%20terreno%20para%20familias%20del%20comit%C3%A9%20Villa%20Austral&#038;url=https:\/\/radiorevelacionfm.cl\/?p=5599' aria-hidden='false' data-av_icon='\ue8f1' data-av_iconfont='entypo-fontello' title='' data-avia-related-tooltip='Compartir en Twitter' rel=\"noopener\"><span class='avia_hidden_link_text'>Compartir en Twitter<\/span><\/a><\/li><li class='av-share-link av-social-link-whatsapp' ><a target=\"_blank\" aria-label=\"Compartir en Whatsapp\" href='https:\/\/api.whatsapp.com\/send?text=https:\/\/radiorevelacionfm.cl\/?p=5599' aria-hidden='false' data-av_icon='\uf232' data-av_iconfont='entypo-fontello' title='' data-avia-related-tooltip='Compartir en Whatsapp' rel=\"noopener\"><span class='avia_hidden_link_text'>Compartir en Whatsapp<\/span><\/a><\/li><li class='av-share-link av-social-link-linkedin' ><a target=\"_blank\" aria-label=\"Compartir en LinkedIn\" href='https:\/\/linkedin.com\/shareArticle?mini=true&#038;title=Alcalde%20Recabal%20realiz%C3%B3%20gestiones%20ante%20Subdere%20para%20obtener%20terreno%20para%20familias%20del%20comit%C3%A9%20Villa%20Austral&#038;url=https:\/\/radiorevelacionfm.cl\/?p=5599' aria-hidden='false' data-av_icon='\ue8fc' data-av_iconfont='entypo-fontello' title='' data-avia-related-tooltip='Compartir en LinkedIn' rel=\"noopener\"><span class='avia_hidden_link_text'>Compartir en LinkedIn<\/span><\/a><\/li><li class='av-share-link av-social-link-mail' ><a  aria-label=\"Compartir por correo\" href='mailto:?subject=Alcalde%20Recabal%20realiz%C3%B3%20gestiones%20ante%20Subdere%20para%20obtener%20terreno%20para%20familias%20del%20comit%C3%A9%20Villa%20Austral&#038;body=https:\/\/radiorevelacionfm.cl\/?p=5599' aria-hidden='false' data-av_icon='\ue805' data-av_iconfont='entypo-fontello' title='' data-avia-related-tooltip='Compartir por correo'><span class='avia_hidden_link_text'>Compartir por correo<\/span><\/a><\/li><\/ul><\/div><\/div>\n<div  style='height:50px' class='hr hr-invisible   avia-builder-el-8  el_after_av_social_share  el_before_av_comments_list '><span class='hr-inner ' ><span class='hr-inner-style'><\/span><\/span><\/div>\n<div  class='av-buildercomment  av-blog-meta-html-info-disabled av-blog-meta-tag-disabled  '><\/div>\n","protected":false},"excerpt":{"rendered":"","protected":false},"author":1,"featured_media":5600,"comment_status":"open","ping_status":"open","sticky":false,"template":"","format":"standard","meta":{"footnotes":""},"categories":[38],"tags":[],"class_list":["post-5599","post","type-post","status-publish","format-standard","has-post-thumbnail","hentry","category-regional"],"jetpack_featured_media_url":"https:\/\/radiorevelacionfm.cl\/wp-content\/uploads\/2021\/06\/REUNION-CON-SUBDERE-1.jpeg","_links":{"self":[{"href":"https:\/\/radiorevelacionfm.cl\/index.php?rest_route=\/wp\/v2\/posts\/5599","targetHints":{"allow":["GET"]}}],"collection":[{"href":"https:\/\/radiorevelacionfm.cl\/index.php?rest_route=\/wp\/v2\/posts"}],"about":[{"href":"https:\/\/radiorevelacionfm.cl\/index.php?rest_route=\/wp\/v2\/types\/post"}],"author":[{"embeddable":true,"href":"https:\/\/radiorevelacionfm.cl\/index.php?rest_route=\/wp\/v2\/users\/1"}],"replies":[{"embeddable":true,"href":"https:\/\/radiorevelacionfm.cl\/index.php?rest_route=%2Fwp%2Fv2%2Fcomments&post=5599"}],"version-history":[{"count":1,"href":"https:\/\/radiorevelacionfm.cl\/index.php?rest_route=\/wp\/v2\/posts\/5599\/revisions"}],"predecessor-version":[{"id":5601,"href":"https:\/\/radiorevelacionfm.cl\/index.php?rest_route=\/wp\/v2\/posts\/5599\/revisions\/5601"}],"wp:featuredmedia":[{"embeddable":true,"href":"https:\/\/radiorevelacionfm.cl\/index.php?rest_route=\/wp\/v2\/media\/5600"}],"wp:attachment":[{"href":"https:\/\/radiorevelacionfm.cl\/index.php?rest_route=%2Fwp%2Fv2%2Fmedia&parent=5599"}],"wp:term":[{"taxonomy":"category","embeddable":true,"href":"https:\/\/radiorevelacionfm.cl\/index.php?rest_route=%2Fwp%2Fv2%2Fcategories&post=5599"},{"taxonomy":"post_tag","embeddable":true,"href":"https:\/\/radiorevelacionfm.cl\/index.php?rest_route=%2Fwp%2Fv2%2Ftags&post=5599"}],"curies":[{"name":"wp","href":"https:\/\/api.w.org\/{rel}","templated":true}]}}