{"id":55986,"date":"2025-07-02T10:43:47","date_gmt":"2025-07-02T13:43:47","guid":{"rendered":"https:\/\/radiorevelacionfm.cl\/?p=55986"},"modified":"2025-07-02T10:43:47","modified_gmt":"2025-07-02T13:43:47","slug":"seremi-de-educacion-visito-establecimientos-educacionales-de-las-comunas-de-rio-ibanez-y-chile-chico","status":"publish","type":"post","link":"https:\/\/radiorevelacionfm.cl\/?p=55986","title":{"rendered":"Seremi de Educaci\u00f3n visit\u00f3 establecimientos educacionales de las comunas de R\u00edo Ib\u00e1\u00f1ez y Chile Chico"},"content":{"rendered":"<div class=\"flex_column av_one_full  flex_column_div av-zero-column-padding first  avia-builder-el-0  el_before_av_one_full  avia-builder-el-first  \" style='border-radius:0px; '><div  class='avia-image-container  av-styling-    avia-builder-el-1  avia-builder-el-no-sibling  avia-align-center '  itemprop=\"image\" itemscope=\"itemscope\" itemtype=\"https:\/\/schema.org\/ImageObject\"  ><div class='avia-image-container-inner'><div class='avia-image-overlay-wrap'><img decoding=\"async\" class='wp-image-55987 avia-img-lazy-loading-not-55987 avia_image' src=\"https:\/\/radiorevelacionfm.cl\/wp-content\/uploads\/2025\/07\/Escuela-Bahia-Murta-1-1.jpeg\" alt='' title='Escuela Bah\u00eda Murta (1) (1)' height=\"600\" width=\"898\"  itemprop=\"thumbnailUrl\" srcset=\"https:\/\/radiorevelacionfm.cl\/wp-content\/uploads\/2025\/07\/Escuela-Bahia-Murta-1-1.jpeg 898w, https:\/\/radiorevelacionfm.cl\/wp-content\/uploads\/2025\/07\/Escuela-Bahia-Murta-1-1-300x200.jpeg 300w, https:\/\/radiorevelacionfm.cl\/wp-content\/uploads\/2025\/07\/Escuela-Bahia-Murta-1-1-768x513.jpeg 768w, https:\/\/radiorevelacionfm.cl\/wp-content\/uploads\/2025\/07\/Escuela-Bahia-Murta-1-1-705x471.jpeg 705w, https:\/\/radiorevelacionfm.cl\/wp-content\/uploads\/2025\/07\/Escuela-Bahia-Murta-1-1-450x301.jpeg 450w, https:\/\/radiorevelacionfm.cl\/wp-content\/uploads\/2025\/07\/Escuela-Bahia-Murta-1-1-600x401.jpeg 600w\" sizes=\"(max-width: 898px) 100vw, 898px\" \/><\/div><\/div><\/div><\/div><div class=\"flex_column av_one_full  flex_column_div av-zero-column-padding first  avia-builder-el-2  el_after_av_one_full  el_before_av_one_full  column-top-margin\" style='border-radius:0px; '><section class=\"av_textblock_section \"  itemscope=\"itemscope\" itemtype=\"https:\/\/schema.org\/BlogPosting\" itemprop=\"blogPost\" ><div class='avia_textblock  '   itemprop=\"text\" ><p style=\"text-align: center;\"><span style=\"font-size: 18pt;\"><b>Seremi de Educaci\u00f3n visit\u00f3 establecimientos educacionales de las comunas de R\u00edo Ib\u00e1\u00f1ez y Chile Chico<\/b><\/span><\/p>\n<div id=\"gtx-trans\" style=\"position: absolute; left: -50px; top: 4.31534px;\">\n<div class=\"gtx-trans-icon\"><\/div>\n<\/div>\n<\/div><\/section><\/div><div class=\"flex_column av_one_full  flex_column_div av-zero-column-padding first  avia-builder-el-4  el_after_av_one_full  el_before_av_hr  column-top-margin\" style='border-radius:0px; '><section class=\"av_textblock_section \"  itemscope=\"itemscope\" itemtype=\"https:\/\/schema.org\/BlogPosting\" itemprop=\"blogPost\" ><div class='avia_textblock  '   itemprop=\"text\" ><p class=\"v1MsoNormal\" style=\"text-align: justify;\" align=\"center\"><em>Durante su visita Katherine Miqueles destac\u00f3 la inversi\u00f3n sectorial concretada en el mejoramiento de infraestructura educacional concretada en la comuna de R\u00edo Ib\u00e1\u00f1ez.<\/em><\/p>\n<p class=\"v1MsoNormal\" style=\"text-align: justify;\">La Seremi de Educaci\u00f3n Katherine Miqueles desarroll\u00f3 dos jornadas de trabajo en terreno en la zona sur de la regi\u00f3n, con el objetivo de tomar contacto directo con los establecimientos educacionales en las localidades de las comunas de R\u00edo Ib\u00e1\u00f1ez y Chile Chico, la cuenca del Lago General Carrera o territorio del Chelenko.<\/p>\n<p class=\"v1MsoNormal\" style=\"text-align: justify;\">Su primera actividad fue la visita al Liceo Bicentenario Rural Cerro Castillo de la comuna, espacio d\u00f3nde junto al equipo directivo liderado por el docente Franco N\u00fa\u00f1ez abord\u00f3 diversos desaf\u00edos y comprometi\u00f3 gestiones. Esta comunidad educativa ha sido reconocida internacionalmente por su especialidad de Servicios de Turismo, dando ejemplo de una Educaci\u00f3n contextualizada al territorio y con enfoque en la naturaleza.<\/p>\n<p class=\"v1MsoNormal\" style=\"text-align: justify;\">En su segunda visita a establecimientos de la zona sur, Katherine Miqueles lleg\u00f3 a la Escuela Carretera Austral de Bah\u00eda Murta, plantel en el que se han\u00a0 concretado obras de acondicionamiento t\u00e9rmico por parte del Ministerio de Energ\u00eda con un presupuesto final de $331.392.742, ejecutado por la Agencia de Sostenibilidad Energ\u00e9tica y tambi\u00e9n se realiz\u00f3 la conservaci\u00f3n de techumbre del establecimiento y evacuaci\u00f3n aguas lluvias, conservaci\u00f3n cierres exteriores (perimetral, acceso principal), conservaci\u00f3n pisos, \u00e1reas comedor, pabellones, hall patio cubierto, salas de clases, inspector\u00eda y enfermer\u00eda ex internado, conservaci\u00f3n ex internado, remodelaci\u00f3n de ba\u00f1os (pisos, muros, redes agua potable, redes alcantarillado, redes el\u00e9ctricas, cielos, reposici\u00f3n artefactos sanitarios), pisos pasillo y recintos, implementaci\u00f3n cierre divisorio con acceso a \u00e1rea de gimnasio. Todo lo anterior fue financiado con recursos del Ministerio de Educaci\u00f3n por un monto de $408.146.270 pesos. All\u00ed, Katherine Miqueles dialog\u00f3 con el director Juan Osorio y el gestor del Slep Ays\u00e9n en el territorio Chelenko Jorge Pillancari con quienes abord\u00f3 los desaf\u00edos de los establecimientos educacionales bajo su administraci\u00f3n.<\/p>\n<p class=\"v1MsoNormal\" style=\"text-align: justify;\">El director del plantel Juan Osorio destac\u00f3 la visita de la autoridad. \u201cLa visita de la seremi y del gestor territorial Slep a nuestra escuela nos permiti\u00f3 abordar temas de inter\u00e9s, tales como establecer nexos para concretar espacios de capacitaci\u00f3n, perfeccionamiento y actualizaci\u00f3n para nuestros profesores que nos entreguen herramientas para avanzar en la mejora de los procesos de ense\u00f1anza aprendizaje\u201d. Juan Osorio tambi\u00e9n destac\u00f3 el mejoramiento de infraestructura que ha tenido el edificio educacional.<\/p>\n<p class=\"v1MsoNormal\" style=\"text-align: justify;\">\u201cEn nuestra escuela se han ejecutado desde el a\u00f1o 2022 a 2024 importantes proyectos de mejoramiento de infraestructura, que\u00a0 han generado un espacio de confort y bienestar para los estudiantes y profesores; aportando eficiencia energ\u00e9tica y sostenibilidad a nuestro establecimiento. Esto ha tenido hasta el momento una evaluaci\u00f3n muy positiva por parte de nuestra comunidad escolar\u201d.<\/p>\n<p class=\"v1MsoNormal\" style=\"text-align: justify;\">En la comuna de R\u00edo Ib\u00e1\u00f1ez se han concretado obras de mejoramiento de infraestructura por un monto superior a los 556 millones de pesos financiados por el Ministerio de Educaci\u00f3n.<\/p>\n<p class=\"v1MsoNormal\" style=\"text-align: justify;\">La primera jornada en terreno en la zona sur finaliz\u00f3 con una reuni\u00f3n de la seremi Katherine Miqueles con la directora de la Escuela Gabriela Mistral de la localidad de Puerto R\u00edo Tranquilo M\u00f3nica Arellano. Con un sello de interacci\u00f3n con la naturaleza, esta escuela es el centro cultural y comunitario de la localidad y este a\u00f1o ha aumentado su matr\u00edcula y fortalecido sus gestiones a trav\u00e9s de la nueva educaci\u00f3n p\u00fablica.<\/p>\n<p class=\"v1MsoNormal\" style=\"text-align: justify;\">En su segundo d\u00eda de trabajo en terreno Katherine Miqueles lleg\u00f3 a Puerto Bertrand donde asisti\u00f3 a una significativa ceremonia para la localidad y su comunidad educativa. El hist\u00f3rico establecimiento educacional, que hasta hoy se llamaba \u00abEscuela G-45 de Puerto Bertrand\u00bb cambia de nombre a \u00abEscuela P\u00fablica Nacimiento del Baker\u00bb, en honor al gigante caudal que comienza su recorrido en este territorio. El proceso de cambio de nombre comenz\u00f3 el a\u00f1o pasado con encuentros y entrevistas que las y los estudiantes hicieron con pioneros del R\u00edo Baker para luego realizar un proceso participativo con toda la comunidad de Puerto Bertrand.<\/p>\n<p class=\"v1MsoNormal\" style=\"text-align: justify;\">As\u00ed comenz\u00f3 un nuevo ciclo para la Escuela, con nuevo nombre, logo e himno institucional y por medio de su directora Paulina Barros Carrion, damos las gracias por la invitaci\u00f3n y reafirmamos el diario compromiso con la Educaci\u00f3n Rural de la Regi\u00f3n de Ays\u00e9n.<\/p>\n<p class=\"v1MsoNormal\" style=\"text-align: justify;\">La \u00faltima escala de las jornadas en terreno de la Seremi de Educaci\u00f3n fue la Escuela Libertador Bernardo O&#8217;Higgins de Puerto Guadal que dirige la docente Cecilia Rosas, con quien\u00a0 convers\u00f3 sobre\u00a0 los desaf\u00edos culturales, educativos y presupuestarios de las escuelas rurales al interior de nuestra Regi\u00f3n, donde son el centro principal de sus localidades. Adem\u00e1s, conoci\u00f3 algunos proyectos desarrollados en la Escuela que aportan en temas tan relevantes como el car\u00e1cter y salud mental y la Educaci\u00f3n en la naturaleza. Finalmente, conocimos los avances en la implementaci\u00f3n de su nueva biblioteca escolar CRA y llevamos como presente los libros \u00abEl Pirata \u00d1ancupel\u00bb del escritor regional Enrique Vald\u00e9s y la Antolog\u00eda Dramat\u00fargica de la compa\u00f1\u00eda regional Teatro Huevo.<\/p>\n<p class=\"v1MsoNormal\" style=\"text-align: justify;\">Al concluir su periplo por ambas comunas lacustres, Katherine Miqueles hizo un positivo balance del encuentro con las comunidades educativas.<\/p>\n<p class=\"v1MsoNormal\" style=\"text-align: justify;\">\u201cDurante dos d\u00edas de trabajo en terreno por la zona sur de nuestra regi\u00f3n, espec\u00edficamente en el territorio Chelenko hemos visitado cuatro establecimientos educacionales. El Liceo Bicentenario Rural Cerro Castillo, Escuela Carretera Austral de Murta y Escuela Gabriela Mistral de Puerto Tranquilo. Estos tres establecimientos pertenecen a la comuna de R\u00edo Ib\u00e1\u00f1ez y est\u00e1n insertos en un potente entorno natural. Como Ministerio de Educaci\u00f3n hemos invertido en este periodo importantes recursos para el mejoramiento de su infraestructura a fin de entregar bienestar y confort a sus estudiantes, profesores y asistentes de la educaci\u00f3n. Tambi\u00e9n hemos estado en la comuna de Chile Chico donde se ha concretado el cambio de nombre de la Escuela de Puerto Bertrand que desde hoy pasa a llamarse Escuela P\u00fablica Nacimiento del Baker, tras un valioso proceso de participaci\u00f3n local\u201d.<\/p>\n<\/div><\/section><\/div><div  style='height:50px' class='hr hr-invisible   avia-builder-el-6  el_after_av_one_full  el_before_av_social_share '><span class='hr-inner ' ><span class='hr-inner-style'><\/span><\/span><\/div><\/p>\n<div  class='av-social-sharing-box  avia-builder-el-7  el_after_av_hr  el_before_av_hr  '><div class='av-share-box'><h5 class='av-share-link-description av-no-toc '>Compartir esta noticia<\/h5><ul class='av-share-box-list noLightbox'><li class='av-share-link av-social-link-facebook' ><a target=\"_blank\" aria-label=\"Compartir en Facebook\" href='https:\/\/www.facebook.com\/sharer.php?u=https:\/\/radiorevelacionfm.cl\/?p=55986&#038;t=Seremi%20de%20Educaci%C3%B3n%20visit%C3%B3%20establecimientos%20educacionales%20de%20las%20comunas%20de%20R%C3%ADo%20Ib%C3%A1%C3%B1ez%20y%20Chile%20Chico' aria-hidden='false' data-av_icon='\ue8f3' data-av_iconfont='entypo-fontello' title='' data-avia-related-tooltip='Compartir en Facebook' rel=\"noopener\"><span class='avia_hidden_link_text'>Compartir en Facebook<\/span><\/a><\/li><li class='av-share-link av-social-link-twitter' ><a target=\"_blank\" aria-label=\"Compartir en Twitter\" href='https:\/\/twitter.com\/share?text=Seremi%20de%20Educaci%C3%B3n%20visit%C3%B3%20establecimientos%20educacionales%20de%20las%20comunas%20de%20R%C3%ADo%20Ib%C3%A1%C3%B1ez%20y%20Chile%20Chico&#038;url=https:\/\/radiorevelacionfm.cl\/?p=55986' aria-hidden='false' data-av_icon='\ue8f1' data-av_iconfont='entypo-fontello' title='' data-avia-related-tooltip='Compartir en Twitter' rel=\"noopener\"><span class='avia_hidden_link_text'>Compartir en Twitter<\/span><\/a><\/li><li class='av-share-link av-social-link-whatsapp' ><a target=\"_blank\" aria-label=\"Compartir en Whatsapp\" href='https:\/\/api.whatsapp.com\/send?text=https:\/\/radiorevelacionfm.cl\/?p=55986' aria-hidden='false' data-av_icon='\uf232' data-av_iconfont='entypo-fontello' title='' data-avia-related-tooltip='Compartir en Whatsapp' rel=\"noopener\"><span class='avia_hidden_link_text'>Compartir en Whatsapp<\/span><\/a><\/li><li class='av-share-link av-social-link-linkedin' ><a target=\"_blank\" aria-label=\"Compartir en LinkedIn\" href='https:\/\/linkedin.com\/shareArticle?mini=true&#038;title=Seremi%20de%20Educaci%C3%B3n%20visit%C3%B3%20establecimientos%20educacionales%20de%20las%20comunas%20de%20R%C3%ADo%20Ib%C3%A1%C3%B1ez%20y%20Chile%20Chico&#038;url=https:\/\/radiorevelacionfm.cl\/?p=55986' aria-hidden='false' data-av_icon='\ue8fc' data-av_iconfont='entypo-fontello' title='' data-avia-related-tooltip='Compartir en LinkedIn' rel=\"noopener\"><span class='avia_hidden_link_text'>Compartir en LinkedIn<\/span><\/a><\/li><li class='av-share-link av-social-link-mail' ><a  aria-label=\"Compartir por correo\" href='mailto:?subject=Seremi%20de%20Educaci%C3%B3n%20visit%C3%B3%20establecimientos%20educacionales%20de%20las%20comunas%20de%20R%C3%ADo%20Ib%C3%A1%C3%B1ez%20y%20Chile%20Chico&#038;body=https:\/\/radiorevelacionfm.cl\/?p=55986' aria-hidden='false' data-av_icon='\ue805' data-av_iconfont='entypo-fontello' title='' data-avia-related-tooltip='Compartir por correo'><span class='avia_hidden_link_text'>Compartir por correo<\/span><\/a><\/li><\/ul><\/div><\/div>\n<div  style='height:50px' class='hr hr-invisible   avia-builder-el-8  el_after_av_social_share  el_before_av_comments_list '><span class='hr-inner ' ><span class='hr-inner-style'><\/span><\/span><\/div>\n<div  class='av-buildercomment  av-blog-meta-html-info-disabled av-blog-meta-tag-disabled  '><\/div>\n","protected":false},"excerpt":{"rendered":"","protected":false},"author":1,"featured_media":55987,"comment_status":"closed","ping_status":"closed","sticky":false,"template":"","format":"standard","meta":{"footnotes":""},"categories":[49],"tags":[],"class_list":["post-55986","post","type-post","status-publish","format-standard","has-post-thumbnail","hentry","category-educacion"],"jetpack_featured_media_url":"https:\/\/radiorevelacionfm.cl\/wp-content\/uploads\/2025\/07\/Escuela-Bahia-Murta-1-1.jpeg","_links":{"self":[{"href":"https:\/\/radiorevelacionfm.cl\/index.php?rest_route=\/wp\/v2\/posts\/55986","targetHints":{"allow":["GET"]}}],"collection":[{"href":"https:\/\/radiorevelacionfm.cl\/index.php?rest_route=\/wp\/v2\/posts"}],"about":[{"href":"https:\/\/radiorevelacionfm.cl\/index.php?rest_route=\/wp\/v2\/types\/post"}],"author":[{"embeddable":true,"href":"https:\/\/radiorevelacionfm.cl\/index.php?rest_route=\/wp\/v2\/users\/1"}],"replies":[{"embeddable":true,"href":"https:\/\/radiorevelacionfm.cl\/index.php?rest_route=%2Fwp%2Fv2%2Fcomments&post=55986"}],"version-history":[{"count":2,"href":"https:\/\/radiorevelacionfm.cl\/index.php?rest_route=\/wp\/v2\/posts\/55986\/revisions"}],"predecessor-version":[{"id":55989,"href":"https:\/\/radiorevelacionfm.cl\/index.php?rest_route=\/wp\/v2\/posts\/55986\/revisions\/55989"}],"wp:featuredmedia":[{"embeddable":true,"href":"https:\/\/radiorevelacionfm.cl\/index.php?rest_route=\/wp\/v2\/media\/55987"}],"wp:attachment":[{"href":"https:\/\/radiorevelacionfm.cl\/index.php?rest_route=%2Fwp%2Fv2%2Fmedia&parent=55986"}],"wp:term":[{"taxonomy":"category","embeddable":true,"href":"https:\/\/radiorevelacionfm.cl\/index.php?rest_route=%2Fwp%2Fv2%2Fcategories&post=55986"},{"taxonomy":"post_tag","embeddable":true,"href":"https:\/\/radiorevelacionfm.cl\/index.php?rest_route=%2Fwp%2Fv2%2Ftags&post=55986"}],"curies":[{"name":"wp","href":"https:\/\/api.w.org\/{rel}","templated":true}]}}