{"id":55980,"date":"2025-07-02T11:07:05","date_gmt":"2025-07-02T14:07:05","guid":{"rendered":"https:\/\/radiorevelacionfm.cl\/?p=55980"},"modified":"2025-07-02T11:14:32","modified_gmt":"2025-07-02T14:14:32","slug":"uaysen-firma-convenio-con-mop-aysen-que-impulsara-el-crecimiento-de-su-infraestructura","status":"publish","type":"post","link":"https:\/\/radiorevelacionfm.cl\/?p=55980","title":{"rendered":"UAys\u00e9n firma convenio con Direcci\u00f3n Regional de Arquitectura del MOP que impulsar\u00e1 el crecimiento de su infraestructura"},"content":{"rendered":"<div class=\"flex_column av_one_full  flex_column_div av-zero-column-padding first  avia-builder-el-0  el_before_av_one_full  avia-builder-el-first  \" style='border-radius:0px; '><div  class='avia-image-container  av-styling-    avia-builder-el-1  avia-builder-el-no-sibling  avia-align-center '  itemprop=\"image\" itemscope=\"itemscope\" itemtype=\"https:\/\/schema.org\/ImageObject\"  ><div class='avia-image-container-inner'><div class='avia-image-overlay-wrap'><img decoding=\"async\" class='wp-image-55981 avia-img-lazy-loading-not-55981 avia_image' src=\"https:\/\/radiorevelacionfm.cl\/wp-content\/uploads\/2025\/07\/IMG_9148-2-1-1.jpg\" alt='' title='IMG_9148 (2) (1) (1)' height=\"600\" width=\"981\"  itemprop=\"thumbnailUrl\" srcset=\"https:\/\/radiorevelacionfm.cl\/wp-content\/uploads\/2025\/07\/IMG_9148-2-1-1.jpg 981w, https:\/\/radiorevelacionfm.cl\/wp-content\/uploads\/2025\/07\/IMG_9148-2-1-1-300x183.jpg 300w, https:\/\/radiorevelacionfm.cl\/wp-content\/uploads\/2025\/07\/IMG_9148-2-1-1-768x470.jpg 768w, https:\/\/radiorevelacionfm.cl\/wp-content\/uploads\/2025\/07\/IMG_9148-2-1-1-705x431.jpg 705w, https:\/\/radiorevelacionfm.cl\/wp-content\/uploads\/2025\/07\/IMG_9148-2-1-1-450x275.jpg 450w, https:\/\/radiorevelacionfm.cl\/wp-content\/uploads\/2025\/07\/IMG_9148-2-1-1-600x367.jpg 600w\" sizes=\"(max-width: 981px) 100vw, 981px\" \/><\/div><\/div><\/div><\/div>\n<div class=\"flex_column av_one_full  flex_column_div av-zero-column-padding first  avia-builder-el-2  el_after_av_one_full  el_before_av_one_full  column-top-margin\" style='border-radius:0px; '><section class=\"av_textblock_section \"  itemscope=\"itemscope\" itemtype=\"https:\/\/schema.org\/BlogPosting\" itemprop=\"blogPost\" ><div class='avia_textblock  '   itemprop=\"text\" ><p style=\"text-align: center;\"><strong><span style=\"font-size: 18pt;\">UAys\u00e9n firma convenio con Direcci\u00f3n Regional de Arquitectura del MOP que impulsar\u00e1 el crecimiento de su infraestructura\u00a0<\/span><\/strong><\/p>\n<div id=\"gtx-trans\" style=\"position: absolute; left: -50px; top: 4.31534px;\">\n<div class=\"gtx-trans-icon\"><\/div>\n<\/div>\n<\/div><\/section><\/div><div class=\"flex_column av_one_full  flex_column_div av-zero-column-padding first  avia-builder-el-4  el_after_av_one_full  el_before_av_hr  column-top-margin\" style='border-radius:0px; '><section class=\"av_textblock_section \"  itemscope=\"itemscope\" itemtype=\"https:\/\/schema.org\/BlogPosting\" itemprop=\"blogPost\" ><div class='avia_textblock  '   itemprop=\"text\" ><p style=\"text-align: justify;\">La Universidad de Ays\u00e9n y la Direcci\u00f3n Regional de Arquitectura del Ministerio de Obras P\u00fablicas firman un convenio clave para el desarrollo de la infraestructura fundacional del campus universitario camino a Coyhaique alto.<\/p>\n<p style=\"text-align: justify;\">Con la presencia de autoridades regionales, representantes ministeriales y la comunidad universitaria, se realiz\u00f3 en el Campus Lillo de la Universidad de Ays\u00e9n la ceremonia de firma del convenio de colaboraci\u00f3n entre la Universidad de Ays\u00e9n y la Direcci\u00f3n Regional de Arquitectura del Ministerio de Obras P\u00fablicas. Este acuerdo permitir\u00e1 avanzar significativamente en el dise\u00f1o y ejecuci\u00f3n del edificio fundacional y aulario de la instituci\u00f3n, marcando un nuevo hito en su consolidaci\u00f3n a pocos meses de cumplir una d\u00e9cada desde su creaci\u00f3n.<\/p>\n<p style=\"text-align: justify;\">El convenio establece un marco de colaboraci\u00f3n t\u00e9cnica y estrat\u00e9gica entre ambas entidades, permitiendo no solo apoyar la ejecuci\u00f3n del proyecto arquitect\u00f3nico, sino tambi\u00e9n abrir oportunidades conjuntas en materia de capacitaci\u00f3n, participaci\u00f3n ciudadana y difusi\u00f3n, elementos esenciales en la visi\u00f3n de desarrollo p\u00fablico de ambas instituciones.<\/p>\n<p style=\"text-align: justify;\">Durante la ceremonia, el Administrador Provisional de la Universidad de Ays\u00e9n, Juan Pablo Prieto Cox, valor\u00f3 este paso como uno de los m\u00e1s relevantes para el futuro de la casa de estudios. \u00abEste a\u00f1o la universidad cumple diez a\u00f1os y por cierto que esta expectativa de tener su edificio fundacional, su aulario, es una expectativa que se mantiene en los corazones de todos nosotros. Hace una semana atr\u00e1s se obtuvo el RS de ejecuci\u00f3n para el edificio fundacional, que es la obra tal vez m\u00e1s relevante que se va a instalar en la Universidad de Ays\u00e9n y que permite entonces el financiamiento p\u00fablico de la obra\u00bb.<\/p>\n<p style=\"text-align: justify;\">Por su parte, la Seremi de Obras P\u00fablicas, Paloma Jara Vald\u00e9s, destac\u00f3 el rol del MOP en la consolidaci\u00f3n de la infraestructura p\u00fablica educativa en la regi\u00f3n. \u00abEl compromiso del Ministerio de Obras P\u00fablicas con la infraestructura p\u00fablica es parte del puntal de nuestro quehacer, construir infraestructura p\u00fablica y no solo de conectividad, tambi\u00e9n est\u00e1 en nuestro ADN dar caza a los proyectos que son de educaci\u00f3n, y en la regi\u00f3n de Ays\u00e9n lo estamos haciendo a trav\u00e9s de CFT y c\u00f3mo no lo vamos a hacer tambi\u00e9n con la Universidad de Ays\u00e9n y con el sue\u00f1o que tenemos todos los ayseninos\u00bb.<\/p>\n<p style=\"text-align: justify;\">El Delegado Presidencial Regional, Jorge D\u00edaz Guzm\u00e1n, valor\u00f3 este convenio como un paso decisivo para el fortalecimiento del sistema de educaci\u00f3n superior en la regi\u00f3n. \u00abLlegar a este paso, obviamente que yo creo que es el definitivo que consolida despu\u00e9s de una d\u00e9cada a la Universidad de Ays\u00e9n como la instancia de educaci\u00f3n superior que hoy d\u00eda permite a la juventud futura y a la actual tener todas las fases de la educaci\u00f3n p\u00fablica en la regi\u00f3n de Ays\u00e9n. En la administraci\u00f3n que represento ac\u00e1 en la regi\u00f3n, del presidente Gabriel Boric, naturalmente que para nosotros es doblemente satisfactorio, as\u00ed que agradecemos el esfuerzo de Juan Pablo y de todo el equipo acad\u00e9mico de la Universidad, por supuesto de Obras P\u00fablicas, que tambi\u00e9n se ha comprometido con la construcci\u00f3n del CFT en el \u00e1mbito t\u00e9cnico\u00bb.<\/p>\n<p style=\"text-align: justify;\">Participaron tambi\u00e9n en la ceremonia la Seremi de Educaci\u00f3n, Katherine Miqueles; la directora (s) de la Direcci\u00f3n Regional de Arquitectura, Mar\u00eda Chiguay; adem\u00e1s de consejeros y consejeras superiores, equipos acad\u00e9micos y administrativos de la Universidad de Ays\u00e9n.<\/p>\n<p style=\"text-align: justify;\">La firma de este convenio representa un paso concreto hacia el fortalecimiento de la infraestructura universitaria p\u00fablica en el territorio austral, reafirmando el compromiso del Estado con la educaci\u00f3n superior regional, equitativa y de calidad.<\/p>\n<\/div><\/section><\/div><\/p>\n<div  style='height:50px' class='hr hr-invisible   avia-builder-el-6  el_after_av_one_full  el_before_av_social_share '><span class='hr-inner ' ><span class='hr-inner-style'><\/span><\/span><\/div>\n<div  class='av-social-sharing-box  avia-builder-el-7  el_after_av_hr  el_before_av_hr  '><div class='av-share-box'><h5 class='av-share-link-description av-no-toc '>Compartir esta noticia<\/h5><ul class='av-share-box-list noLightbox'><li class='av-share-link av-social-link-facebook' ><a target=\"_blank\" aria-label=\"Compartir en Facebook\" href='https:\/\/www.facebook.com\/sharer.php?u=https:\/\/radiorevelacionfm.cl\/?p=55980&#038;t=UAys%C3%A9n%20firma%20convenio%20con%20Direcci%C3%B3n%20Regional%20de%20Arquitectura%20del%20MOP%20que%20impulsar%C3%A1%20el%20crecimiento%20de%20su%20infraestructura' aria-hidden='false' data-av_icon='\ue8f3' data-av_iconfont='entypo-fontello' title='' data-avia-related-tooltip='Compartir en Facebook' rel=\"noopener\"><span class='avia_hidden_link_text'>Compartir en Facebook<\/span><\/a><\/li><li class='av-share-link av-social-link-twitter' ><a target=\"_blank\" aria-label=\"Compartir en Twitter\" href='https:\/\/twitter.com\/share?text=UAys%C3%A9n%20firma%20convenio%20con%20Direcci%C3%B3n%20Regional%20de%20Arquitectura%20del%20MOP%20que%20impulsar%C3%A1%20el%20crecimiento%20de%20su%20infraestructura&#038;url=https:\/\/radiorevelacionfm.cl\/?p=55980' aria-hidden='false' data-av_icon='\ue8f1' data-av_iconfont='entypo-fontello' title='' data-avia-related-tooltip='Compartir en Twitter' rel=\"noopener\"><span class='avia_hidden_link_text'>Compartir en Twitter<\/span><\/a><\/li><li class='av-share-link av-social-link-whatsapp' ><a target=\"_blank\" aria-label=\"Compartir en Whatsapp\" href='https:\/\/api.whatsapp.com\/send?text=https:\/\/radiorevelacionfm.cl\/?p=55980' aria-hidden='false' data-av_icon='\uf232' data-av_iconfont='entypo-fontello' title='' data-avia-related-tooltip='Compartir en Whatsapp' rel=\"noopener\"><span class='avia_hidden_link_text'>Compartir en Whatsapp<\/span><\/a><\/li><li class='av-share-link av-social-link-linkedin' ><a target=\"_blank\" aria-label=\"Compartir en LinkedIn\" href='https:\/\/linkedin.com\/shareArticle?mini=true&#038;title=UAys%C3%A9n%20firma%20convenio%20con%20Direcci%C3%B3n%20Regional%20de%20Arquitectura%20del%20MOP%20que%20impulsar%C3%A1%20el%20crecimiento%20de%20su%20infraestructura&#038;url=https:\/\/radiorevelacionfm.cl\/?p=55980' aria-hidden='false' data-av_icon='\ue8fc' data-av_iconfont='entypo-fontello' title='' data-avia-related-tooltip='Compartir en LinkedIn' rel=\"noopener\"><span class='avia_hidden_link_text'>Compartir en LinkedIn<\/span><\/a><\/li><li class='av-share-link av-social-link-mail' ><a  aria-label=\"Compartir por correo\" href='mailto:?subject=UAys%C3%A9n%20firma%20convenio%20con%20Direcci%C3%B3n%20Regional%20de%20Arquitectura%20del%20MOP%20que%20impulsar%C3%A1%20el%20crecimiento%20de%20su%20infraestructura&#038;body=https:\/\/radiorevelacionfm.cl\/?p=55980' aria-hidden='false' data-av_icon='\ue805' data-av_iconfont='entypo-fontello' title='' data-avia-related-tooltip='Compartir por correo'><span class='avia_hidden_link_text'>Compartir por correo<\/span><\/a><\/li><\/ul><\/div><\/div>\n<div  style='height:50px' class='hr hr-invisible   avia-builder-el-8  el_after_av_social_share  el_before_av_comments_list '><span class='hr-inner ' ><span class='hr-inner-style'><\/span><\/span><\/div>\n<div  class='av-buildercomment  av-blog-meta-html-info-disabled av-blog-meta-tag-disabled  '><\/div>\n","protected":false},"excerpt":{"rendered":"","protected":false},"author":1,"featured_media":55981,"comment_status":"closed","ping_status":"closed","sticky":false,"template":"","format":"standard","meta":{"footnotes":""},"categories":[38],"tags":[],"class_list":["post-55980","post","type-post","status-publish","format-standard","has-post-thumbnail","hentry","category-regional"],"jetpack_featured_media_url":"https:\/\/radiorevelacionfm.cl\/wp-content\/uploads\/2025\/07\/IMG_9148-2-1-1.jpg","_links":{"self":[{"href":"https:\/\/radiorevelacionfm.cl\/index.php?rest_route=\/wp\/v2\/posts\/55980","targetHints":{"allow":["GET"]}}],"collection":[{"href":"https:\/\/radiorevelacionfm.cl\/index.php?rest_route=\/wp\/v2\/posts"}],"about":[{"href":"https:\/\/radiorevelacionfm.cl\/index.php?rest_route=\/wp\/v2\/types\/post"}],"author":[{"embeddable":true,"href":"https:\/\/radiorevelacionfm.cl\/index.php?rest_route=\/wp\/v2\/users\/1"}],"replies":[{"embeddable":true,"href":"https:\/\/radiorevelacionfm.cl\/index.php?rest_route=%2Fwp%2Fv2%2Fcomments&post=55980"}],"version-history":[{"count":3,"href":"https:\/\/radiorevelacionfm.cl\/index.php?rest_route=\/wp\/v2\/posts\/55980\/revisions"}],"predecessor-version":[{"id":55994,"href":"https:\/\/radiorevelacionfm.cl\/index.php?rest_route=\/wp\/v2\/posts\/55980\/revisions\/55994"}],"wp:featuredmedia":[{"embeddable":true,"href":"https:\/\/radiorevelacionfm.cl\/index.php?rest_route=\/wp\/v2\/media\/55981"}],"wp:attachment":[{"href":"https:\/\/radiorevelacionfm.cl\/index.php?rest_route=%2Fwp%2Fv2%2Fmedia&parent=55980"}],"wp:term":[{"taxonomy":"category","embeddable":true,"href":"https:\/\/radiorevelacionfm.cl\/index.php?rest_route=%2Fwp%2Fv2%2Fcategories&post=55980"},{"taxonomy":"post_tag","embeddable":true,"href":"https:\/\/radiorevelacionfm.cl\/index.php?rest_route=%2Fwp%2Fv2%2Ftags&post=55980"}],"curies":[{"name":"wp","href":"https:\/\/api.w.org\/{rel}","templated":true}]}}