{"id":55976,"date":"2025-07-01T19:38:55","date_gmt":"2025-07-01T22:38:55","guid":{"rendered":"https:\/\/radiorevelacionfm.cl\/?p=55976"},"modified":"2025-07-01T19:38:55","modified_gmt":"2025-07-01T22:38:55","slug":"dos-argentinos-y-un-chileno-fueron-detenidos-por-violento-robo-en-un-sector-residencial-de-coyhaique","status":"publish","type":"post","link":"https:\/\/radiorevelacionfm.cl\/?p=55976","title":{"rendered":"Dos argentinos y un chileno fueron detenidos por violento robo en un sector residencial de Coyhaique"},"content":{"rendered":"<div class=\"flex_column av_one_full  flex_column_div av-zero-column-padding first  avia-builder-el-0  el_before_av_one_full  avia-builder-el-first  \" style='border-radius:0px; '><div  class='avia-image-container  av-styling-    avia-builder-el-1  avia-builder-el-no-sibling  avia-align-center '  itemprop=\"image\" itemscope=\"itemscope\" itemtype=\"https:\/\/schema.org\/ImageObject\"  ><div class='avia-image-container-inner'><div class='avia-image-overlay-wrap'><img decoding=\"async\" class='wp-image-55977 avia-img-lazy-loading-not-55977 avia_image' src=\"https:\/\/radiorevelacionfm.cl\/wp-content\/uploads\/2025\/07\/d8902ae3-57a1-45cd-9812-1b9437d335da-1_optimized-1.jpg\" alt='' title='d8902ae3-57a1-45cd-9812-1b9437d335da-(1)_optimized (1)' height=\"600\" width=\"800\"  itemprop=\"thumbnailUrl\" srcset=\"https:\/\/radiorevelacionfm.cl\/wp-content\/uploads\/2025\/07\/d8902ae3-57a1-45cd-9812-1b9437d335da-1_optimized-1.jpg 800w, https:\/\/radiorevelacionfm.cl\/wp-content\/uploads\/2025\/07\/d8902ae3-57a1-45cd-9812-1b9437d335da-1_optimized-1-300x225.jpg 300w, https:\/\/radiorevelacionfm.cl\/wp-content\/uploads\/2025\/07\/d8902ae3-57a1-45cd-9812-1b9437d335da-1_optimized-1-768x576.jpg 768w, https:\/\/radiorevelacionfm.cl\/wp-content\/uploads\/2025\/07\/d8902ae3-57a1-45cd-9812-1b9437d335da-1_optimized-1-705x529.jpg 705w, https:\/\/radiorevelacionfm.cl\/wp-content\/uploads\/2025\/07\/d8902ae3-57a1-45cd-9812-1b9437d335da-1_optimized-1-450x338.jpg 450w, https:\/\/radiorevelacionfm.cl\/wp-content\/uploads\/2025\/07\/d8902ae3-57a1-45cd-9812-1b9437d335da-1_optimized-1-600x450.jpg 600w\" sizes=\"(max-width: 800px) 100vw, 800px\" \/><\/div><\/div><\/div><\/div><div class=\"flex_column av_one_full  flex_column_div av-zero-column-padding first  avia-builder-el-2  el_after_av_one_full  el_before_av_one_full  column-top-margin\" style='border-radius:0px; '><section class=\"av_textblock_section \"  itemscope=\"itemscope\" itemtype=\"https:\/\/schema.org\/BlogPosting\" itemprop=\"blogPost\" ><div class='avia_textblock  '   itemprop=\"text\" ><p style=\"text-align: center;\"><strong><span style=\"font-size: 18pt;\">Dos argentinos y un chileno fueron detenidos por violento robo en un sector residencial de Coyhaique<\/span><\/strong><\/p>\n<div id=\"gtx-trans\" style=\"position: absolute; left: -50px; top: 4.31534px;\">\n<div class=\"gtx-trans-icon\"><\/div>\n<\/div>\n<\/div><\/section><\/div><div class=\"flex_column av_one_full  flex_column_div av-zero-column-padding first  avia-builder-el-4  el_after_av_one_full  el_before_av_hr  column-top-margin\" style='border-radius:0px; '><section class=\"av_textblock_section \"  itemscope=\"itemscope\" itemtype=\"https:\/\/schema.org\/BlogPosting\" itemprop=\"blogPost\" ><div class='avia_textblock  '   itemprop=\"text\" ><ul>\n<li dir=\"ltr\">\n<p dir=\"ltr\" style=\"text-align: justify;\"><em>Las diligencias desarrolladas por el personal permitieron dar con los sujetos al interior de un hospedaje, siendo reconocidos por la v\u00edctima.<\/em><\/p>\n<\/li>\n<li dir=\"ltr\" style=\"text-align: justify;\">\n<p dir=\"ltr\"><em>En el lugar se incaut\u00f3 un arma blanca presuntamente utilizada en la comisi\u00f3n del delito.<\/em><\/p>\n<\/li>\n<\/ul>\n<p dir=\"ltr\" style=\"text-align: justify;\">La oportuna denuncia por un delito de robo con violencia motiv\u00f3 una r\u00e1pida respuesta por parte de Carabineros de Coyhaique. Sumado a la colaboraci\u00f3n del propietario del inmueble, se logr\u00f3 detener a tres sujetos vinculados a este il\u00edcito, brindando tambi\u00e9n auxilio oportuno a la v\u00edctima, quien fue trasladada hasta el centro asistencial de esta comuna.<\/p>\n<p dir=\"ltr\" style=\"text-align: justify;\">El Comisario de Coyhaique, Mayor Sebasti\u00e1n Casanueva, indic\u00f3 que tras el llamado de emergencia, Carabineros se traslad\u00f3 a un domicilio en el sector c\u00e9ntrico de la ciudad. Seg\u00fan expres\u00f3 la v\u00edctima al personal de servicio en la poblaci\u00f3n, el hecho habr\u00eda ocurrido en la madrugada del lunes.<\/p>\n<p dir=\"ltr\" style=\"text-align: justify;\">\u00abAl llegar al domicilio donde se hospeda fue interceptado por tres individuos conocidos, ya que residen en otras habitaciones del mismo inmueble, intimit\u00e1ndolo -uno de ellos- con un arma blanca en el cuello, en tanto que los otros dos sujetos procedieron a sustraer 400 mil pesos en dinero en efectivo y diferentes especies personales desde sus vestimentas, para finalmente agredirlo en el mismo lugar\u00bb, se\u00f1al\u00f3 el Oficial.<\/p>\n<p dir=\"ltr\" style=\"text-align: justify;\"><strong>Detenidos en hospedaje<\/strong><\/p>\n<p dir=\"ltr\" style=\"text-align: justify;\">Tras entrevistarse con la v\u00edctima y obtener los primeros antecedentes del hecho, Carabineros se aboc\u00f3 al desarrollo de diversas diligencias aut\u00f3nomas en coordinaci\u00f3n con el due\u00f1o del inmueble, quien autoriz\u00f3 el ingreso del personal al hospedaje. All\u00ed se logr\u00f3 ubicar a tres sujetos \u2014dos de nacionalidad argentina y un chileno\u2014, los cuales fueron reconocidos por la v\u00edctima.<\/p>\n<p dir=\"ltr\" style=\"text-align: justify;\">Ante esto, los tres individuos fueron detenidos por robo con violencia, y se incaut\u00f3 un arma blanca presuntamente utilizada en la comisi\u00f3n del delito. Paralelamente, la v\u00edctima fue trasladada al hospital local para recibir atenci\u00f3n m\u00e9dica, y los antecedentes, junto con los aprehendidos, fueron puestos a disposici\u00f3n del Ministerio P\u00fablico.<\/p>\n<p dir=\"ltr\" style=\"text-align: justify;\">Carabineros de Chile reafirma su compromiso con la seguridad de los vecinos de Coyhaique, actuando con celeridad y eficacia frente a hechos delictivos que atenten contra la integridad de las personas. La Instituci\u00f3n reiter\u00f3 que \u00abla seguridad la construimos entre todos\u00bb e inst\u00f3 a la comunidad a denunciar de manera oportuna situaciones sospechosas o la ocurrencia de delitos, posibilitando un r\u00e1pido actuar que permita detener a los responsables y derivar los antecedentes a los tribunales de justicia.<\/p>\n<\/div><\/section><\/div><div  style='height:50px' class='hr hr-invisible   avia-builder-el-6  el_after_av_one_full  el_before_av_social_share '><span class='hr-inner ' ><span class='hr-inner-style'><\/span><\/span><\/div><\/p>\n<div  class='av-social-sharing-box  avia-builder-el-7  el_after_av_hr  el_before_av_hr  '><div class='av-share-box'><h5 class='av-share-link-description av-no-toc '>Compartir esta noticia<\/h5><ul class='av-share-box-list noLightbox'><li class='av-share-link av-social-link-facebook' ><a target=\"_blank\" aria-label=\"Compartir en Facebook\" href='https:\/\/www.facebook.com\/sharer.php?u=https:\/\/radiorevelacionfm.cl\/?p=55976&#038;t=Dos%20argentinos%20y%20un%20chileno%20fueron%20detenidos%20por%20violento%20robo%20en%20un%20sector%20residencial%20de%20Coyhaique' aria-hidden='false' data-av_icon='\ue8f3' data-av_iconfont='entypo-fontello' title='' data-avia-related-tooltip='Compartir en Facebook' rel=\"noopener\"><span class='avia_hidden_link_text'>Compartir en Facebook<\/span><\/a><\/li><li class='av-share-link av-social-link-twitter' ><a target=\"_blank\" aria-label=\"Compartir en Twitter\" href='https:\/\/twitter.com\/share?text=Dos%20argentinos%20y%20un%20chileno%20fueron%20detenidos%20por%20violento%20robo%20en%20un%20sector%20residencial%20de%20Coyhaique&#038;url=https:\/\/radiorevelacionfm.cl\/?p=55976' aria-hidden='false' data-av_icon='\ue8f1' data-av_iconfont='entypo-fontello' title='' data-avia-related-tooltip='Compartir en Twitter' rel=\"noopener\"><span class='avia_hidden_link_text'>Compartir en Twitter<\/span><\/a><\/li><li class='av-share-link av-social-link-whatsapp' ><a target=\"_blank\" aria-label=\"Compartir en Whatsapp\" href='https:\/\/api.whatsapp.com\/send?text=https:\/\/radiorevelacionfm.cl\/?p=55976' aria-hidden='false' data-av_icon='\uf232' data-av_iconfont='entypo-fontello' title='' data-avia-related-tooltip='Compartir en Whatsapp' rel=\"noopener\"><span class='avia_hidden_link_text'>Compartir en Whatsapp<\/span><\/a><\/li><li class='av-share-link av-social-link-linkedin' ><a target=\"_blank\" aria-label=\"Compartir en LinkedIn\" href='https:\/\/linkedin.com\/shareArticle?mini=true&#038;title=Dos%20argentinos%20y%20un%20chileno%20fueron%20detenidos%20por%20violento%20robo%20en%20un%20sector%20residencial%20de%20Coyhaique&#038;url=https:\/\/radiorevelacionfm.cl\/?p=55976' aria-hidden='false' data-av_icon='\ue8fc' data-av_iconfont='entypo-fontello' title='' data-avia-related-tooltip='Compartir en LinkedIn' rel=\"noopener\"><span class='avia_hidden_link_text'>Compartir en LinkedIn<\/span><\/a><\/li><li class='av-share-link av-social-link-mail' ><a  aria-label=\"Compartir por correo\" href='mailto:?subject=Dos%20argentinos%20y%20un%20chileno%20fueron%20detenidos%20por%20violento%20robo%20en%20un%20sector%20residencial%20de%20Coyhaique&#038;body=https:\/\/radiorevelacionfm.cl\/?p=55976' aria-hidden='false' data-av_icon='\ue805' data-av_iconfont='entypo-fontello' title='' data-avia-related-tooltip='Compartir por correo'><span class='avia_hidden_link_text'>Compartir por correo<\/span><\/a><\/li><\/ul><\/div><\/div>\n<div  style='height:50px' class='hr hr-invisible   avia-builder-el-8  el_after_av_social_share  el_before_av_comments_list '><span class='hr-inner ' ><span class='hr-inner-style'><\/span><\/span><\/div>\n<div  class='av-buildercomment  av-blog-meta-html-info-disabled av-blog-meta-tag-disabled  '><\/div>\n","protected":false},"excerpt":{"rendered":"","protected":false},"author":1,"featured_media":55977,"comment_status":"closed","ping_status":"closed","sticky":false,"template":"","format":"standard","meta":{"footnotes":""},"categories":[36],"tags":[],"class_list":["post-55976","post","type-post","status-publish","format-standard","has-post-thumbnail","hentry","category-policial"],"jetpack_featured_media_url":"https:\/\/radiorevelacionfm.cl\/wp-content\/uploads\/2025\/07\/d8902ae3-57a1-45cd-9812-1b9437d335da-1_optimized-1.jpg","_links":{"self":[{"href":"https:\/\/radiorevelacionfm.cl\/index.php?rest_route=\/wp\/v2\/posts\/55976","targetHints":{"allow":["GET"]}}],"collection":[{"href":"https:\/\/radiorevelacionfm.cl\/index.php?rest_route=\/wp\/v2\/posts"}],"about":[{"href":"https:\/\/radiorevelacionfm.cl\/index.php?rest_route=\/wp\/v2\/types\/post"}],"author":[{"embeddable":true,"href":"https:\/\/radiorevelacionfm.cl\/index.php?rest_route=\/wp\/v2\/users\/1"}],"replies":[{"embeddable":true,"href":"https:\/\/radiorevelacionfm.cl\/index.php?rest_route=%2Fwp%2Fv2%2Fcomments&post=55976"}],"version-history":[{"count":2,"href":"https:\/\/radiorevelacionfm.cl\/index.php?rest_route=\/wp\/v2\/posts\/55976\/revisions"}],"predecessor-version":[{"id":55979,"href":"https:\/\/radiorevelacionfm.cl\/index.php?rest_route=\/wp\/v2\/posts\/55976\/revisions\/55979"}],"wp:featuredmedia":[{"embeddable":true,"href":"https:\/\/radiorevelacionfm.cl\/index.php?rest_route=\/wp\/v2\/media\/55977"}],"wp:attachment":[{"href":"https:\/\/radiorevelacionfm.cl\/index.php?rest_route=%2Fwp%2Fv2%2Fmedia&parent=55976"}],"wp:term":[{"taxonomy":"category","embeddable":true,"href":"https:\/\/radiorevelacionfm.cl\/index.php?rest_route=%2Fwp%2Fv2%2Fcategories&post=55976"},{"taxonomy":"post_tag","embeddable":true,"href":"https:\/\/radiorevelacionfm.cl\/index.php?rest_route=%2Fwp%2Fv2%2Ftags&post=55976"}],"curies":[{"name":"wp","href":"https:\/\/api.w.org\/{rel}","templated":true}]}}