{"id":55973,"date":"2025-07-02T10:32:27","date_gmt":"2025-07-02T13:32:27","guid":{"rendered":"https:\/\/radiorevelacionfm.cl\/?p=55973"},"modified":"2025-07-02T10:32:27","modified_gmt":"2025-07-02T13:32:27","slug":"reforma-de-pensiones-junto-a-la-camara-de-comercio-coyhaique-se-coordinan-capacitaciones-sobre-el-pago-de-empleadores-del-1","status":"publish","type":"post","link":"https:\/\/radiorevelacionfm.cl\/?p=55973","title":{"rendered":"Reforma de Pensiones: junto a la C\u00e1mara de Comercio Coyhaique se coordinan capacitaciones sobre el pago de empleadores del 1 %"},"content":{"rendered":"<div class=\"flex_column av_one_full  flex_column_div av-zero-column-padding first  avia-builder-el-0  el_before_av_one_full  avia-builder-el-first  \" style='border-radius:0px; '><div  class='avia-image-container  av-styling-    avia-builder-el-1  avia-builder-el-no-sibling  avia-align-center '  itemprop=\"image\" itemscope=\"itemscope\" itemtype=\"https:\/\/schema.org\/ImageObject\"  ><div class='avia-image-container-inner'><div class='avia-image-overlay-wrap'><img decoding=\"async\" class='wp-image-55974 avia-img-lazy-loading-not-55974 avia_image' src=\"https:\/\/radiorevelacionfm.cl\/wp-content\/uploads\/2025\/07\/MintrabIPS_Coordinaciones_CamComercioCoy-2-1-1.jpeg\" alt='' title='MintrabIPS_Coordinaciones_CamComercioCoy (2) (1) (1)' height=\"600\" width=\"800\"  itemprop=\"thumbnailUrl\" srcset=\"https:\/\/radiorevelacionfm.cl\/wp-content\/uploads\/2025\/07\/MintrabIPS_Coordinaciones_CamComercioCoy-2-1-1.jpeg 800w, https:\/\/radiorevelacionfm.cl\/wp-content\/uploads\/2025\/07\/MintrabIPS_Coordinaciones_CamComercioCoy-2-1-1-300x225.jpeg 300w, https:\/\/radiorevelacionfm.cl\/wp-content\/uploads\/2025\/07\/MintrabIPS_Coordinaciones_CamComercioCoy-2-1-1-768x576.jpeg 768w, https:\/\/radiorevelacionfm.cl\/wp-content\/uploads\/2025\/07\/MintrabIPS_Coordinaciones_CamComercioCoy-2-1-1-705x529.jpeg 705w, https:\/\/radiorevelacionfm.cl\/wp-content\/uploads\/2025\/07\/MintrabIPS_Coordinaciones_CamComercioCoy-2-1-1-450x338.jpeg 450w, https:\/\/radiorevelacionfm.cl\/wp-content\/uploads\/2025\/07\/MintrabIPS_Coordinaciones_CamComercioCoy-2-1-1-600x450.jpeg 600w\" sizes=\"(max-width: 800px) 100vw, 800px\" \/><\/div><\/div><\/div><\/div><div class=\"flex_column av_one_full  flex_column_div av-zero-column-padding first  avia-builder-el-2  el_after_av_one_full  el_before_av_one_full  column-top-margin\" style='border-radius:0px; '><section class=\"av_textblock_section \"  itemscope=\"itemscope\" itemtype=\"https:\/\/schema.org\/BlogPosting\" itemprop=\"blogPost\" ><div class='avia_textblock  '   itemprop=\"text\" ><p style=\"text-align: center;\"><span style=\"font-size: 18pt;\"><strong>Reforma de Pensiones: junto a la C\u00e1mara de Comercio Coyhaique se coordinan capacitaciones sobre el pago de empleadores del 1 % <\/strong><\/span><\/p>\n<p><strong>\u00a0<\/strong><\/p>\n<div id=\"gtx-trans\" style=\"position: absolute; left: -50px; top: 4.31534px;\">\n<div class=\"gtx-trans-icon\"><\/div>\n<\/div>\n<\/div><\/section><\/div><div class=\"flex_column av_one_full  flex_column_div av-zero-column-padding first  avia-builder-el-4  el_after_av_one_full  el_before_av_hr  column-top-margin\" style='border-radius:0px; '><section class=\"av_textblock_section \"  itemscope=\"itemscope\" itemtype=\"https:\/\/schema.org\/BlogPosting\" itemprop=\"blogPost\" ><div class='avia_textblock  '   itemprop=\"text\" ><p style=\"text-align: justify;\"><em>Para contribuir al incremento de las pensiones, a partir de la remuneraci\u00f3n correspondiente a agosto de 2025, los empleadores y empleadoras deber\u00e1n realizar un aporte adicional equivalente al 1 % del sueldo imponible por cada persona que trabaja. <\/em><\/p>\n<p style=\"text-align: justify;\">Con el prop\u00f3sito de aumentar las pensiones de los actuales y futuros jubilados, en este periodo de implementaci\u00f3n de la Reforma de Pensiones, Ley N\u00b0 21.735, se est\u00e1n llevando a cabo diversas instancias de informaci\u00f3n seg\u00fan las diversas l\u00edneas que esta reforma al sistema previsional contempla, entre ellas, las del pago del 1% adicional por parte de quienes emplean, por cada persona que trabaja, a partir de las remuneraciones de agosto de 2025, cuyas cotizaciones previsionales se pagan los primeros d\u00edas de septiembre.<\/p>\n<p style=\"text-align: justify;\">Para informar a los empleadores sobre este tema, el Seremi del Trabajo y Previsi\u00f3n Social y director del Trabajo, Christian Aros se reuni\u00f3 con el director regional del Instituto de Previsi\u00f3n Social, IPS ChileAtiende, Rodrigo D\u00edaz, con la nueva directiva de la C\u00e1mara de Comercio, Industrias y Servicios de Coyhaique, presidida por Daissy Mondelo, quien estuvo acompa\u00f1ada por el secretario de la directiva, Ra\u00fal Vargas y la secretaria ejecutiva del gremio, Paola Hern\u00e1ndez.<\/p>\n<p style=\"text-align: justify;\">El Seremi(s) del Trabajo y Previsi\u00f3n Social, Christian Aros Troncoso y director del Trabajo, coment\u00f3 con respecto a estas instancias de vinculaci\u00f3n y la gradualidad de este pago que contribuir\u00e1 al Seguro Social, \u201cAcabamos de terminar una interesante y muy productiva reuni\u00f3n con la C\u00e1mara de Comercio Coyhaique, lo importante para nosotros como Ministerio del Trabajo y Previsi\u00f3n Social, es recordarle y poder compartir con la comunidad de nuestros micro, peque\u00f1os y medianos empleadores que a contar del primero de agosto ya hay una nueva etapa de la Reforma Previsional donde se tiene que empezar a considerar el pago del 1%. El primer 1% de esta Reforma de Pensiones, que ser\u00e1 gradual, que se va a ir extendiendo a lo largo de los pr\u00f3ximos 9 a\u00f1os. As\u00ed que para nosotros es muy importante que toda la comunidad lo sepa, principalmente los empleadores y empleadoras de nuestra regi\u00f3n\u201d.<\/p>\n<p style=\"text-align: justify;\">Con respecto al trabajo mancomunado, el director regional del Instituto de Previsi\u00f3n Social, IPS ChileAtiende, Rodrigo D\u00edaz Cordaro, mencion\u00f3 sobre las coordinaciones que se est\u00e1n desarrollando, \u201cNosotros como Instituto de Previsi\u00f3n Social, agradecemos esta instancia donde hoy d\u00eda con la presidenta de la C\u00e1mara de Comercio, Industrias y Turismo de Coyhaique, con la Direcci\u00f3n de Trabajo y con la Seremi del Trabajo articuladamente vamos avanzando en lo que implica para los empleadores este pago extraordinario del 1%, donde en septiembre van a tener que pagar las remuneraciones del mes de agosto. Nos interesa que todos est\u00e9n informados, que todos sepan y por eso estamos en este despliegue, donde nos vamos a reunir con distintos sectores productivos, para que de alguna manera todos nuestros empleadores, grandes, peque\u00f1os, medianos, est\u00e9n informados y lo hagan bien, no nos interesa que los multen, sino que lo hagan bien porque esto va a ser todo electr\u00f3nico. Vamos a seguir trabajando en esto para llegar a todos los sectores productivos de nuestra regi\u00f3n\u201d, aclaro D\u00edaz, teniendo en cuenta que el IPS est\u00e1 jugando un rol fundamental en la implementaci\u00f3n de esta Reforma de Pensiones.<\/p>\n<p style=\"text-align: justify;\">Por su parte, la presidenta de la C\u00e1mara de Comercio Coyhaique, Daissy Mondelo Duhalde, se refiri\u00f3 a la reuni\u00f3n, \u201cEstas instancias son s\u00faper importantes para nosotros, no s\u00f3lo como empleadores, sino tambi\u00e9n como C\u00e1mara de Comercio, Servicio, Industria y Turismo, de estar informados e informando tambi\u00e9n a nuestros socios, advirtiendo lo que viene con estos procesos, como es el 1% de cargo al empleador a partir de agosto. Es por ello que en este en esta reuni\u00f3n de trabajo, estamos prepar\u00e1ndonos para hacer un webinar, una capacitaci\u00f3n tanto a los contadores como a los empleadores del comercio y del turismo. Y hacer desde ya hace un llamado a los empleadores de los distintos servicios, industrias, turismo y comercio, a estar revisando las redes sociales, de la Seremi, DT y de la C\u00e1mara de Comercio, para estar informados y advertir antes a sus contadores, a quienes les hacen las planillas, para no caer en eventuales fiscalizaciones o cometer faltas\u201d, detall\u00f3 la dirigenta, explicando adem\u00e1s que el gremio comparte informaci\u00f3n y boletines constantemente a sus socios sobre diversos t\u00f3picos.<\/p>\n<p style=\"text-align: justify;\">Tal como mencion\u00f3 Mondelo, se espera que a fines de julio se realice este webinar masivo para informar a los empleadores y contadores sobre la implementaci\u00f3n de la Reforma de Pensiones, y en espec\u00edfico, sobre el pago del 1% de la cotizaci\u00f3n adicional.<\/p>\n<p style=\"text-align: justify;\">En tanto, hace unos d\u00edas ya se realiz\u00f3 un webinar por parte de la Subsecretar\u00eda de Previsi\u00f3n Social, informando sobre este tema y aclarando dudas, el cual se puede revisar en el Canal de Youtube de la subsecretar\u00eda, link directo\u00a0 <a href=\"https:\/\/www.youtube.com\/watch?v=H22YrlPnMzU\">https:\/\/www.youtube.com\/watch?v=H22YrlPnMzU<\/a>. Para m\u00e1s informaci\u00f3n, los interesados pueden ingresar a <a href=\"http:\/\/www.lareformadepensiones.cl\">www.lareformadepensiones.cl<\/a>.<\/p>\n<\/div><\/section><\/div><div  style='height:50px' class='hr hr-invisible   avia-builder-el-6  el_after_av_one_full  el_before_av_social_share '><span class='hr-inner ' ><span class='hr-inner-style'><\/span><\/span><\/div><\/p>\n<div  class='av-social-sharing-box  avia-builder-el-7  el_after_av_hr  el_before_av_hr  '><div class='av-share-box'><h5 class='av-share-link-description av-no-toc '>Compartir esta noticia<\/h5><ul class='av-share-box-list noLightbox'><li class='av-share-link av-social-link-facebook' ><a target=\"_blank\" aria-label=\"Compartir en Facebook\" href='https:\/\/www.facebook.com\/sharer.php?u=https:\/\/radiorevelacionfm.cl\/?p=55973&#038;t=Reforma%20de%20Pensiones%3A%20junto%20a%20la%20C%C3%A1mara%20de%20Comercio%20Coyhaique%20se%20coordinan%20capacitaciones%20sobre%20el%20pago%20de%20empleadores%20del%201%20%25' aria-hidden='false' data-av_icon='\ue8f3' data-av_iconfont='entypo-fontello' title='' data-avia-related-tooltip='Compartir en Facebook' rel=\"noopener\"><span class='avia_hidden_link_text'>Compartir en Facebook<\/span><\/a><\/li><li class='av-share-link av-social-link-twitter' ><a target=\"_blank\" aria-label=\"Compartir en Twitter\" href='https:\/\/twitter.com\/share?text=Reforma%20de%20Pensiones%3A%20junto%20a%20la%20C%C3%A1mara%20de%20Comercio%20Coyhaique%20se%20coordinan%20capacitaciones%20sobre%20el%20pago%20de%20empleadores%20del%201%20%25&#038;url=https:\/\/radiorevelacionfm.cl\/?p=55973' aria-hidden='false' data-av_icon='\ue8f1' data-av_iconfont='entypo-fontello' title='' data-avia-related-tooltip='Compartir en Twitter' rel=\"noopener\"><span class='avia_hidden_link_text'>Compartir en Twitter<\/span><\/a><\/li><li class='av-share-link av-social-link-whatsapp' ><a target=\"_blank\" aria-label=\"Compartir en Whatsapp\" href='https:\/\/api.whatsapp.com\/send?text=https:\/\/radiorevelacionfm.cl\/?p=55973' aria-hidden='false' data-av_icon='\uf232' data-av_iconfont='entypo-fontello' title='' data-avia-related-tooltip='Compartir en Whatsapp' rel=\"noopener\"><span class='avia_hidden_link_text'>Compartir en Whatsapp<\/span><\/a><\/li><li class='av-share-link av-social-link-linkedin' ><a target=\"_blank\" aria-label=\"Compartir en LinkedIn\" href='https:\/\/linkedin.com\/shareArticle?mini=true&#038;title=Reforma%20de%20Pensiones%3A%20junto%20a%20la%20C%C3%A1mara%20de%20Comercio%20Coyhaique%20se%20coordinan%20capacitaciones%20sobre%20el%20pago%20de%20empleadores%20del%201%20%25&#038;url=https:\/\/radiorevelacionfm.cl\/?p=55973' aria-hidden='false' data-av_icon='\ue8fc' data-av_iconfont='entypo-fontello' title='' data-avia-related-tooltip='Compartir en LinkedIn' rel=\"noopener\"><span class='avia_hidden_link_text'>Compartir en LinkedIn<\/span><\/a><\/li><li class='av-share-link av-social-link-mail' ><a  aria-label=\"Compartir por correo\" href='mailto:?subject=Reforma%20de%20Pensiones%3A%20junto%20a%20la%20C%C3%A1mara%20de%20Comercio%20Coyhaique%20se%20coordinan%20capacitaciones%20sobre%20el%20pago%20de%20empleadores%20del%201%20%25&#038;body=https:\/\/radiorevelacionfm.cl\/?p=55973' aria-hidden='false' data-av_icon='\ue805' data-av_iconfont='entypo-fontello' title='' data-avia-related-tooltip='Compartir por correo'><span class='avia_hidden_link_text'>Compartir por correo<\/span><\/a><\/li><\/ul><\/div><\/div>\n<div  style='height:50px' class='hr hr-invisible   avia-builder-el-8  el_after_av_social_share  el_before_av_comments_list '><span class='hr-inner ' ><span class='hr-inner-style'><\/span><\/span><\/div>\n<div  class='av-buildercomment  av-blog-meta-html-info-disabled av-blog-meta-tag-disabled  '><\/div>\n","protected":false},"excerpt":{"rendered":"","protected":false},"author":1,"featured_media":55974,"comment_status":"closed","ping_status":"closed","sticky":false,"template":"","format":"standard","meta":{"footnotes":""},"categories":[56],"tags":[],"class_list":["post-55973","post","type-post","status-publish","format-standard","has-post-thumbnail","hentry","category-trabajo"],"jetpack_featured_media_url":"https:\/\/radiorevelacionfm.cl\/wp-content\/uploads\/2025\/07\/MintrabIPS_Coordinaciones_CamComercioCoy-2-1-1.jpeg","_links":{"self":[{"href":"https:\/\/radiorevelacionfm.cl\/index.php?rest_route=\/wp\/v2\/posts\/55973","targetHints":{"allow":["GET"]}}],"collection":[{"href":"https:\/\/radiorevelacionfm.cl\/index.php?rest_route=\/wp\/v2\/posts"}],"about":[{"href":"https:\/\/radiorevelacionfm.cl\/index.php?rest_route=\/wp\/v2\/types\/post"}],"author":[{"embeddable":true,"href":"https:\/\/radiorevelacionfm.cl\/index.php?rest_route=\/wp\/v2\/users\/1"}],"replies":[{"embeddable":true,"href":"https:\/\/radiorevelacionfm.cl\/index.php?rest_route=%2Fwp%2Fv2%2Fcomments&post=55973"}],"version-history":[{"count":2,"href":"https:\/\/radiorevelacionfm.cl\/index.php?rest_route=\/wp\/v2\/posts\/55973\/revisions"}],"predecessor-version":[{"id":55985,"href":"https:\/\/radiorevelacionfm.cl\/index.php?rest_route=\/wp\/v2\/posts\/55973\/revisions\/55985"}],"wp:featuredmedia":[{"embeddable":true,"href":"https:\/\/radiorevelacionfm.cl\/index.php?rest_route=\/wp\/v2\/media\/55974"}],"wp:attachment":[{"href":"https:\/\/radiorevelacionfm.cl\/index.php?rest_route=%2Fwp%2Fv2%2Fmedia&parent=55973"}],"wp:term":[{"taxonomy":"category","embeddable":true,"href":"https:\/\/radiorevelacionfm.cl\/index.php?rest_route=%2Fwp%2Fv2%2Fcategories&post=55973"},{"taxonomy":"post_tag","embeddable":true,"href":"https:\/\/radiorevelacionfm.cl\/index.php?rest_route=%2Fwp%2Fv2%2Ftags&post=55973"}],"curies":[{"name":"wp","href":"https:\/\/api.w.org\/{rel}","templated":true}]}}