{"id":55965,"date":"2025-07-01T16:47:16","date_gmt":"2025-07-01T19:47:16","guid":{"rendered":"https:\/\/radiorevelacionfm.cl\/?p=55965"},"modified":"2025-07-01T21:17:12","modified_gmt":"2025-07-02T00:17:12","slug":"puerto-aysen-lanza-el-primer-beer-fest-de-la-patagonia-musica-cerveza-y-cultura-para-celebrar-el-invierno-2","status":"publish","type":"post","link":"https:\/\/radiorevelacionfm.cl\/?p=55965","title":{"rendered":"\u00a1Ya suena! el Beer Fest Ays\u00e9n 2025 revela su line-up y promete un fin de semana de m\u00fasica, cerveza y fiesta total en la Patagonia"},"content":{"rendered":"<div class=\"flex_column av_one_full  flex_column_div av-zero-column-padding first  avia-builder-el-0  el_before_av_one_full  avia-builder-el-first  \" style='border-radius:0px; '><div  class='avia-image-container  av-styling-    avia-builder-el-1  avia-builder-el-no-sibling  avia-align-center '  itemprop=\"image\" itemscope=\"itemscope\" itemtype=\"https:\/\/schema.org\/ImageObject\"  ><div class='avia-image-container-inner'><div class='avia-image-overlay-wrap'><img decoding=\"async\" class='wp-image-55966 avia-img-lazy-loading-not-55966 avia_image' src=\"https:\/\/radiorevelacionfm.cl\/wp-content\/uploads\/2025\/07\/img_7226-1-1_optimized.jpg\" alt='' title='img_7226-(1)-(1)_optimized' height=\"600\" width=\"811\"  itemprop=\"thumbnailUrl\" srcset=\"https:\/\/radiorevelacionfm.cl\/wp-content\/uploads\/2025\/07\/img_7226-1-1_optimized.jpg 811w, https:\/\/radiorevelacionfm.cl\/wp-content\/uploads\/2025\/07\/img_7226-1-1_optimized-300x222.jpg 300w, https:\/\/radiorevelacionfm.cl\/wp-content\/uploads\/2025\/07\/img_7226-1-1_optimized-768x568.jpg 768w, https:\/\/radiorevelacionfm.cl\/wp-content\/uploads\/2025\/07\/img_7226-1-1_optimized-705x522.jpg 705w, https:\/\/radiorevelacionfm.cl\/wp-content\/uploads\/2025\/07\/img_7226-1-1_optimized-450x333.jpg 450w, https:\/\/radiorevelacionfm.cl\/wp-content\/uploads\/2025\/07\/img_7226-1-1_optimized-600x444.jpg 600w\" sizes=\"(max-width: 811px) 100vw, 811px\" \/><\/div><\/div><\/div><\/div>\n<div class=\"flex_column av_one_full  flex_column_div av-zero-column-padding first  avia-builder-el-2  el_after_av_one_full  el_before_av_one_full  column-top-margin\" style='border-radius:0px; '><section class=\"av_textblock_section \"  itemscope=\"itemscope\" itemtype=\"https:\/\/schema.org\/BlogPosting\" itemprop=\"blogPost\" ><div class='avia_textblock  '   itemprop=\"text\" ><p style=\"text-align: center;\"><strong><span style=\"font-size: 18pt;\">\u00a1Ya suena! el Beer Fest Ays\u00e9n 2025 revela su line-up y promete un fin de semana de m\u00fasica, cerveza y fiesta total en la Patagonia<\/span><\/strong><\/p>\n<div id=\"gtx-trans\" style=\"position: absolute; left: -50px; top: 4.31534px;\">\n<div class=\"gtx-trans-icon\"><\/div>\n<\/div>\n<\/div><\/section><\/div><div class=\"flex_column av_one_full  flex_column_div av-zero-column-padding first  avia-builder-el-4  el_after_av_one_full  el_before_av_hr  column-top-margin\" style='border-radius:0px; '><section class=\"av_textblock_section \"  itemscope=\"itemscope\" itemtype=\"https:\/\/schema.org\/BlogPosting\" itemprop=\"blogPost\" ><div class='avia_textblock  '   itemprop=\"text\" ><p style=\"text-align: justify;\"><em>Con m\u00e1s de 10 bandas y DJs, 10 cervecer\u00edas artesanales, foodtrucks, experiencias interactivas y dos d\u00edas de fiesta, el festival cervecero m\u00e1s austral de Chile lo tiene todo para convertirse en un hito imperdible del invierno.<\/em><\/p>\n<p style=\"text-align: justify;\">Puerto Ays\u00e9n se prepara para vivir <strong>una explosi\u00f3n de sabor, ritmo y cultura<\/strong> con la llegada del <strong>Beer Fest Ays\u00e9n 2025<\/strong>, el primer festival cervecero a gran escala de la Patagonia, que se tomar\u00e1 el frontis del Gimnasio Nalcayec los d\u00edas <strong>s\u00e1bado 12 y domingo 13 de julio<\/strong>.<\/p>\n<p style=\"text-align: justify;\">El evento, organizado por Aitue Producciones, confirm\u00f3 su <strong>line-up art\u00edstico<\/strong>, donde destacan proyectos musicales de alto nivel como <strong>Mahindra, JM Chand\u00eda, Pura Pilsen, Cynthia y Los 3, Enric Jagg, Joven Roble<\/strong>, y los tributos a <strong>Los V\u00e1squez<\/strong> y <strong>Bloque Depresivo<\/strong>, adem\u00e1s de la fiesta total con <strong>DJ Shady<\/strong> y el sonido de <strong>DJ Jopsen<\/strong>. La programaci\u00f3n busca <strong>encender el invierno con una mezcla irresistible de cumbia, jazz, electr\u00f3nica, rock y romanticismo cebolla<\/strong>, todo acompa\u00f1ado por m\u00e1s de <strong>10 cervezas artesanales del sur<\/strong>.<\/p>\n<p style=\"text-align: justify;\">Entre las marcas confirmadas est\u00e1n <strong>Alud, Hudson, Caminos, Kalus, Pilcheros, Pioneros, Camaruco, Fario, Arisca y Cerro Negro<\/strong>, que ofrecer\u00e1n una carta diversa en estilos, aromas y grados de car\u00e1cter patag\u00f3n. Para acompa\u00f1ar, habr\u00e1 foodtrucks con propuestas como <strong>salm\u00f3n ahumado, sushi burgers, completos XL y la cl\u00e1sica milanesa con papas<\/strong>, adem\u00e1s de una feria de emprendedores locales con productos \u00fanicos y 100% regionales.<\/p>\n<p style=\"text-align: justify;\">El Beer Fest Ays\u00e9n 2025 no es solo un carrete: es <strong>una experiencia pensada para todos<\/strong>. Contar\u00e1 con Zona Kids, juegos inflables, talleres creativos con materiales reciclados, shows de magia y la esperada cabina <strong>MK360<\/strong>, donde podr\u00e1s grabar tu video estilo alfombra roja\u2026 \u00a1en modo cerveza!<\/p>\n<p style=\"text-align: justify;\">Y porque tambi\u00e9n se celebra con conciencia, <strong>esta primera edici\u00f3n apuesta desde el inicio por la sustentabilidad<\/strong>, implementando el uso de <strong>ecovasos reutilizables<\/strong> y promoviendo la educaci\u00f3n ambiental con la charla abierta <strong>\u201c\u00a1Salud por el Reciclaje!\u201d<\/strong>, que invita a transformar nuestros h\u00e1bitos de consumo y aportar al cuidado del entorno.<\/p>\n<p style=\"text-align: justify;\">\u201cQueremos que el Beer Fest Ays\u00e9n sea desde su origen un festival verde, donde lo pasemos incre\u00edble sin dejar huella negativa. Apostamos por un evento que combine celebraci\u00f3n y responsabilidad con el territorio\u201d, afirm\u00f3 <strong>Karam Laibe<\/strong>, productor general del festival.<\/p>\n<p style=\"text-align: justify;\"><strong>Entradas disponibles en <\/strong><a href=\"http:\/\/www.beerfestaysen.cl\"><strong>www.beerfestaysen.cl<\/strong><\/a><\/p>\n<p style=\"text-align: justify;\">Las entradas ya est\u00e1n a la venta a trav\u00e9s del sitio web oficial <a href=\"https:\/\/www.beerfestaysen.cl\">www.beerfestaysen.cl<\/a>.<\/p>\n<p style=\"text-align: justify;\">El llamado es claro: <strong>invita a tus amigos, arma el grupo, abr\u00edgate bien y ven a vivir el primer festival cervecero de invierno en la Patagonia.<\/strong><\/p>\n<\/div><\/section><\/div><div  style='height:50px' class='hr hr-invisible   avia-builder-el-6  el_after_av_one_full  el_before_av_social_share '><span class='hr-inner ' ><span class='hr-inner-style'><\/span><\/span><\/div><\/p>\n<div  class='av-social-sharing-box  avia-builder-el-7  el_after_av_hr  el_before_av_hr  '><div class='av-share-box'><h5 class='av-share-link-description av-no-toc '>Compartir esta noticia<\/h5><ul class='av-share-box-list noLightbox'><li class='av-share-link av-social-link-facebook' ><a target=\"_blank\" aria-label=\"Compartir en Facebook\" href='https:\/\/www.facebook.com\/sharer.php?u=https:\/\/radiorevelacionfm.cl\/?p=55965&#038;t=%C2%A1Ya%20suena%21%20el%20Beer%20Fest%20Ays%C3%A9n%202025%20revela%20su%20line-up%20y%20promete%20un%20fin%20de%20semana%20de%20m%C3%BAsica%2C%20cerveza%20y%20fiesta%20total%20en%20la%20Patagonia' aria-hidden='false' data-av_icon='\ue8f3' data-av_iconfont='entypo-fontello' title='' data-avia-related-tooltip='Compartir en Facebook' rel=\"noopener\"><span class='avia_hidden_link_text'>Compartir en Facebook<\/span><\/a><\/li><li class='av-share-link av-social-link-twitter' ><a target=\"_blank\" aria-label=\"Compartir en Twitter\" href='https:\/\/twitter.com\/share?text=%C2%A1Ya%20suena%21%20el%20Beer%20Fest%20Ays%C3%A9n%202025%20revela%20su%20line-up%20y%20promete%20un%20fin%20de%20semana%20de%20m%C3%BAsica%2C%20cerveza%20y%20fiesta%20total%20en%20la%20Patagonia&#038;url=https:\/\/radiorevelacionfm.cl\/?p=55965' aria-hidden='false' data-av_icon='\ue8f1' data-av_iconfont='entypo-fontello' title='' data-avia-related-tooltip='Compartir en Twitter' rel=\"noopener\"><span class='avia_hidden_link_text'>Compartir en Twitter<\/span><\/a><\/li><li class='av-share-link av-social-link-whatsapp' ><a target=\"_blank\" aria-label=\"Compartir en Whatsapp\" href='https:\/\/api.whatsapp.com\/send?text=https:\/\/radiorevelacionfm.cl\/?p=55965' aria-hidden='false' data-av_icon='\uf232' data-av_iconfont='entypo-fontello' title='' data-avia-related-tooltip='Compartir en Whatsapp' rel=\"noopener\"><span class='avia_hidden_link_text'>Compartir en Whatsapp<\/span><\/a><\/li><li class='av-share-link av-social-link-linkedin' ><a target=\"_blank\" aria-label=\"Compartir en LinkedIn\" href='https:\/\/linkedin.com\/shareArticle?mini=true&#038;title=%C2%A1Ya%20suena%21%20el%20Beer%20Fest%20Ays%C3%A9n%202025%20revela%20su%20line-up%20y%20promete%20un%20fin%20de%20semana%20de%20m%C3%BAsica%2C%20cerveza%20y%20fiesta%20total%20en%20la%20Patagonia&#038;url=https:\/\/radiorevelacionfm.cl\/?p=55965' aria-hidden='false' data-av_icon='\ue8fc' data-av_iconfont='entypo-fontello' title='' data-avia-related-tooltip='Compartir en LinkedIn' rel=\"noopener\"><span class='avia_hidden_link_text'>Compartir en LinkedIn<\/span><\/a><\/li><li class='av-share-link av-social-link-mail' ><a  aria-label=\"Compartir por correo\" href='mailto:?subject=%C2%A1Ya%20suena%21%20el%20Beer%20Fest%20Ays%C3%A9n%202025%20revela%20su%20line-up%20y%20promete%20un%20fin%20de%20semana%20de%20m%C3%BAsica%2C%20cerveza%20y%20fiesta%20total%20en%20la%20Patagonia&#038;body=https:\/\/radiorevelacionfm.cl\/?p=55965' aria-hidden='false' data-av_icon='\ue805' data-av_iconfont='entypo-fontello' title='' data-avia-related-tooltip='Compartir por correo'><span class='avia_hidden_link_text'>Compartir por correo<\/span><\/a><\/li><\/ul><\/div><\/div>\n<div  style='height:50px' class='hr hr-invisible   avia-builder-el-8  el_after_av_social_share  el_before_av_comments_list '><span class='hr-inner ' ><span class='hr-inner-style'><\/span><\/span><\/div>\n<div  class='av-buildercomment  av-blog-meta-html-info-disabled av-blog-meta-tag-disabled  '><\/div>\n","protected":false},"excerpt":{"rendered":"","protected":false},"author":1,"featured_media":55966,"comment_status":"closed","ping_status":"closed","sticky":false,"template":"","format":"standard","meta":{"footnotes":""},"categories":[38],"tags":[],"class_list":["post-55965","post","type-post","status-publish","format-standard","has-post-thumbnail","hentry","category-regional"],"jetpack_featured_media_url":"https:\/\/radiorevelacionfm.cl\/wp-content\/uploads\/2025\/07\/img_7226-1-1_optimized.jpg","_links":{"self":[{"href":"https:\/\/radiorevelacionfm.cl\/index.php?rest_route=\/wp\/v2\/posts\/55965","targetHints":{"allow":["GET"]}}],"collection":[{"href":"https:\/\/radiorevelacionfm.cl\/index.php?rest_route=\/wp\/v2\/posts"}],"about":[{"href":"https:\/\/radiorevelacionfm.cl\/index.php?rest_route=\/wp\/v2\/types\/post"}],"author":[{"embeddable":true,"href":"https:\/\/radiorevelacionfm.cl\/index.php?rest_route=\/wp\/v2\/users\/1"}],"replies":[{"embeddable":true,"href":"https:\/\/radiorevelacionfm.cl\/index.php?rest_route=%2Fwp%2Fv2%2Fcomments&post=55965"}],"version-history":[{"count":3,"href":"https:\/\/radiorevelacionfm.cl\/index.php?rest_route=\/wp\/v2\/posts\/55965\/revisions"}],"predecessor-version":[{"id":55983,"href":"https:\/\/radiorevelacionfm.cl\/index.php?rest_route=\/wp\/v2\/posts\/55965\/revisions\/55983"}],"wp:featuredmedia":[{"embeddable":true,"href":"https:\/\/radiorevelacionfm.cl\/index.php?rest_route=\/wp\/v2\/media\/55966"}],"wp:attachment":[{"href":"https:\/\/radiorevelacionfm.cl\/index.php?rest_route=%2Fwp%2Fv2%2Fmedia&parent=55965"}],"wp:term":[{"taxonomy":"category","embeddable":true,"href":"https:\/\/radiorevelacionfm.cl\/index.php?rest_route=%2Fwp%2Fv2%2Fcategories&post=55965"},{"taxonomy":"post_tag","embeddable":true,"href":"https:\/\/radiorevelacionfm.cl\/index.php?rest_route=%2Fwp%2Fv2%2Ftags&post=55965"}],"curies":[{"name":"wp","href":"https:\/\/api.w.org\/{rel}","templated":true}]}}