{"id":55961,"date":"2025-07-02T11:52:51","date_gmt":"2025-07-02T14:52:51","guid":{"rendered":"https:\/\/radiorevelacionfm.cl\/?p=55961"},"modified":"2025-07-02T11:52:51","modified_gmt":"2025-07-02T14:52:51","slug":"codesa-impartira-talleres-online-de-herramientas-para-la-fiscalizacion-y-accion-socioambiental","status":"publish","type":"post","link":"https:\/\/radiorevelacionfm.cl\/?p=55961","title":{"rendered":"CODESA impartir\u00e1 talleres online de herramientas para la fiscalizaci\u00f3n y acci\u00f3n socioambiental"},"content":{"rendered":"<div class=\"flex_column av_one_full  flex_column_div av-zero-column-padding first  avia-builder-el-0  el_before_av_one_full  avia-builder-el-first  \" style='border-radius:0px; '><div  class='avia-image-container  av-styling-    avia-builder-el-1  avia-builder-el-no-sibling  avia-align-center '  itemprop=\"image\" itemscope=\"itemscope\" itemtype=\"https:\/\/schema.org\/ImageObject\"  ><div class='avia-image-container-inner'><div class='avia-image-overlay-wrap'><img decoding=\"async\" class='wp-image-55962 avia-img-lazy-loading-not-55962 avia_image' src=\"https:\/\/radiorevelacionfm.cl\/wp-content\/uploads\/2025\/07\/Afiche-Curso-U-Socioambiental-Codesa-2025-1-1.jpg\" alt='' title='Afiche Curso U Socioambiental Codesa 2025 (1) (1)' height=\"1000\" width=\"799\"  itemprop=\"thumbnailUrl\" srcset=\"https:\/\/radiorevelacionfm.cl\/wp-content\/uploads\/2025\/07\/Afiche-Curso-U-Socioambiental-Codesa-2025-1-1.jpg 799w, https:\/\/radiorevelacionfm.cl\/wp-content\/uploads\/2025\/07\/Afiche-Curso-U-Socioambiental-Codesa-2025-1-1-240x300.jpg 240w, https:\/\/radiorevelacionfm.cl\/wp-content\/uploads\/2025\/07\/Afiche-Curso-U-Socioambiental-Codesa-2025-1-1-768x961.jpg 768w, https:\/\/radiorevelacionfm.cl\/wp-content\/uploads\/2025\/07\/Afiche-Curso-U-Socioambiental-Codesa-2025-1-1-563x705.jpg 563w, https:\/\/radiorevelacionfm.cl\/wp-content\/uploads\/2025\/07\/Afiche-Curso-U-Socioambiental-Codesa-2025-1-1-450x563.jpg 450w, https:\/\/radiorevelacionfm.cl\/wp-content\/uploads\/2025\/07\/Afiche-Curso-U-Socioambiental-Codesa-2025-1-1-600x751.jpg 600w\" sizes=\"(max-width: 799px) 100vw, 799px\" \/><\/div><\/div><\/div><\/div><div class=\"flex_column av_one_full  flex_column_div av-zero-column-padding first  avia-builder-el-2  el_after_av_one_full  el_before_av_one_full  column-top-margin\" style='border-radius:0px; '><section class=\"av_textblock_section \"  itemscope=\"itemscope\" itemtype=\"https:\/\/schema.org\/BlogPosting\" itemprop=\"blogPost\" ><div class='avia_textblock  '   itemprop=\"text\" ><p style=\"text-align: center;\"><span style=\"font-size: 18pt;\"><b><span lang=\"ES-TRAD\">CODESA impartir\u00e1 talleres online de herramientas para la fiscalizaci\u00f3n y acci\u00f3n socioambiental<\/span><\/b><\/span><\/p>\n<div id=\"gtx-trans\" style=\"position: absolute; left: -50px; top: 4.31534px;\">\n<div class=\"gtx-trans-icon\"><\/div>\n<\/div>\n<\/div><\/section><\/div><div class=\"flex_column av_one_full  flex_column_div av-zero-column-padding first  avia-builder-el-4  el_after_av_one_full  el_before_av_hr  column-top-margin\" style='border-radius:0px; '><section class=\"av_textblock_section \"  itemscope=\"itemscope\" itemtype=\"https:\/\/schema.org\/BlogPosting\" itemprop=\"blogPost\" ><div class='avia_textblock  '   itemprop=\"text\" ><p class=\"v1gmail-MsoListParagraphCxSpFirst\" style=\"text-align: justify;\"><i><span lang=\"ES-TRAD\">\u00b7 Curso parte este 4 de julio a las 18,30 hrs (19,30 hrs en Ays\u00e9n y Magallanes) con capacitaciones sobre t\u00e9cnicas de visualizaci\u00f3n y b\u00fasqueda de informaci\u00f3n en portales digitales, basadas en mecanismos de geolocalizaci\u00f3n.<span class=\"v1gmail-Apple-converted-space\">\u00a0<\/span><\/span><\/i><\/p>\n<p class=\"v1gmail-MsoListParagraphCxSpMiddle\" style=\"text-align: justify;\"><span lang=\"ES-TRAD\">\u00b7 <\/span><i><span lang=\"ES-TRAD\">En las semanas siguientes, uso de portales institucionales de informaci\u00f3n ambiental e internacionales con foco en litoral y oc\u00e9ano.<\/span><\/i><\/p>\n<p class=\"v1gmail-MsoListParagraphCxSpLast\" style=\"text-align: justify;\"><b><span lang=\"ES-TRAD\">\u00ab<i>Herramientas de acceso ciudadano para la fiscalizaci\u00f3n y acci\u00f3n socioambiental<\/i>\u00ab. <\/span><\/b><span lang=\"ES-TRAD\">Con este nombre, directores de la Corporaci\u00f3n Privada para el Desarrollo de Ays\u00e9n (CODESA) impartir\u00e1n una serie de talleres online a partir del<span class=\"v1gmail-Apple-converted-space\">\u00a0<\/span><b>viernes 4 de julio<\/b><span class=\"v1gmail-Apple-converted-space\">\u00a0<\/span>en el marco de la Universidad Socioambiental que impulsa ONG FIMA, con apoyo de la fundaci\u00f3n alemana Friedrich Ebert. Durante tres sesiones semanales consecutivas, a las 19:30 hrs. en el caso de Ays\u00e9n y Magallanes y a las 18:30 hrs. en el resto del pa\u00eds, los dirigentes pondr\u00e1n a disposici\u00f3n de las y los participantes su experiencia y conocimientos en materia de fiscalizaci\u00f3n socioambiental.<\/span><\/p>\n<p class=\"v1MsoNormal\" style=\"text-align: justify;\"><span lang=\"ES-TRAD\">La idea es entregar conocimientos para el uso pr\u00e1ctico de distintos sistemas de informaci\u00f3n, bases de datos y herramientas en la fiscalizaci\u00f3n y monitoreo ambiental en los territorios. Est\u00e1 dirigido a ciudadanas y ciudadanos interesados en acceder a informaci\u00f3n p\u00fablica relacionada con situaciones que afectan el medio ambiente y\/o vinculadas a conflictos socioambientales territoriales.<\/span><\/p>\n<p class=\"v1MsoNormal\" style=\"text-align: justify;\"><span lang=\"ES-TRAD\">El<span class=\"v1gmail-Apple-converted-space\">\u00a0<\/span><b>viernes 4 de julio<\/b><span class=\"v1gmail-Apple-converted-space\">\u00a0<\/span>el<span class=\"v1gmail-Apple-converted-space\">\u00a0<\/span><b>periodista Patricio Segura Ortiz<\/b><span class=\"v1gmail-Apple-converted-space\">\u00a0<\/span>abordar\u00e1<span class=\"v1gmail-Apple-converted-space\">\u00a0<\/span><b>t\u00e9cnicas de visualizaci\u00f3n y b\u00fasqueda de informaci\u00f3n en portales digitales, basadas en mecanismos de geolocalizaci\u00f3n.<\/b> Esto incluye mapas SII, Sernapesca (concesiones acu\u00edcolas), Sernageomin (concesiones mineras), im\u00e1genes georreferenciadas, uso y generaci\u00f3n de kmz y kml.\u00a0<span class=\"v1gmail-Apple-converted-space\">\u00a0<\/span>Adem\u00e1s, b\u00fasqueda de informaci\u00f3n cr\u00edtica de propiedades en bases de datos SII y Tesorer\u00eda General de la Rep\u00fablica.<\/span><\/p>\n<p class=\"v1MsoNormal\" style=\"text-align: justify;\"><span lang=\"ES-TRAD\">El<span class=\"v1gmail-Apple-converted-space\">\u00a0<\/span><b>11 de julio<\/b>, en tanto, el<span class=\"v1gmail-Apple-converted-space\">\u00a0<\/span><b>presidente de la organizaci\u00f3n Erwin Sandoval Gallardo<\/b><span class=\"v1gmail-Apple-converted-space\">\u00a0<\/span>explicar\u00e1 los mecanismos para recopilar<span class=\"v1gmail-Apple-converted-space\">\u00a0<\/span><b>informaci\u00f3n sobre proyectos e iniciativas en bases de datos institucionales ambientales<\/b><span class=\"v1gmail-Apple-converted-space\">\u00a0<\/span>como son el Sistema de Consultas de Pertinencia, el Sistema de Evaluaci\u00f3n de Impacto Ambiental electr\u00f3nico (SEIA) y el Sistema Nacional de Informaci\u00f3n de Fiscalizaci\u00f3n Ambiental (SNIFA), entre otros.<\/span><\/p>\n<p class=\"v1MsoNormal\" style=\"text-align: justify;\"><span lang=\"ES-TRAD\">Por \u00faltimo, el<span class=\"v1gmail-Apple-converted-space\">\u00a0<\/span><b>18 de julio<\/b><span class=\"v1gmail-Apple-converted-space\">\u00a0<\/span>la<span class=\"v1gmail-Apple-converted-space\">\u00a0<\/span><b>ocean\u00f3grafa Romanet Seguel-Rojas Manquez<\/b>, quien adem\u00e1s es cofundadora de AyCiencia de Puerto Ays\u00e9n,<span class=\"v1gmail-Apple-converted-space\">\u00a0<\/span><b>se referir\u00e1 al manejo de herramientas generales sobre litoral y oc\u00e9anos<\/b>, como batimetr\u00edas globales, datos de sat\u00e9lite, sistema NOAAA, nivel del mar online.<\/span><\/p>\n<p class=\"v1MsoNormal\" style=\"text-align: justify;\"><span lang=\"ES-TRAD\">La idea es aportar al monitoreo, fiscalizaci\u00f3n y participaci\u00f3n ciudadana socioambiental en un contexto de regresi\u00f3n en materia de protecci\u00f3n de la naturaleza y las comunidades que de ella dependen.<\/span><\/p>\n<p class=\"v1MsoNormal\" style=\"text-align: justify;\"><span lang=\"ES-TRAD\">Las y los interesados en estos talleres se pueden inscribir en el portal de la<span class=\"v1gmail-Apple-converted-space\">\u00a0<\/span><\/span><a href=\"https:\/\/usocioambiental.cl\/\" target=\"_blank\" rel=\"noopener noreferrer\"><span lang=\"ES-TRAD\">Universidad Socioambiental<\/span><\/a><span lang=\"ES-TRAD\">.<\/span><\/p>\n<\/div><\/section><\/div><div  style='height:50px' class='hr hr-invisible   avia-builder-el-6  el_after_av_one_full  el_before_av_social_share '><span class='hr-inner ' ><span class='hr-inner-style'><\/span><\/span><\/div><\/p>\n<div  class='av-social-sharing-box  avia-builder-el-7  el_after_av_hr  el_before_av_hr  '><div class='av-share-box'><h5 class='av-share-link-description av-no-toc '>Compartir esta noticia<\/h5><ul class='av-share-box-list noLightbox'><li class='av-share-link av-social-link-facebook' ><a target=\"_blank\" aria-label=\"Compartir en Facebook\" href='https:\/\/www.facebook.com\/sharer.php?u=https:\/\/radiorevelacionfm.cl\/?p=55961&#038;t=CODESA%20impartir%C3%A1%20talleres%20online%20de%20herramientas%20para%20la%20fiscalizaci%C3%B3n%20y%20acci%C3%B3n%20socioambiental' aria-hidden='false' data-av_icon='\ue8f3' data-av_iconfont='entypo-fontello' title='' data-avia-related-tooltip='Compartir en Facebook' rel=\"noopener\"><span class='avia_hidden_link_text'>Compartir en Facebook<\/span><\/a><\/li><li class='av-share-link av-social-link-twitter' ><a target=\"_blank\" aria-label=\"Compartir en Twitter\" href='https:\/\/twitter.com\/share?text=CODESA%20impartir%C3%A1%20talleres%20online%20de%20herramientas%20para%20la%20fiscalizaci%C3%B3n%20y%20acci%C3%B3n%20socioambiental&#038;url=https:\/\/radiorevelacionfm.cl\/?p=55961' aria-hidden='false' data-av_icon='\ue8f1' data-av_iconfont='entypo-fontello' title='' data-avia-related-tooltip='Compartir en Twitter' rel=\"noopener\"><span class='avia_hidden_link_text'>Compartir en Twitter<\/span><\/a><\/li><li class='av-share-link av-social-link-whatsapp' ><a target=\"_blank\" aria-label=\"Compartir en Whatsapp\" href='https:\/\/api.whatsapp.com\/send?text=https:\/\/radiorevelacionfm.cl\/?p=55961' aria-hidden='false' data-av_icon='\uf232' data-av_iconfont='entypo-fontello' title='' data-avia-related-tooltip='Compartir en Whatsapp' rel=\"noopener\"><span class='avia_hidden_link_text'>Compartir en Whatsapp<\/span><\/a><\/li><li class='av-share-link av-social-link-linkedin' ><a target=\"_blank\" aria-label=\"Compartir en LinkedIn\" href='https:\/\/linkedin.com\/shareArticle?mini=true&#038;title=CODESA%20impartir%C3%A1%20talleres%20online%20de%20herramientas%20para%20la%20fiscalizaci%C3%B3n%20y%20acci%C3%B3n%20socioambiental&#038;url=https:\/\/radiorevelacionfm.cl\/?p=55961' aria-hidden='false' data-av_icon='\ue8fc' data-av_iconfont='entypo-fontello' title='' data-avia-related-tooltip='Compartir en LinkedIn' rel=\"noopener\"><span class='avia_hidden_link_text'>Compartir en LinkedIn<\/span><\/a><\/li><li class='av-share-link av-social-link-mail' ><a  aria-label=\"Compartir por correo\" href='mailto:?subject=CODESA%20impartir%C3%A1%20talleres%20online%20de%20herramientas%20para%20la%20fiscalizaci%C3%B3n%20y%20acci%C3%B3n%20socioambiental&#038;body=https:\/\/radiorevelacionfm.cl\/?p=55961' aria-hidden='false' data-av_icon='\ue805' data-av_iconfont='entypo-fontello' title='' data-avia-related-tooltip='Compartir por correo'><span class='avia_hidden_link_text'>Compartir por correo<\/span><\/a><\/li><\/ul><\/div><\/div>\n<div  style='height:50px' class='hr hr-invisible   avia-builder-el-8  el_after_av_social_share  el_before_av_comments_list '><span class='hr-inner ' ><span class='hr-inner-style'><\/span><\/span><\/div>\n<div  class='av-buildercomment  av-blog-meta-html-info-disabled av-blog-meta-tag-disabled  '><\/div>\n","protected":false},"excerpt":{"rendered":"","protected":false},"author":1,"featured_media":55962,"comment_status":"closed","ping_status":"closed","sticky":false,"template":"","format":"standard","meta":{"footnotes":""},"categories":[39],"tags":[],"class_list":["post-55961","post","type-post","status-publish","format-standard","has-post-thumbnail","hentry","category-medio-ambiente"],"jetpack_featured_media_url":"https:\/\/radiorevelacionfm.cl\/wp-content\/uploads\/2025\/07\/Afiche-Curso-U-Socioambiental-Codesa-2025-1-1.jpg","_links":{"self":[{"href":"https:\/\/radiorevelacionfm.cl\/index.php?rest_route=\/wp\/v2\/posts\/55961","targetHints":{"allow":["GET"]}}],"collection":[{"href":"https:\/\/radiorevelacionfm.cl\/index.php?rest_route=\/wp\/v2\/posts"}],"about":[{"href":"https:\/\/radiorevelacionfm.cl\/index.php?rest_route=\/wp\/v2\/types\/post"}],"author":[{"embeddable":true,"href":"https:\/\/radiorevelacionfm.cl\/index.php?rest_route=\/wp\/v2\/users\/1"}],"replies":[{"embeddable":true,"href":"https:\/\/radiorevelacionfm.cl\/index.php?rest_route=%2Fwp%2Fv2%2Fcomments&post=55961"}],"version-history":[{"count":2,"href":"https:\/\/radiorevelacionfm.cl\/index.php?rest_route=\/wp\/v2\/posts\/55961\/revisions"}],"predecessor-version":[{"id":56000,"href":"https:\/\/radiorevelacionfm.cl\/index.php?rest_route=\/wp\/v2\/posts\/55961\/revisions\/56000"}],"wp:featuredmedia":[{"embeddable":true,"href":"https:\/\/radiorevelacionfm.cl\/index.php?rest_route=\/wp\/v2\/media\/55962"}],"wp:attachment":[{"href":"https:\/\/radiorevelacionfm.cl\/index.php?rest_route=%2Fwp%2Fv2%2Fmedia&parent=55961"}],"wp:term":[{"taxonomy":"category","embeddable":true,"href":"https:\/\/radiorevelacionfm.cl\/index.php?rest_route=%2Fwp%2Fv2%2Fcategories&post=55961"},{"taxonomy":"post_tag","embeddable":true,"href":"https:\/\/radiorevelacionfm.cl\/index.php?rest_route=%2Fwp%2Fv2%2Ftags&post=55961"}],"curies":[{"name":"wp","href":"https:\/\/api.w.org\/{rel}","templated":true}]}}