{"id":5596,"date":"2021-06-24T16:33:09","date_gmt":"2021-06-24T19:33:09","guid":{"rendered":"https:\/\/radiorevelacionfm.cl\/?p=5596"},"modified":"2021-06-24T16:33:09","modified_gmt":"2021-06-24T19:33:09","slug":"municipio-revitalizara-tres-plazas-de-puerto-aysen-tras-financiamiento-del-minvu","status":"publish","type":"post","link":"https:\/\/radiorevelacionfm.cl\/?p=5596","title":{"rendered":"Municipio revitalizar\u00e1 tres plazas de Puerto Ays\u00e9n tras financiamiento del Minvu"},"content":{"rendered":"<div class=\"flex_column av_one_full  flex_column_div av-zero-column-padding first  avia-builder-el-0  el_before_av_one_full  avia-builder-el-first  \" style='border-radius:0px; '><div  class='avia-image-container  av-styling-    avia-builder-el-1  avia-builder-el-no-sibling  avia-align-center '  itemprop=\"image\" itemscope=\"itemscope\" itemtype=\"https:\/\/schema.org\/ImageObject\"  ><div class='avia-image-container-inner'><div class='avia-image-overlay-wrap'><img decoding=\"async\" class='wp-image-0 avia-img-lazy-loading-not-0 avia_image' src=\"https:\/\/radiorevelacionfm.cl\/wp-content\/uploads\/2021\/06\/img-plazasds272-1_optimized.jpg\" alt='' title=''   itemprop=\"thumbnailUrl\"  \/><\/div><\/div><\/div><\/div><div class=\"flex_column av_one_full  flex_column_div av-zero-column-padding first  avia-builder-el-2  el_after_av_one_full  el_before_av_one_full  column-top-margin\" style='border-radius:0px; '><section class=\"av_textblock_section \"  itemscope=\"itemscope\" itemtype=\"https:\/\/schema.org\/BlogPosting\" itemprop=\"blogPost\" ><div class='avia_textblock  '   itemprop=\"text\" ><p style=\"text-align: center;\"><strong><span style=\"font-size: 18pt;\">Municipio revitalizar\u00e1 tres plazas de Puerto Ays\u00e9n tras financiamiento del Minvu <\/span><\/strong><\/p>\n<div id=\"gtx-trans\" style=\"position: absolute; left: -50px; top: 4.31534px;\">\n<div class=\"gtx-trans-icon\"><\/div>\n<\/div>\n<\/div><\/section><\/div><div class=\"flex_column av_one_full  flex_column_div av-zero-column-padding first  avia-builder-el-4  el_after_av_one_full  el_before_av_hr  column-top-margin\" style='border-radius:0px; '><section class=\"av_textblock_section \"  itemscope=\"itemscope\" itemtype=\"https:\/\/schema.org\/BlogPosting\" itemprop=\"blogPost\" ><div class='avia_textblock  '   itemprop=\"text\" ><p style=\"text-align: justify;\">Para la gesti\u00f3n encabezada por el edil, Luis Mart\u00ednez Gallardo, una de las prioridades fue apoyar el desarrollo nuevos espacios que permitan a los ayseninos disfrutar de sus entornos. En este sentido, la primera autoridad comunal acompa\u00f1ado del Seremi de Vivienda y Urbanismo, Diego Silva Barrera, lider\u00f3 la entrega simb\u00f3lica de terrenos correspondientes a las Plazas: Desaf\u00edo Justo y Las Araucarias, as\u00ed como tambi\u00e9n de la ic\u00f3nica Plazoleta de la Virgen. Obras que son posibles de ejecutar gracias al financiamiento obtenido por la Casa Edilicia en el Programa Hogar Mejor: Cap\u00edtulo I \u201cProyectos para Equipamiento Comunitario\u201d del Ministerio de Vivienda y Urbanismo (DS 27).<\/p>\n<p style=\"text-align: justify;\">En este sentido, el edil de Ays\u00e9n, relev\u00f3 el trabajo efectuado al mando de los destinos de la comuna en conjunto con las organizaciones y que permitieron finalmente establecer un lugar para reconocer la contribuci\u00f3n del pueblo chilote a la cultura aysenina. Tambi\u00e9n abord\u00f3 el trabajo a efectuar en la Poblaci\u00f3n Desaf\u00edo Justo y que significar\u00e1 una importante mejora al espacio existente y que se integrar\u00e1 al nuevo circuito de c\u00e1maras de vigilancia con el que contar\u00e1 la ciudad de Puerto Ays\u00e9n.<\/p>\n<p style=\"text-align: justify;\">Asimismo, \u00a0la autoridad comunal se refiri\u00f3 al hermosamiento que tendr\u00e1 la ic\u00f3nica Plazoleta de la Virgen, tras conseguir el apoyo del Club Deportivo Amigos de Ays\u00e9n, quienes patrocinaron esta iniciativa que busca recuperar un espacio de congregaci\u00f3n y peregrinaci\u00f3n, \u201cas\u00ed es que en cinco o seis meses m\u00e1s ya se ver\u00e1n terminadas estas tres iniciativas por las que trabajamos junto a los vecinos, porque esto lleva adem\u00e1s consulta ciudadana porque fin de cuentas son los vecinos quienes definen que se hace en cada lugar\u201d.<\/p>\n<p style=\"text-align: justify;\">Por su parte, Secretario Regional Ministerial de Vivienda y Urbanismo, Diego Silva Barrera, abord\u00f3 que principalmente existe una amplia concepci\u00f3n sobre el trabajo del ministerio en la creaci\u00f3n de viviendas. Sin embargo, aclar\u00f3 que para ellos son igual de importante los espacios p\u00fablicos y en este sentido, el personero de gobierno relev\u00f3 la importancia de las Plazas, a\u00fan m\u00e1s en el actual contexto sanitario de pandemia, \u201cestamos reviviendo muchas pero muchas plazas, as\u00ed que muy agradecido porque las plazas est\u00e1n siendo el coraz\u00f3n de cada barrio, de cada poblaci\u00f3n y eso se est\u00e1 cumpliendo aqu\u00ed en Puerto Ays\u00e9n\u201d.<\/p>\n<p style=\"text-align: justify;\">Erminio Godoy, vicepresidente de la JJ.VV, \u201cPor un Desaf\u00edo Justo\u201d mencion\u00f3 respecto al proyecto a ejecutar en su sector y que considera una inversi\u00f3n de $ 93.177.952 que \u201cesta es una buena gesti\u00f3n y han realizado un buen trabajo, yo creo que queda la vara bien puesta, bien alta, para que contin\u00faen estas cosas que se est\u00e1n haciendo y hermoseando nuestra comuna. Feliz, contento y yo creo que todos los vecinos nos vamos a sentir orgullosos de esto que va a quedar y ojal\u00e1 que lo cuidemos\u201d.<\/p>\n<p style=\"text-align: justify;\">En tanto, Jos\u00e9 Pincol Millacura, presidente de la Agrupaci\u00f3n \u201cC\u00edrculo Hijos y Amigos de Chilo\u00e9\u201d declar\u00f3 que esto \u201cpr\u00e1cticamente es momento de un sue\u00f1o, porque aqu\u00ed ya se comenzar\u00e1 un trabajo por el que tanto se luch\u00f3\u201d, el proyecto a ejecutar con el patrocinio de esta organizaci\u00f3n instalar\u00e1 en la actual Plaza de las Araucarias nuevo mobiliario p\u00fablico en el cual se relevar\u00e1 la impronta chilota bajo la cual se construye la comuna de Ays\u00e9n, implicando para ello una inversi\u00f3n de $113.269.447.<\/p>\n<p style=\"text-align: justify;\">Finalmente, Pedro \u00c1lvarez, presidente de la Agrupaci\u00f3n de Amigos del Deporte Social y Cultural de Puerto Ays\u00e9n, explic\u00f3 que desde su organizaci\u00f3n no dudaron en prestar pronta colaboraci\u00f3n con el municipio para poder contribuir con la mejora y recuperaci\u00f3n de este emblem\u00e1tico espacio p\u00fablico del sector Gabriela Mistral, tras ser consultado sobre qu\u00e9 mensaje podr\u00eda entregar a la comunidad, el dirigente se\u00f1al\u00f3 \u201clo dicho en todas las instancias, donde cuando se coloca un bien al servicio de la comunidad se debe cuidar porque nos pertenece todos\u201d, sentenci\u00f3 \u00c1lvarez.<\/p>\n<\/div><\/section><\/div><div  style='height:50px' class='hr hr-invisible   avia-builder-el-6  el_after_av_one_full  el_before_av_social_share '><span class='hr-inner ' ><span class='hr-inner-style'><\/span><\/span><\/div><\/p>\n<div  class='av-social-sharing-box  avia-builder-el-7  el_after_av_hr  el_before_av_hr  '><div class='av-share-box'><h5 class='av-share-link-description av-no-toc '>Compartir esta noticia<\/h5><ul class='av-share-box-list noLightbox'><li class='av-share-link av-social-link-facebook' ><a target=\"_blank\" aria-label=\"Compartir en Facebook\" href='https:\/\/www.facebook.com\/sharer.php?u=https:\/\/radiorevelacionfm.cl\/?p=5596&#038;t=Municipio%20revitalizar%C3%A1%20tres%20plazas%20de%20Puerto%20Ays%C3%A9n%20tras%20financiamiento%20del%20Minvu' aria-hidden='false' data-av_icon='\ue8f3' data-av_iconfont='entypo-fontello' title='' data-avia-related-tooltip='Compartir en Facebook' rel=\"noopener\"><span class='avia_hidden_link_text'>Compartir en Facebook<\/span><\/a><\/li><li class='av-share-link av-social-link-twitter' ><a target=\"_blank\" aria-label=\"Compartir en Twitter\" href='https:\/\/twitter.com\/share?text=Municipio%20revitalizar%C3%A1%20tres%20plazas%20de%20Puerto%20Ays%C3%A9n%20tras%20financiamiento%20del%20Minvu&#038;url=https:\/\/radiorevelacionfm.cl\/?p=5596' aria-hidden='false' data-av_icon='\ue8f1' data-av_iconfont='entypo-fontello' title='' data-avia-related-tooltip='Compartir en Twitter' rel=\"noopener\"><span class='avia_hidden_link_text'>Compartir en Twitter<\/span><\/a><\/li><li class='av-share-link av-social-link-whatsapp' ><a target=\"_blank\" aria-label=\"Compartir en Whatsapp\" href='https:\/\/api.whatsapp.com\/send?text=https:\/\/radiorevelacionfm.cl\/?p=5596' aria-hidden='false' data-av_icon='\uf232' data-av_iconfont='entypo-fontello' title='' data-avia-related-tooltip='Compartir en Whatsapp' rel=\"noopener\"><span class='avia_hidden_link_text'>Compartir en Whatsapp<\/span><\/a><\/li><li class='av-share-link av-social-link-linkedin' ><a target=\"_blank\" aria-label=\"Compartir en LinkedIn\" href='https:\/\/linkedin.com\/shareArticle?mini=true&#038;title=Municipio%20revitalizar%C3%A1%20tres%20plazas%20de%20Puerto%20Ays%C3%A9n%20tras%20financiamiento%20del%20Minvu&#038;url=https:\/\/radiorevelacionfm.cl\/?p=5596' aria-hidden='false' data-av_icon='\ue8fc' data-av_iconfont='entypo-fontello' title='' data-avia-related-tooltip='Compartir en LinkedIn' rel=\"noopener\"><span class='avia_hidden_link_text'>Compartir en LinkedIn<\/span><\/a><\/li><li class='av-share-link av-social-link-mail' ><a  aria-label=\"Compartir por correo\" href='mailto:?subject=Municipio%20revitalizar%C3%A1%20tres%20plazas%20de%20Puerto%20Ays%C3%A9n%20tras%20financiamiento%20del%20Minvu&#038;body=https:\/\/radiorevelacionfm.cl\/?p=5596' aria-hidden='false' data-av_icon='\ue805' data-av_iconfont='entypo-fontello' title='' data-avia-related-tooltip='Compartir por correo'><span class='avia_hidden_link_text'>Compartir por correo<\/span><\/a><\/li><\/ul><\/div><\/div>\n<div  style='height:50px' class='hr hr-invisible   avia-builder-el-8  el_after_av_social_share  el_before_av_comments_list '><span class='hr-inner ' ><span class='hr-inner-style'><\/span><\/span><\/div>\n<div  class='av-buildercomment  av-blog-meta-html-info-disabled av-blog-meta-tag-disabled  '><\/div>\n","protected":false},"excerpt":{"rendered":"","protected":false},"author":1,"featured_media":0,"comment_status":"open","ping_status":"open","sticky":false,"template":"","format":"standard","meta":{"footnotes":""},"categories":[38],"tags":[],"class_list":["post-5596","post","type-post","status-publish","format-standard","hentry","category-regional"],"jetpack_featured_media_url":"","_links":{"self":[{"href":"https:\/\/radiorevelacionfm.cl\/index.php?rest_route=\/wp\/v2\/posts\/5596","targetHints":{"allow":["GET"]}}],"collection":[{"href":"https:\/\/radiorevelacionfm.cl\/index.php?rest_route=\/wp\/v2\/posts"}],"about":[{"href":"https:\/\/radiorevelacionfm.cl\/index.php?rest_route=\/wp\/v2\/types\/post"}],"author":[{"embeddable":true,"href":"https:\/\/radiorevelacionfm.cl\/index.php?rest_route=\/wp\/v2\/users\/1"}],"replies":[{"embeddable":true,"href":"https:\/\/radiorevelacionfm.cl\/index.php?rest_route=%2Fwp%2Fv2%2Fcomments&post=5596"}],"version-history":[{"count":1,"href":"https:\/\/radiorevelacionfm.cl\/index.php?rest_route=\/wp\/v2\/posts\/5596\/revisions"}],"predecessor-version":[{"id":5598,"href":"https:\/\/radiorevelacionfm.cl\/index.php?rest_route=\/wp\/v2\/posts\/5596\/revisions\/5598"}],"wp:attachment":[{"href":"https:\/\/radiorevelacionfm.cl\/index.php?rest_route=%2Fwp%2Fv2%2Fmedia&parent=5596"}],"wp:term":[{"taxonomy":"category","embeddable":true,"href":"https:\/\/radiorevelacionfm.cl\/index.php?rest_route=%2Fwp%2Fv2%2Fcategories&post=5596"},{"taxonomy":"post_tag","embeddable":true,"href":"https:\/\/radiorevelacionfm.cl\/index.php?rest_route=%2Fwp%2Fv2%2Ftags&post=5596"}],"curies":[{"name":"wp","href":"https:\/\/api.w.org\/{rel}","templated":true}]}}