{"id":55958,"date":"2025-07-01T15:03:10","date_gmt":"2025-07-01T18:03:10","guid":{"rendered":"https:\/\/radiorevelacionfm.cl\/?p=55958"},"modified":"2025-07-01T15:03:10","modified_gmt":"2025-07-01T18:03:10","slug":"en-prision-preventiva-hombre-de-40-anos-detenido-por-el-delito-de-violacion","status":"publish","type":"post","link":"https:\/\/radiorevelacionfm.cl\/?p=55958","title":{"rendered":"En prisi\u00f3n preventiva hombre de 40 a\u00f1os detenido por el delito de violaci\u00f3n"},"content":{"rendered":"<div class=\"flex_column av_one_full  flex_column_div av-zero-column-padding first  avia-builder-el-0  el_before_av_one_full  avia-builder-el-first  \" style='border-radius:0px; '><div  class='avia-image-container  av-styling-    avia-builder-el-1  avia-builder-el-no-sibling  avia-align-center '  itemprop=\"image\" itemscope=\"itemscope\" itemtype=\"https:\/\/schema.org\/ImageObject\"  ><div class='avia-image-container-inner'><div class='avia-image-overlay-wrap'><img decoding=\"async\" class='wp-image-36325 avia-img-lazy-loading-not-36325 avia_image' src=\"https:\/\/radiorevelacionfm.cl\/wp-content\/uploads\/2023\/10\/ENTREVISTA-VIDEOGRABADA-BRISEX-1-1.jpg\" alt='' title='ENTREVISTA VIDEOGRABADA BRISEX (1) (1)' height=\"600\" width=\"904\"  itemprop=\"thumbnailUrl\" srcset=\"https:\/\/radiorevelacionfm.cl\/wp-content\/uploads\/2023\/10\/ENTREVISTA-VIDEOGRABADA-BRISEX-1-1.jpg 904w, https:\/\/radiorevelacionfm.cl\/wp-content\/uploads\/2023\/10\/ENTREVISTA-VIDEOGRABADA-BRISEX-1-1-300x199.jpg 300w, https:\/\/radiorevelacionfm.cl\/wp-content\/uploads\/2023\/10\/ENTREVISTA-VIDEOGRABADA-BRISEX-1-1-768x510.jpg 768w, https:\/\/radiorevelacionfm.cl\/wp-content\/uploads\/2023\/10\/ENTREVISTA-VIDEOGRABADA-BRISEX-1-1-705x468.jpg 705w, https:\/\/radiorevelacionfm.cl\/wp-content\/uploads\/2023\/10\/ENTREVISTA-VIDEOGRABADA-BRISEX-1-1-450x299.jpg 450w, https:\/\/radiorevelacionfm.cl\/wp-content\/uploads\/2023\/10\/ENTREVISTA-VIDEOGRABADA-BRISEX-1-1-600x398.jpg 600w\" sizes=\"(max-width: 904px) 100vw, 904px\" \/><\/div><\/div><\/div><\/div><div class=\"flex_column av_one_full  flex_column_div av-zero-column-padding first  avia-builder-el-2  el_after_av_one_full  el_before_av_one_full  column-top-margin\" style='border-radius:0px; '><section class=\"av_textblock_section \"  itemscope=\"itemscope\" itemtype=\"https:\/\/schema.org\/BlogPosting\" itemprop=\"blogPost\" ><div class='avia_textblock  '   itemprop=\"text\" ><p style=\"text-align: center;\"><strong><span style=\"font-size: 18pt;\">En prisi\u00f3n preventiva hombre de 40 a\u00f1os detenido por el delito de violaci\u00f3n<\/span><\/strong><\/p>\n<div id=\"gtx-trans\" style=\"position: absolute; left: -50px; top: 4.31534px;\">\n<div class=\"gtx-trans-icon\"><\/div>\n<\/div>\n<\/div><\/section><\/div><div class=\"flex_column av_one_full  flex_column_div av-zero-column-padding first  avia-builder-el-4  el_after_av_one_full  el_before_av_hr  column-top-margin\" style='border-radius:0px; '><section class=\"av_textblock_section \"  itemscope=\"itemscope\" itemtype=\"https:\/\/schema.org\/BlogPosting\" itemprop=\"blogPost\" ><div class='avia_textblock  '   itemprop=\"text\" ><p style=\"text-align: justify;\">El d\u00eda viernes pasado, a ra\u00edz de una denuncia, el Ministerio P\u00fablico solicit\u00f3 la presencia de detectives de la Brigada Investigadora de Delitos Sexuales (BRISEX) Coyhaique, en el Hospital Regional de la misma comuna por encontrarse una menor de 16 a\u00f1os que habr\u00eda sido agredida sexualmente por un sujeto de 40 a\u00f1os de edad.<\/p>\n<p style=\"text-align: justify;\">\u201cConsecuente con lo anterior, el turno de esta brigada especializada concurre hasta la unidad cl\u00ednico-forense del Hospital Regional de Coyhaique, donde se levantan las muestras y se toma declaraci\u00f3n a la testigo a la cual se le habr\u00eda develado el hecho. A ra\u00edz de los antecedentes, se pudo ubicar el lugar donde habr\u00edan ocurrido los hechos, como tambi\u00e9n la individualizaci\u00f3n del imputado\u201d, coment\u00f3 el jefe de la BRISEX Coyhaique, comisario Fernando \u00c1lvarez.<\/p>\n<p style=\"text-align: justify;\">El comisario agreg\u00f3 que hasta el momento no se puede descartar la participaci\u00f3n del imputado en otros hechos de la misma connotaci\u00f3n, es por lo mismo que el Tribunal fij\u00f3 un plazo de investigaci\u00f3n de 100 d\u00edas. Durante este periodo el detenido permanecer\u00e1 con la media cautelar de prisi\u00f3n preventiva.<\/p>\n<p style=\"text-align: justify;\">Por su parte el fiscal jefe de Coyhaique, Luis Contreras Alfaro, agreg\u00f3 que, \u201clos hechos se remontan al d\u00eda viernes 27 de junio de este a\u00f1o 2025, ocasi\u00f3n en la cual la v\u00edctima concurri\u00f3 al domicilio del imputado donde consumi\u00f3 alcohol y, posteriormente, el imputado la accedi\u00f3 carnalmente\u201d.<\/p>\n<p style=\"text-align: justify;\">El fiscal agreg\u00f3 que \u201clas diligencias de investigaci\u00f3n fueron encomendadas a la Polic\u00eda de Investigaciones, Brigada Investigadora de Delitos Sexuales. Se cont\u00f3 tambi\u00e9n con el apoyo de la Unidad Cl\u00ednico Forense del Hospital Regional de Coyhaique y las muestras ser\u00e1n analizadas por el Servicio M\u00e9dico Legal\u201d.<\/p>\n<p style=\"text-align: justify;\">El persecutor penal precis\u00f3 que \u201cen este caso, la pronta denuncia efectuada por el Servicio de Protecci\u00f3n Especializada de Ni\u00f1ez y Adolescencia permiti\u00f3 realizar oportunamente todas las diligencias necesarias para llegar a la detenci\u00f3n del imputado y la recolecci\u00f3n de las evidencias necesarias para acreditar el delito\u201d.<\/p>\n<\/div><\/section><\/div><div  style='height:50px' class='hr hr-invisible   avia-builder-el-6  el_after_av_one_full  el_before_av_social_share '><span class='hr-inner ' ><span class='hr-inner-style'><\/span><\/span><\/div><\/p>\n<div  class='av-social-sharing-box  avia-builder-el-7  el_after_av_hr  el_before_av_hr  '><div class='av-share-box'><h5 class='av-share-link-description av-no-toc '>Compartir esta noticia<\/h5><ul class='av-share-box-list noLightbox'><li class='av-share-link av-social-link-facebook' ><a target=\"_blank\" aria-label=\"Compartir en Facebook\" href='https:\/\/www.facebook.com\/sharer.php?u=https:\/\/radiorevelacionfm.cl\/?p=55958&#038;t=En%20prisi%C3%B3n%20preventiva%20hombre%20de%2040%20a%C3%B1os%20detenido%20por%20el%20delito%20de%20violaci%C3%B3n' aria-hidden='false' data-av_icon='\ue8f3' data-av_iconfont='entypo-fontello' title='' data-avia-related-tooltip='Compartir en Facebook' rel=\"noopener\"><span class='avia_hidden_link_text'>Compartir en Facebook<\/span><\/a><\/li><li class='av-share-link av-social-link-twitter' ><a target=\"_blank\" aria-label=\"Compartir en Twitter\" href='https:\/\/twitter.com\/share?text=En%20prisi%C3%B3n%20preventiva%20hombre%20de%2040%20a%C3%B1os%20detenido%20por%20el%20delito%20de%20violaci%C3%B3n&#038;url=https:\/\/radiorevelacionfm.cl\/?p=55958' aria-hidden='false' data-av_icon='\ue8f1' data-av_iconfont='entypo-fontello' title='' data-avia-related-tooltip='Compartir en Twitter' rel=\"noopener\"><span class='avia_hidden_link_text'>Compartir en Twitter<\/span><\/a><\/li><li class='av-share-link av-social-link-whatsapp' ><a target=\"_blank\" aria-label=\"Compartir en Whatsapp\" href='https:\/\/api.whatsapp.com\/send?text=https:\/\/radiorevelacionfm.cl\/?p=55958' aria-hidden='false' data-av_icon='\uf232' data-av_iconfont='entypo-fontello' title='' data-avia-related-tooltip='Compartir en Whatsapp' rel=\"noopener\"><span class='avia_hidden_link_text'>Compartir en Whatsapp<\/span><\/a><\/li><li class='av-share-link av-social-link-linkedin' ><a target=\"_blank\" aria-label=\"Compartir en LinkedIn\" href='https:\/\/linkedin.com\/shareArticle?mini=true&#038;title=En%20prisi%C3%B3n%20preventiva%20hombre%20de%2040%20a%C3%B1os%20detenido%20por%20el%20delito%20de%20violaci%C3%B3n&#038;url=https:\/\/radiorevelacionfm.cl\/?p=55958' aria-hidden='false' data-av_icon='\ue8fc' data-av_iconfont='entypo-fontello' title='' data-avia-related-tooltip='Compartir en LinkedIn' rel=\"noopener\"><span class='avia_hidden_link_text'>Compartir en LinkedIn<\/span><\/a><\/li><li class='av-share-link av-social-link-mail' ><a  aria-label=\"Compartir por correo\" href='mailto:?subject=En%20prisi%C3%B3n%20preventiva%20hombre%20de%2040%20a%C3%B1os%20detenido%20por%20el%20delito%20de%20violaci%C3%B3n&#038;body=https:\/\/radiorevelacionfm.cl\/?p=55958' aria-hidden='false' data-av_icon='\ue805' data-av_iconfont='entypo-fontello' title='' data-avia-related-tooltip='Compartir por correo'><span class='avia_hidden_link_text'>Compartir por correo<\/span><\/a><\/li><\/ul><\/div><\/div>\n<div  style='height:50px' class='hr hr-invisible   avia-builder-el-8  el_after_av_social_share  el_before_av_comments_list '><span class='hr-inner ' ><span class='hr-inner-style'><\/span><\/span><\/div>\n<div  class='av-buildercomment  av-blog-meta-html-info-disabled av-blog-meta-tag-disabled  '><\/div>\n","protected":false},"excerpt":{"rendered":"","protected":false},"author":1,"featured_media":36325,"comment_status":"closed","ping_status":"closed","sticky":false,"template":"","format":"standard","meta":{"footnotes":""},"categories":[36],"tags":[],"class_list":["post-55958","post","type-post","status-publish","format-standard","has-post-thumbnail","hentry","category-policial"],"jetpack_featured_media_url":"https:\/\/radiorevelacionfm.cl\/wp-content\/uploads\/2023\/10\/ENTREVISTA-VIDEOGRABADA-BRISEX-1-1.jpg","_links":{"self":[{"href":"https:\/\/radiorevelacionfm.cl\/index.php?rest_route=\/wp\/v2\/posts\/55958","targetHints":{"allow":["GET"]}}],"collection":[{"href":"https:\/\/radiorevelacionfm.cl\/index.php?rest_route=\/wp\/v2\/posts"}],"about":[{"href":"https:\/\/radiorevelacionfm.cl\/index.php?rest_route=\/wp\/v2\/types\/post"}],"author":[{"embeddable":true,"href":"https:\/\/radiorevelacionfm.cl\/index.php?rest_route=\/wp\/v2\/users\/1"}],"replies":[{"embeddable":true,"href":"https:\/\/radiorevelacionfm.cl\/index.php?rest_route=%2Fwp%2Fv2%2Fcomments&post=55958"}],"version-history":[{"count":2,"href":"https:\/\/radiorevelacionfm.cl\/index.php?rest_route=\/wp\/v2\/posts\/55958\/revisions"}],"predecessor-version":[{"id":55960,"href":"https:\/\/radiorevelacionfm.cl\/index.php?rest_route=\/wp\/v2\/posts\/55958\/revisions\/55960"}],"wp:featuredmedia":[{"embeddable":true,"href":"https:\/\/radiorevelacionfm.cl\/index.php?rest_route=\/wp\/v2\/media\/36325"}],"wp:attachment":[{"href":"https:\/\/radiorevelacionfm.cl\/index.php?rest_route=%2Fwp%2Fv2%2Fmedia&parent=55958"}],"wp:term":[{"taxonomy":"category","embeddable":true,"href":"https:\/\/radiorevelacionfm.cl\/index.php?rest_route=%2Fwp%2Fv2%2Fcategories&post=55958"},{"taxonomy":"post_tag","embeddable":true,"href":"https:\/\/radiorevelacionfm.cl\/index.php?rest_route=%2Fwp%2Fv2%2Ftags&post=55958"}],"curies":[{"name":"wp","href":"https:\/\/api.w.org\/{rel}","templated":true}]}}