{"id":55951,"date":"2025-07-01T14:52:20","date_gmt":"2025-07-01T17:52:20","guid":{"rendered":"https:\/\/radiorevelacionfm.cl\/?p=55951"},"modified":"2025-07-01T14:52:20","modified_gmt":"2025-07-01T17:52:20","slug":"pacientes-del-hospital-de-dia-combinan-arte-e-identidad-en-talleres-de-culturas-aysen-y-rava","status":"publish","type":"post","link":"https:\/\/radiorevelacionfm.cl\/?p=55951","title":{"rendered":"Pacientes del Hospital de D\u00eda combinan arte e identidad en talleres de Culturas Ays\u00e9n y RAVA"},"content":{"rendered":"<div class=\"flex_column av_one_full  flex_column_div av-zero-column-padding first  avia-builder-el-0  el_before_av_one_full  avia-builder-el-first  \" style='border-radius:0px; '><div  class='avia-image-container  av-styling-    avia-builder-el-1  avia-builder-el-no-sibling  avia-align-center '  itemprop=\"image\" itemscope=\"itemscope\" itemtype=\"https:\/\/schema.org\/ImageObject\"  ><div class='avia-image-container-inner'><div class='avia-image-overlay-wrap'><img decoding=\"async\" class='wp-image-55952 avia-img-lazy-loading-not-55952 avia_image' src=\"https:\/\/radiorevelacionfm.cl\/wp-content\/uploads\/2025\/07\/talleres-rava2-1-1.jpeg\" alt='' title='talleres rava2 (1) (1)' height=\"600\" width=\"800\"  itemprop=\"thumbnailUrl\" srcset=\"https:\/\/radiorevelacionfm.cl\/wp-content\/uploads\/2025\/07\/talleres-rava2-1-1.jpeg 800w, https:\/\/radiorevelacionfm.cl\/wp-content\/uploads\/2025\/07\/talleres-rava2-1-1-300x225.jpeg 300w, https:\/\/radiorevelacionfm.cl\/wp-content\/uploads\/2025\/07\/talleres-rava2-1-1-768x576.jpeg 768w, https:\/\/radiorevelacionfm.cl\/wp-content\/uploads\/2025\/07\/talleres-rava2-1-1-705x529.jpeg 705w, https:\/\/radiorevelacionfm.cl\/wp-content\/uploads\/2025\/07\/talleres-rava2-1-1-450x338.jpeg 450w, https:\/\/radiorevelacionfm.cl\/wp-content\/uploads\/2025\/07\/talleres-rava2-1-1-600x450.jpeg 600w\" sizes=\"(max-width: 800px) 100vw, 800px\" \/><\/div><\/div><\/div><\/div><div class=\"flex_column av_one_full  flex_column_div av-zero-column-padding first  avia-builder-el-2  el_after_av_one_full  el_before_av_one_full  column-top-margin\" style='border-radius:0px; '><section class=\"av_textblock_section \"  itemscope=\"itemscope\" itemtype=\"https:\/\/schema.org\/BlogPosting\" itemprop=\"blogPost\" ><div class='avia_textblock  '   itemprop=\"text\" ><p style=\"text-align: center;\"><span style=\"font-size: 18pt;\"><strong>Pacientes del Hospital de D\u00eda combinan arte e identidad en talleres de Culturas Ays\u00e9n y RAVA\u00a0 <\/strong><\/span><\/p>\n<div id=\"gtx-trans\" style=\"position: absolute; left: -50px; top: 4.31534px;\">\n<div class=\"gtx-trans-icon\"><\/div>\n<\/div>\n<\/div><\/section><\/div><div class=\"flex_column av_one_full  flex_column_div av-zero-column-padding first  avia-builder-el-4  el_after_av_one_full  el_before_av_hr  column-top-margin\" style='border-radius:0px; '><section class=\"av_textblock_section \"  itemscope=\"itemscope\" itemtype=\"https:\/\/schema.org\/BlogPosting\" itemprop=\"blogPost\" ><div class='avia_textblock  '   itemprop=\"text\" ><p style=\"text-align: justify;\">\u201cUna usuaria del Hospital de D\u00eda Keok\u00e9n de Coyhaique descubri\u00f3 un gran espacio de participaci\u00f3n con el Taller de Fotografia An\u00e1loga; hab\u00edamos intentado conectarla con muchas actividades, pero no quer\u00eda, porque no le gustaba o por miedo. Sin embargo, el de foto le gust\u00f3 mucho y se vincula con la comunidad\u201d. Quien habla es Daniela Navarro, terapeuta ocupacional del hospital, quien desde su rol particip\u00f3 en el Taller de Fotograf\u00eda an\u00e1loga que durante un mes desarroll\u00f3 la Red de Artistas Visuales Rava Ays\u00e9n con usuarios y usuarios de la instituci\u00f3n.<\/p>\n<p style=\"text-align: justify;\">La iniciativa, financiada por el Ministerio de las Culturas, en el marco de lo que ser\u00e1 la celebraci\u00f3n del Mes de la Fotograf\u00eda, consist\u00eda en conectar las emociones con el lenguaje de la luz y de la sombra, para as\u00ed avanzar hacia un autorretrato que combina identidad y naturaleza.<\/p>\n<p style=\"text-align: justify;\">Lo explica Cristina Guti\u00e9rrez, artista visual de Rava: \u201cEl taller trat\u00f3 de cuatro sesiones, en las cuales se trabajaron los temas de autorretrato y naturaleza. Como parte de las reflexiones de cada taller, se trabaj\u00f3 con el libro Elogios de la naturaleza de Gabriela Mistral. En esta sesiones se propuso hacer objetos art\u00edsticos individuales por cada participante y cada uno eligi\u00f3 su propio objeto, en el cual iban a plasmar su identidad, su autorretrato, inspirado en la naturaleza y en los textos de Gabriela Mistral. Se trabajaron los objetos art\u00edsticos ayudados por los artistas visuales de Rava.<\/p>\n<p style=\"text-align: justify;\">Las y los participantes conocieron, adem\u00e1s, el taller fotogr\u00e1fico del Centro Cultural de Coyhaique donde pudieron apreciar las herramientas y qu\u00edmicos con que se trabaja habitualmente.<\/p>\n<p style=\"text-align: justify;\">Para el seremi de Culturas Ays\u00e9n, Felipe Quiroz, \u201ctodas estas experiencias art\u00edsticas son una ventana abierta, especialmente para quienes est\u00e1n atravesando dificultades que afectan su salud mental. La creaci\u00f3n y participar activamente en comunidad es un factor comprobadamente beneficioso para el ser humano. Suele ocurrir que en estos talleres todas y todos nos damos cuenta de que sabemos mucho m\u00e1s de lo que creemos y sentimos con una intensidad que a veces la creaci\u00f3n nos puede devolver en forma de arte\u201d.<\/p>\n<p style=\"text-align: justify;\">Cristina Guti\u00e9rrez agradeci\u00f3 a todos los que trabajaron en este proyecto \u201cporque fue una experiencia muy grata donde se pudieron desarrollar experiencias art\u00edsticas. Porque la voluntad, las ganas de aprender y la motivaci\u00f3n que tuvieron por la creatividad fueron los resultados y los logros m\u00e1s interesantes que pudimos desarrollar\u201d.<\/p>\n<p style=\"text-align: justify;\">Tambi\u00e9n con vistas a la conmemoraci\u00f3n del D\u00eda de las Artes Visuales con poes\u00eda, memoria y creaci\u00f3n colectiva, RAVA dict\u00f3 talleres en el Centro de D\u00eda San Vicente de Paul, junto a 10 personas mayores. Realizaron un mural colectivo hecho con telas recicladas, participaron en un espacio de expresi\u00f3n, di\u00e1logo y creaci\u00f3n compartida.<\/p>\n<p style=\"text-align: justify;\">Daniela Navarro sintetiza, finalmente, la importancia de estas experiencias para los usuarios del Hospital de D\u00eda: \u201cUna parte muy interesante del taller fue el hecho de que tuvieran que conectar con parte de la identidad de ellos para lograr hacer estos autorretratos. Y eso tambi\u00e9n fue superbueno para que ellos sigan conectando con ellos mismos, con sus emociones, con sus fortalezas, y vayan destacando todas sus habilidades que tienen y que muchas veces cuesta hacerlas notar. Entonces, creo que este taller tambi\u00e9n fortaleci\u00f3 esa \u00e1rea en ellos y eso fue superimportante. Siguen comprometidos con finalizar su proyecto y eso es bueno para gestionar su tiempo libre\u201d.<\/p>\n<\/div><\/section><\/div><div  style='height:50px' class='hr hr-invisible   avia-builder-el-6  el_after_av_one_full  el_before_av_social_share '><span class='hr-inner ' ><span class='hr-inner-style'><\/span><\/span><\/div><\/p>\n<div  class='av-social-sharing-box  avia-builder-el-7  el_after_av_hr  el_before_av_hr  '><div class='av-share-box'><h5 class='av-share-link-description av-no-toc '>Compartir esta noticia<\/h5><ul class='av-share-box-list noLightbox'><li class='av-share-link av-social-link-facebook' ><a target=\"_blank\" aria-label=\"Compartir en Facebook\" href='https:\/\/www.facebook.com\/sharer.php?u=https:\/\/radiorevelacionfm.cl\/?p=55951&#038;t=Pacientes%20del%20Hospital%20de%20D%C3%ADa%20combinan%20arte%20e%20identidad%20en%20talleres%20de%20Culturas%20Ays%C3%A9n%20y%20RAVA' aria-hidden='false' data-av_icon='\ue8f3' data-av_iconfont='entypo-fontello' title='' data-avia-related-tooltip='Compartir en Facebook' rel=\"noopener\"><span class='avia_hidden_link_text'>Compartir en Facebook<\/span><\/a><\/li><li class='av-share-link av-social-link-twitter' ><a target=\"_blank\" aria-label=\"Compartir en Twitter\" href='https:\/\/twitter.com\/share?text=Pacientes%20del%20Hospital%20de%20D%C3%ADa%20combinan%20arte%20e%20identidad%20en%20talleres%20de%20Culturas%20Ays%C3%A9n%20y%20RAVA&#038;url=https:\/\/radiorevelacionfm.cl\/?p=55951' aria-hidden='false' data-av_icon='\ue8f1' data-av_iconfont='entypo-fontello' title='' data-avia-related-tooltip='Compartir en Twitter' rel=\"noopener\"><span class='avia_hidden_link_text'>Compartir en Twitter<\/span><\/a><\/li><li class='av-share-link av-social-link-whatsapp' ><a target=\"_blank\" aria-label=\"Compartir en Whatsapp\" href='https:\/\/api.whatsapp.com\/send?text=https:\/\/radiorevelacionfm.cl\/?p=55951' aria-hidden='false' data-av_icon='\uf232' data-av_iconfont='entypo-fontello' title='' data-avia-related-tooltip='Compartir en Whatsapp' rel=\"noopener\"><span class='avia_hidden_link_text'>Compartir en Whatsapp<\/span><\/a><\/li><li class='av-share-link av-social-link-linkedin' ><a target=\"_blank\" aria-label=\"Compartir en LinkedIn\" href='https:\/\/linkedin.com\/shareArticle?mini=true&#038;title=Pacientes%20del%20Hospital%20de%20D%C3%ADa%20combinan%20arte%20e%20identidad%20en%20talleres%20de%20Culturas%20Ays%C3%A9n%20y%20RAVA&#038;url=https:\/\/radiorevelacionfm.cl\/?p=55951' aria-hidden='false' data-av_icon='\ue8fc' data-av_iconfont='entypo-fontello' title='' data-avia-related-tooltip='Compartir en LinkedIn' rel=\"noopener\"><span class='avia_hidden_link_text'>Compartir en LinkedIn<\/span><\/a><\/li><li class='av-share-link av-social-link-mail' ><a  aria-label=\"Compartir por correo\" href='mailto:?subject=Pacientes%20del%20Hospital%20de%20D%C3%ADa%20combinan%20arte%20e%20identidad%20en%20talleres%20de%20Culturas%20Ays%C3%A9n%20y%20RAVA&#038;body=https:\/\/radiorevelacionfm.cl\/?p=55951' aria-hidden='false' data-av_icon='\ue805' data-av_iconfont='entypo-fontello' title='' data-avia-related-tooltip='Compartir por correo'><span class='avia_hidden_link_text'>Compartir por correo<\/span><\/a><\/li><\/ul><\/div><\/div>\n<div  style='height:50px' class='hr hr-invisible   avia-builder-el-8  el_after_av_social_share  el_before_av_comments_list '><span class='hr-inner ' ><span class='hr-inner-style'><\/span><\/span><\/div>\n<div  class='av-buildercomment  av-blog-meta-html-info-disabled av-blog-meta-tag-disabled  '><\/div>\n","protected":false},"excerpt":{"rendered":"","protected":false},"author":1,"featured_media":55952,"comment_status":"closed","ping_status":"closed","sticky":false,"template":"","format":"standard","meta":{"footnotes":""},"categories":[52,46],"tags":[],"class_list":["post-55951","post","type-post","status-publish","format-standard","has-post-thumbnail","hentry","category-cultura","category-salud"],"jetpack_featured_media_url":"https:\/\/radiorevelacionfm.cl\/wp-content\/uploads\/2025\/07\/talleres-rava2-1-1.jpeg","_links":{"self":[{"href":"https:\/\/radiorevelacionfm.cl\/index.php?rest_route=\/wp\/v2\/posts\/55951","targetHints":{"allow":["GET"]}}],"collection":[{"href":"https:\/\/radiorevelacionfm.cl\/index.php?rest_route=\/wp\/v2\/posts"}],"about":[{"href":"https:\/\/radiorevelacionfm.cl\/index.php?rest_route=\/wp\/v2\/types\/post"}],"author":[{"embeddable":true,"href":"https:\/\/radiorevelacionfm.cl\/index.php?rest_route=\/wp\/v2\/users\/1"}],"replies":[{"embeddable":true,"href":"https:\/\/radiorevelacionfm.cl\/index.php?rest_route=%2Fwp%2Fv2%2Fcomments&post=55951"}],"version-history":[{"count":2,"href":"https:\/\/radiorevelacionfm.cl\/index.php?rest_route=\/wp\/v2\/posts\/55951\/revisions"}],"predecessor-version":[{"id":55957,"href":"https:\/\/radiorevelacionfm.cl\/index.php?rest_route=\/wp\/v2\/posts\/55951\/revisions\/55957"}],"wp:featuredmedia":[{"embeddable":true,"href":"https:\/\/radiorevelacionfm.cl\/index.php?rest_route=\/wp\/v2\/media\/55952"}],"wp:attachment":[{"href":"https:\/\/radiorevelacionfm.cl\/index.php?rest_route=%2Fwp%2Fv2%2Fmedia&parent=55951"}],"wp:term":[{"taxonomy":"category","embeddable":true,"href":"https:\/\/radiorevelacionfm.cl\/index.php?rest_route=%2Fwp%2Fv2%2Fcategories&post=55951"},{"taxonomy":"post_tag","embeddable":true,"href":"https:\/\/radiorevelacionfm.cl\/index.php?rest_route=%2Fwp%2Fv2%2Ftags&post=55951"}],"curies":[{"name":"wp","href":"https:\/\/api.w.org\/{rel}","templated":true}]}}