{"id":55945,"date":"2025-07-01T13:32:34","date_gmt":"2025-07-01T16:32:34","guid":{"rendered":"https:\/\/radiorevelacionfm.cl\/?p=55945"},"modified":"2025-07-05T11:28:53","modified_gmt":"2025-07-05T14:28:53","slug":"diputado-calisto-visita-tortel-y-aborda-con-alcaldesa-principales-desafios-de-la-comuna-en-temas-de-salud-y-energia","status":"publish","type":"post","link":"https:\/\/radiorevelacionfm.cl\/?p=55945","title":{"rendered":"Diputado Calisto visita Tortel y aborda con alcaldesa principales desaf\u00edos de la comuna en temas de salud y energ\u00eda"},"content":{"rendered":"<div class=\"flex_column av_one_full  flex_column_div av-zero-column-padding first  avia-builder-el-0  el_before_av_one_full  avia-builder-el-first  \" style='border-radius:0px; '><div  class='avia-image-container  av-styling-    avia-builder-el-1  avia-builder-el-no-sibling  avia-align-center '  itemprop=\"image\" itemscope=\"itemscope\" itemtype=\"https:\/\/schema.org\/ImageObject\"  ><div class='avia-image-container-inner'><div class='avia-image-overlay-wrap'><img decoding=\"async\" class='wp-image-55946 avia-img-lazy-loading-not-55946 avia_image' src=\"https:\/\/radiorevelacionfm.cl\/wp-content\/uploads\/2025\/07\/Visita-Tortel0-1.jpg\" alt='' title='Visita Tortel0 (1)' height=\"600\" width=\"1017\"  itemprop=\"thumbnailUrl\" srcset=\"https:\/\/radiorevelacionfm.cl\/wp-content\/uploads\/2025\/07\/Visita-Tortel0-1.jpg 1017w, https:\/\/radiorevelacionfm.cl\/wp-content\/uploads\/2025\/07\/Visita-Tortel0-1-300x177.jpg 300w, https:\/\/radiorevelacionfm.cl\/wp-content\/uploads\/2025\/07\/Visita-Tortel0-1-768x453.jpg 768w, https:\/\/radiorevelacionfm.cl\/wp-content\/uploads\/2025\/07\/Visita-Tortel0-1-705x416.jpg 705w, https:\/\/radiorevelacionfm.cl\/wp-content\/uploads\/2025\/07\/Visita-Tortel0-1-450x265.jpg 450w, https:\/\/radiorevelacionfm.cl\/wp-content\/uploads\/2025\/07\/Visita-Tortel0-1-600x354.jpg 600w\" sizes=\"(max-width: 1017px) 100vw, 1017px\" \/><\/div><\/div><\/div><\/div><div class=\"flex_column av_one_full  flex_column_div av-zero-column-padding first  avia-builder-el-2  el_after_av_one_full  el_before_av_one_full  column-top-margin\" style='border-radius:0px; '><section class=\"av_textblock_section \"  itemscope=\"itemscope\" itemtype=\"https:\/\/schema.org\/BlogPosting\" itemprop=\"blogPost\" ><div class='avia_textblock  '   itemprop=\"text\" ><p style=\"text-align: center;\"><span style=\"font-size: 18pt;\"><b>Diputado Calisto visita Tortel y aborda con alcaldesa principales desaf\u00edos de la comuna en temas de salud y energ\u00eda<\/b><\/span><\/p>\n<div id=\"gtx-trans\" style=\"position: absolute; left: -50px; top: 4.31534px;\">\n<div class=\"gtx-trans-icon\"><\/div>\n<\/div>\n<\/div><\/section><\/div><div class=\"flex_column av_one_full  flex_column_div av-zero-column-padding first  avia-builder-el-4  el_after_av_one_full  el_before_av_hr  column-top-margin\" style='border-radius:0px; '><section class=\"av_textblock_section \"  itemscope=\"itemscope\" itemtype=\"https:\/\/schema.org\/BlogPosting\" itemprop=\"blogPost\" ><div class='avia_textblock  '   itemprop=\"text\" ><p style=\"font-weight: 400; text-align: justify;\">El diputado Miguel \u00c1ngel Calisto realiz\u00f3 una visita a Caleta Tortel, enmarcada en su gira por el sur de la regi\u00f3n que incluy\u00f3 tambi\u00e9n localidades como Villa O&#8217;Higgins, Cochrane y Bah\u00eda Murta. Durante su estad\u00eda en esta comuna, el parlamentario se reuni\u00f3 con la alcaldesa Marisela Jim\u00e9nez para abordar diversas problem\u00e1ticas, con un especial \u00e9nfasis en los desaf\u00edos energ\u00e9ticos y de salud.<\/p>\n<p style=\"font-weight: 400; text-align: justify;\">\u00abEstamos en Caleta Tortel junto a su alcaldesa Marisela Jim\u00e9nez, con quien estuvimos conversando distintos temas de la comuna que son importantes de poder abordar. Particularmente quedamos con hartos compromisos respecto al tema el\u00e9ctrico, que es el gran problema que hoy en d\u00eda tiene la comuna\u201d, indic\u00f3.<\/p>\n<p style=\"font-weight: 400; text-align: justify;\">Calisto agreg\u00f3 que \u201cnecesitamos garantizar estabilidad el\u00e9ctrica, sobre todo para que la comuna, que tiene un tremendo potencial tur\u00edstico y productivo, pueda desarrollarse de forma integral. Estamos viendo con el Ministerio de Energ\u00eda la posibilidad de soluciones fotovoltaicas tambi\u00e9n que puedan ser para la ciudad, pero tambi\u00e9n para los sectores rurales, tal cual como nos ha planteado la alcaldesa\u201d.<\/p>\n<p style=\"font-weight: 400; text-align: justify;\">Con respecto a la tem\u00e1tica de salud, Calisto se\u00f1al\u00f3 que \u00a0\u201cnos comunicamos con el director de salud regional, porque es importante que la posta de ac\u00e1 tenga resolutividad, no solamente con la presencia del m\u00e9dico, sino que adem\u00e1s se pueden hacer ex\u00e1menes. Ah\u00ed hay un desaf\u00edo bien interesante, sobre todo porque la gente que tiene que ir muchas veces hasta Cochrane, que son varias horas de aqu\u00ed, o a veces hasta Coyhaique, perdiendo 3-4 d\u00edas para ir a hacerse un examen. Entonces es importante avanzar en la resolutividad y esperamos que por supuesto estas gestiones permitan que los vecinos de Caleta Tortel una mejor calidad de vida\u00bb.<\/p>\n<p style=\"font-weight: 400; text-align: justify;\">Por su parte, la alcaldesa de Tortel, Marisela Jim\u00e9nez, expres\u00f3 su agradecimiento por la visita del diputado. \u00abMuy agradecida por la visita del diputado Miguel \u00c1ngel Calisto, se agradece poder esta instancia de conversaci\u00f3n donde pudimos exponer varias problem\u00e1ticas que tenemos en la comuna, espero una visita pronto para que podamos concretar lo acordado, as\u00ed que seguiremos trabajando para nuestra comuna de Tortel, juntos\u00bb, indic\u00f3 la autoridad comunal.<\/p>\n<p style=\"font-weight: 400; text-align: justify;\">La visita del diputado Miguel \u00c1ngel Calisto a Caleta Tortel refuerza el compromiso con el desarrollo de las zonas m\u00e1s australes de la regi\u00f3n, buscando soluciones concretas a las necesidades de sus habitantes y potenciando las oportunidades de crecimiento local.<\/p>\n<\/div><\/section><\/div><div  style='height:50px' class='hr hr-invisible   avia-builder-el-6  el_after_av_one_full  el_before_av_social_share '><span class='hr-inner ' ><span class='hr-inner-style'><\/span><\/span><\/div><\/p>\n<div  class='av-social-sharing-box  avia-builder-el-7  el_after_av_hr  el_before_av_hr  '><div class='av-share-box'><h5 class='av-share-link-description av-no-toc '>Compartir esta noticia<\/h5><ul class='av-share-box-list noLightbox'><li class='av-share-link av-social-link-facebook' ><a target=\"_blank\" aria-label=\"Compartir en Facebook\" href='https:\/\/www.facebook.com\/sharer.php?u=https:\/\/radiorevelacionfm.cl\/?p=55945&#038;t=Diputado%20Calisto%20visita%20Tortel%20y%20aborda%20con%20alcaldesa%20principales%20desaf%C3%ADos%20de%20la%20comuna%20en%20temas%20de%20salud%20y%20energ%C3%ADa' aria-hidden='false' data-av_icon='\ue8f3' data-av_iconfont='entypo-fontello' title='' data-avia-related-tooltip='Compartir en Facebook' rel=\"noopener\"><span class='avia_hidden_link_text'>Compartir en Facebook<\/span><\/a><\/li><li class='av-share-link av-social-link-twitter' ><a target=\"_blank\" aria-label=\"Compartir en Twitter\" href='https:\/\/twitter.com\/share?text=Diputado%20Calisto%20visita%20Tortel%20y%20aborda%20con%20alcaldesa%20principales%20desaf%C3%ADos%20de%20la%20comuna%20en%20temas%20de%20salud%20y%20energ%C3%ADa&#038;url=https:\/\/radiorevelacionfm.cl\/?p=55945' aria-hidden='false' data-av_icon='\ue8f1' data-av_iconfont='entypo-fontello' title='' data-avia-related-tooltip='Compartir en Twitter' rel=\"noopener\"><span class='avia_hidden_link_text'>Compartir en Twitter<\/span><\/a><\/li><li class='av-share-link av-social-link-whatsapp' ><a target=\"_blank\" aria-label=\"Compartir en Whatsapp\" href='https:\/\/api.whatsapp.com\/send?text=https:\/\/radiorevelacionfm.cl\/?p=55945' aria-hidden='false' data-av_icon='\uf232' data-av_iconfont='entypo-fontello' title='' data-avia-related-tooltip='Compartir en Whatsapp' rel=\"noopener\"><span class='avia_hidden_link_text'>Compartir en Whatsapp<\/span><\/a><\/li><li class='av-share-link av-social-link-linkedin' ><a target=\"_blank\" aria-label=\"Compartir en LinkedIn\" href='https:\/\/linkedin.com\/shareArticle?mini=true&#038;title=Diputado%20Calisto%20visita%20Tortel%20y%20aborda%20con%20alcaldesa%20principales%20desaf%C3%ADos%20de%20la%20comuna%20en%20temas%20de%20salud%20y%20energ%C3%ADa&#038;url=https:\/\/radiorevelacionfm.cl\/?p=55945' aria-hidden='false' data-av_icon='\ue8fc' data-av_iconfont='entypo-fontello' title='' data-avia-related-tooltip='Compartir en LinkedIn' rel=\"noopener\"><span class='avia_hidden_link_text'>Compartir en LinkedIn<\/span><\/a><\/li><li class='av-share-link av-social-link-mail' ><a  aria-label=\"Compartir por correo\" href='mailto:?subject=Diputado%20Calisto%20visita%20Tortel%20y%20aborda%20con%20alcaldesa%20principales%20desaf%C3%ADos%20de%20la%20comuna%20en%20temas%20de%20salud%20y%20energ%C3%ADa&#038;body=https:\/\/radiorevelacionfm.cl\/?p=55945' aria-hidden='false' data-av_icon='\ue805' data-av_iconfont='entypo-fontello' title='' data-avia-related-tooltip='Compartir por correo'><span class='avia_hidden_link_text'>Compartir por correo<\/span><\/a><\/li><\/ul><\/div><\/div>\n<div  style='height:50px' class='hr hr-invisible   avia-builder-el-8  el_after_av_social_share  el_before_av_comments_list '><span class='hr-inner ' ><span class='hr-inner-style'><\/span><\/span><\/div>\n<div  class='av-buildercomment  av-blog-meta-html-info-disabled av-blog-meta-tag-disabled  '><\/div>\n","protected":false},"excerpt":{"rendered":"","protected":false},"author":1,"featured_media":55946,"comment_status":"closed","ping_status":"closed","sticky":false,"template":"","format":"standard","meta":{"footnotes":""},"categories":[35],"tags":[],"class_list":["post-55945","post","type-post","status-publish","format-standard","has-post-thumbnail","hentry","category-politica"],"jetpack_featured_media_url":"https:\/\/radiorevelacionfm.cl\/wp-content\/uploads\/2025\/07\/Visita-Tortel0-1.jpg","_links":{"self":[{"href":"https:\/\/radiorevelacionfm.cl\/index.php?rest_route=\/wp\/v2\/posts\/55945","targetHints":{"allow":["GET"]}}],"collection":[{"href":"https:\/\/radiorevelacionfm.cl\/index.php?rest_route=\/wp\/v2\/posts"}],"about":[{"href":"https:\/\/radiorevelacionfm.cl\/index.php?rest_route=\/wp\/v2\/types\/post"}],"author":[{"embeddable":true,"href":"https:\/\/radiorevelacionfm.cl\/index.php?rest_route=\/wp\/v2\/users\/1"}],"replies":[{"embeddable":true,"href":"https:\/\/radiorevelacionfm.cl\/index.php?rest_route=%2Fwp%2Fv2%2Fcomments&post=55945"}],"version-history":[{"count":2,"href":"https:\/\/radiorevelacionfm.cl\/index.php?rest_route=\/wp\/v2\/posts\/55945\/revisions"}],"predecessor-version":[{"id":56160,"href":"https:\/\/radiorevelacionfm.cl\/index.php?rest_route=\/wp\/v2\/posts\/55945\/revisions\/56160"}],"wp:featuredmedia":[{"embeddable":true,"href":"https:\/\/radiorevelacionfm.cl\/index.php?rest_route=\/wp\/v2\/media\/55946"}],"wp:attachment":[{"href":"https:\/\/radiorevelacionfm.cl\/index.php?rest_route=%2Fwp%2Fv2%2Fmedia&parent=55945"}],"wp:term":[{"taxonomy":"category","embeddable":true,"href":"https:\/\/radiorevelacionfm.cl\/index.php?rest_route=%2Fwp%2Fv2%2Fcategories&post=55945"},{"taxonomy":"post_tag","embeddable":true,"href":"https:\/\/radiorevelacionfm.cl\/index.php?rest_route=%2Fwp%2Fv2%2Ftags&post=55945"}],"curies":[{"name":"wp","href":"https:\/\/api.w.org\/{rel}","templated":true}]}}