{"id":55939,"date":"2025-07-01T10:44:56","date_gmt":"2025-07-01T13:44:56","guid":{"rendered":"https:\/\/radiorevelacionfm.cl\/?p=55939"},"modified":"2025-07-01T10:44:56","modified_gmt":"2025-07-01T13:44:56","slug":"en-puerto-aysen-se-realizo-taller-energia-segura-para-mujeres","status":"publish","type":"post","link":"https:\/\/radiorevelacionfm.cl\/?p=55939","title":{"rendered":"En Puerto Ays\u00e9n se realiz\u00f3 Taller Energ\u00eda Segura para Mujeres"},"content":{"rendered":"<div class=\"flex_column av_one_full  flex_column_div av-zero-column-padding first  avia-builder-el-0  el_before_av_one_full  avia-builder-el-first  \" style='border-radius:0px; '><div  class='avia-image-container  av-styling-    avia-builder-el-1  avia-builder-el-no-sibling  avia-align-center '  itemprop=\"image\" itemscope=\"itemscope\" itemtype=\"https:\/\/schema.org\/ImageObject\"  ><div class='avia-image-container-inner'><div class='avia-image-overlay-wrap'><img decoding=\"async\" class='wp-image-55940 avia-img-lazy-loading-not-55940 avia_image' src=\"https:\/\/radiorevelacionfm.cl\/wp-content\/uploads\/2025\/07\/foto-1-1_optimized.jpeg\" alt='' title='foto-1--(1)_optimized' height=\"600\" width=\"873\"  itemprop=\"thumbnailUrl\" srcset=\"https:\/\/radiorevelacionfm.cl\/wp-content\/uploads\/2025\/07\/foto-1-1_optimized.jpeg 873w, https:\/\/radiorevelacionfm.cl\/wp-content\/uploads\/2025\/07\/foto-1-1_optimized-300x206.jpeg 300w, https:\/\/radiorevelacionfm.cl\/wp-content\/uploads\/2025\/07\/foto-1-1_optimized-768x528.jpeg 768w, https:\/\/radiorevelacionfm.cl\/wp-content\/uploads\/2025\/07\/foto-1-1_optimized-705x485.jpeg 705w, https:\/\/radiorevelacionfm.cl\/wp-content\/uploads\/2025\/07\/foto-1-1_optimized-450x309.jpeg 450w, https:\/\/radiorevelacionfm.cl\/wp-content\/uploads\/2025\/07\/foto-1-1_optimized-600x412.jpeg 600w\" sizes=\"(max-width: 873px) 100vw, 873px\" \/><\/div><\/div><\/div><\/div><div class=\"flex_column av_one_full  flex_column_div av-zero-column-padding first  avia-builder-el-2  el_after_av_one_full  el_before_av_one_full  column-top-margin\" style='border-radius:0px; '><section class=\"av_textblock_section \"  itemscope=\"itemscope\" itemtype=\"https:\/\/schema.org\/BlogPosting\" itemprop=\"blogPost\" ><div class='avia_textblock  '   itemprop=\"text\" ><p style=\"text-align: center;\"><span style=\"font-size: 18pt;\"><strong>En Puerto Ays\u00e9n se realiz\u00f3 Taller Energ\u00eda Segura para Mujeres <\/strong><\/span><\/p>\n<div id=\"gtx-trans\" style=\"position: absolute; left: -50px; top: 4.31534px;\">\n<div class=\"gtx-trans-icon\"><\/div>\n<\/div>\n<\/div><\/section><\/div><div class=\"flex_column av_one_full  flex_column_div av-zero-column-padding first  avia-builder-el-4  el_after_av_one_full  el_before_av_hr  column-top-margin\" style='border-radius:0px; '><section class=\"av_textblock_section \"  itemscope=\"itemscope\" itemtype=\"https:\/\/schema.org\/BlogPosting\" itemprop=\"blogPost\" ><div class='avia_textblock  '   itemprop=\"text\" ><p style=\"text-align: justify;\">Como parte del trabajo que desarrolla la Mesa Energ\u00eda + Mujer de la Regi\u00f3n de Ays\u00e9n liderada por la Seremi del Energ\u00eda, se realiz\u00f3 en Puerto Ays\u00e9n el taller \u201cEnerg\u00eda Segura para Mujeres\u201d, el que tuvo como finalidad empoderar a mujeres en el uso eficiente y seguro de la energ\u00eda en sus hogares, promoviendo h\u00e1bitos responsables y sostenibles en el consumo energ\u00e9tico que contribuyan al ahorro familiar y al cuidado del medio ambiente.<\/p>\n<p style=\"text-align: justify;\">Al respecto el Seremi de Energ\u00eda de Ays\u00e9n, Tom\u00e1s Laibe, se\u00f1al\u00f3 que \u201cesto es parte de las tareas que tenemos como Gobierno, en impulsar el desarrollo energ\u00e9tico con las mujeres, para que no sea un sector masculinizado como el que hoy tenemos. Esto es un compromiso que hicimos en la Mesa Energ\u00eda M\u00e1s Mujeres, una mesa en la que participan distintas dirigentas mujeres, que nos han pedido precisamente ir en ayuda de las mujeres que a veces en sus hogares, como jefas de hogar, no tienen las herramientas y dependen de un el\u00e9ctrico, de un hombre y por lo tanto no tienen la suficiente autonom\u00eda. Vamos a seguir trabajando por m\u00e1s derechos para las mujeres y un desarrollo energ\u00e9tico inclusivo\u201d.<\/p>\n<p style=\"text-align: justify;\">La actividad fue posible gracias al trabajo colaborativo entre la Seremi de Energ\u00eda, la Superintendencia de Electricidad y Combustibles (SEC), la empresa Edelays\u00e9n, y Fundaci\u00f3n PRODEMU, y cont\u00f3 con la activa participaci\u00f3n de 24 mujeres. \u201cNos encontramos aqu\u00ed en la Sede de\u00a0 Puerto Ays\u00e9n, realizando un trabajo colaborativo, en el cual nos ha invitado a participar la Seremi de la Mujer y la Equidad de G\u00e9nero, a qui\u00e9n quiero aprovechar de agradecer tambi\u00e9n por hacernos parte de esta mesa de trabajo, donde pudimos desarrollar una charla un taller informativo de capacitaci\u00f3n y bien pr\u00e1ctico con diversos agentes que son parte de la Mesa de Energ\u00eda, y pudimos convocar a un n\u00famero importante de mujeres de la localidad de Puerto Ays\u00e9n que son parte de la oferta program\u00e1tica de la instituci\u00f3n, y que sin duda estas acciones fortalecen la autonom\u00eda econ\u00f3mica de cada una de ellas\u201d indic\u00f3 la Directora Regional de Fundaci\u00f3n PRODEMU, Ingrid Osorio Santana.<\/p>\n<p style=\"text-align: justify;\">La iniciativa contempl\u00f3 tres charlas, estando la primera de ellas a cargo de la profesional de la SEC Mar\u00eda Teresa Palma, qui\u00e9n abord\u00f3 los riesgos domiciliarios asociados a una incorrecta manipulaci\u00f3n de gas licuado, buenas pr\u00e1cticas y consejos en caso de fuga de gas. La segunda charla fue dictada por la profesional de Edelaysen, Sof\u00eda Vidal, qui\u00e9n expuso sobre los riesgos el\u00e9ctricos en el hogar, elementos de protecci\u00f3n domiciliaria, sobrecarga, sobre potencia entre otros temas. Mientras que el profesional de la Seremi de Energ\u00eda, Nicol\u00e1s Carbone entreg\u00f3 consejos pr\u00e1cticos de eficiencia energ\u00e9tica para el hogar.<\/p>\n<p style=\"text-align: justify;\">Adriana B\u00f3rquez, asistente del taller recalc\u00f3 que \u201cmuchas veces no tenemos los recursos y medios para contar con un electricista constantemente en nuestros hogares, y hacer las mantenciones que se requieren. Hemos solicitado a la Serem\u00eda que ha sido bienvenida la petici\u00f3n, de formar nuevas electricistas mujeres para la comuna, y eso nos ayudar\u00eda bastante a nuestra independencia, as\u00ed que muy agradecida con los talleres impartidos el d\u00eda de hoy\u201d.<\/p>\n<p style=\"text-align: justify;\">Para finalizar la jornada, las participantes recibieron un Kit de Eficiencia Energ\u00e9tica entregado por la Seremi de Energ\u00eda de Ays\u00e9n, que incluye dos ampolletas LED, un sello de puertas y ventanas, un alargador con interruptor, un cuaderno con consejos de eficiencia energ\u00e9tica para el hogar, y una bolsa reutilizable.<\/p>\n<\/div><\/section><\/div><div  style='height:50px' class='hr hr-invisible   avia-builder-el-6  el_after_av_one_full  el_before_av_social_share '><span class='hr-inner ' ><span class='hr-inner-style'><\/span><\/span><\/div><\/p>\n<div  class='av-social-sharing-box  avia-builder-el-7  el_after_av_hr  el_before_av_hr  '><div class='av-share-box'><h5 class='av-share-link-description av-no-toc '>Compartir esta noticia<\/h5><ul class='av-share-box-list noLightbox'><li class='av-share-link av-social-link-facebook' ><a target=\"_blank\" aria-label=\"Compartir en Facebook\" href='https:\/\/www.facebook.com\/sharer.php?u=https:\/\/radiorevelacionfm.cl\/?p=55939&#038;t=En%20Puerto%20Ays%C3%A9n%20se%20realiz%C3%B3%20Taller%20Energ%C3%ADa%20Segura%20para%20Mujeres' aria-hidden='false' data-av_icon='\ue8f3' data-av_iconfont='entypo-fontello' title='' data-avia-related-tooltip='Compartir en Facebook' rel=\"noopener\"><span class='avia_hidden_link_text'>Compartir en Facebook<\/span><\/a><\/li><li class='av-share-link av-social-link-twitter' ><a target=\"_blank\" aria-label=\"Compartir en Twitter\" href='https:\/\/twitter.com\/share?text=En%20Puerto%20Ays%C3%A9n%20se%20realiz%C3%B3%20Taller%20Energ%C3%ADa%20Segura%20para%20Mujeres&#038;url=https:\/\/radiorevelacionfm.cl\/?p=55939' aria-hidden='false' data-av_icon='\ue8f1' data-av_iconfont='entypo-fontello' title='' data-avia-related-tooltip='Compartir en Twitter' rel=\"noopener\"><span class='avia_hidden_link_text'>Compartir en Twitter<\/span><\/a><\/li><li class='av-share-link av-social-link-whatsapp' ><a target=\"_blank\" aria-label=\"Compartir en Whatsapp\" href='https:\/\/api.whatsapp.com\/send?text=https:\/\/radiorevelacionfm.cl\/?p=55939' aria-hidden='false' data-av_icon='\uf232' data-av_iconfont='entypo-fontello' title='' data-avia-related-tooltip='Compartir en Whatsapp' rel=\"noopener\"><span class='avia_hidden_link_text'>Compartir en Whatsapp<\/span><\/a><\/li><li class='av-share-link av-social-link-linkedin' ><a target=\"_blank\" aria-label=\"Compartir en LinkedIn\" href='https:\/\/linkedin.com\/shareArticle?mini=true&#038;title=En%20Puerto%20Ays%C3%A9n%20se%20realiz%C3%B3%20Taller%20Energ%C3%ADa%20Segura%20para%20Mujeres&#038;url=https:\/\/radiorevelacionfm.cl\/?p=55939' aria-hidden='false' data-av_icon='\ue8fc' data-av_iconfont='entypo-fontello' title='' data-avia-related-tooltip='Compartir en LinkedIn' rel=\"noopener\"><span class='avia_hidden_link_text'>Compartir en LinkedIn<\/span><\/a><\/li><li class='av-share-link av-social-link-mail' ><a  aria-label=\"Compartir por correo\" href='mailto:?subject=En%20Puerto%20Ays%C3%A9n%20se%20realiz%C3%B3%20Taller%20Energ%C3%ADa%20Segura%20para%20Mujeres&#038;body=https:\/\/radiorevelacionfm.cl\/?p=55939' aria-hidden='false' data-av_icon='\ue805' data-av_iconfont='entypo-fontello' title='' data-avia-related-tooltip='Compartir por correo'><span class='avia_hidden_link_text'>Compartir por correo<\/span><\/a><\/li><\/ul><\/div><\/div>\n<div  style='height:50px' class='hr hr-invisible   avia-builder-el-8  el_after_av_social_share  el_before_av_comments_list '><span class='hr-inner ' ><span class='hr-inner-style'><\/span><\/span><\/div>\n<div  class='av-buildercomment  av-blog-meta-html-info-disabled av-blog-meta-tag-disabled  '><\/div>\n","protected":false},"excerpt":{"rendered":"","protected":false},"author":1,"featured_media":55940,"comment_status":"closed","ping_status":"closed","sticky":false,"template":"","format":"standard","meta":{"footnotes":""},"categories":[38],"tags":[],"class_list":["post-55939","post","type-post","status-publish","format-standard","has-post-thumbnail","hentry","category-regional"],"jetpack_featured_media_url":"https:\/\/radiorevelacionfm.cl\/wp-content\/uploads\/2025\/07\/foto-1-1_optimized.jpeg","_links":{"self":[{"href":"https:\/\/radiorevelacionfm.cl\/index.php?rest_route=\/wp\/v2\/posts\/55939","targetHints":{"allow":["GET"]}}],"collection":[{"href":"https:\/\/radiorevelacionfm.cl\/index.php?rest_route=\/wp\/v2\/posts"}],"about":[{"href":"https:\/\/radiorevelacionfm.cl\/index.php?rest_route=\/wp\/v2\/types\/post"}],"author":[{"embeddable":true,"href":"https:\/\/radiorevelacionfm.cl\/index.php?rest_route=\/wp\/v2\/users\/1"}],"replies":[{"embeddable":true,"href":"https:\/\/radiorevelacionfm.cl\/index.php?rest_route=%2Fwp%2Fv2%2Fcomments&post=55939"}],"version-history":[{"count":2,"href":"https:\/\/radiorevelacionfm.cl\/index.php?rest_route=\/wp\/v2\/posts\/55939\/revisions"}],"predecessor-version":[{"id":55942,"href":"https:\/\/radiorevelacionfm.cl\/index.php?rest_route=\/wp\/v2\/posts\/55939\/revisions\/55942"}],"wp:featuredmedia":[{"embeddable":true,"href":"https:\/\/radiorevelacionfm.cl\/index.php?rest_route=\/wp\/v2\/media\/55940"}],"wp:attachment":[{"href":"https:\/\/radiorevelacionfm.cl\/index.php?rest_route=%2Fwp%2Fv2%2Fmedia&parent=55939"}],"wp:term":[{"taxonomy":"category","embeddable":true,"href":"https:\/\/radiorevelacionfm.cl\/index.php?rest_route=%2Fwp%2Fv2%2Fcategories&post=55939"},{"taxonomy":"post_tag","embeddable":true,"href":"https:\/\/radiorevelacionfm.cl\/index.php?rest_route=%2Fwp%2Fv2%2Ftags&post=55939"}],"curies":[{"name":"wp","href":"https:\/\/api.w.org\/{rel}","templated":true}]}}