{"id":55936,"date":"2025-07-01T14:22:42","date_gmt":"2025-07-01T17:22:42","guid":{"rendered":"https:\/\/radiorevelacionfm.cl\/?p=55936"},"modified":"2025-07-01T14:22:42","modified_gmt":"2025-07-01T17:22:42","slug":"ari-la-reactivacion-no-es-solo-un-eslogan-es-tambien-definir-adecuadamente-las-necesidades-territoriales","status":"publish","type":"post","link":"https:\/\/radiorevelacionfm.cl\/?p=55936","title":{"rendered":"ARI: \u201cLa reactivaci\u00f3n no es s\u00f3lo un eslogan, es tambi\u00e9n  definir adecuadamente las necesidades territoriales\u201d"},"content":{"rendered":"<div class=\"flex_column av_one_full  flex_column_div av-zero-column-padding first  avia-builder-el-0  el_before_av_one_full  avia-builder-el-first  \" style='border-radius:0px; '><div  class='avia-image-container  av-styling-    avia-builder-el-1  avia-builder-el-no-sibling  avia-align-center '  itemprop=\"image\" itemscope=\"itemscope\" itemtype=\"https:\/\/schema.org\/ImageObject\"  ><div class='avia-image-container-inner'><div class='avia-image-overlay-wrap'><img decoding=\"async\" class='wp-image-55937 avia-img-lazy-loading-not-55937 avia_image' src=\"https:\/\/radiorevelacionfm.cl\/wp-content\/uploads\/2025\/07\/img_6916-1_optimized.jpg\" alt='' title='img_6916-(1)_optimized' height=\"600\" width=\"800\"  itemprop=\"thumbnailUrl\" srcset=\"https:\/\/radiorevelacionfm.cl\/wp-content\/uploads\/2025\/07\/img_6916-1_optimized.jpg 800w, https:\/\/radiorevelacionfm.cl\/wp-content\/uploads\/2025\/07\/img_6916-1_optimized-300x225.jpg 300w, https:\/\/radiorevelacionfm.cl\/wp-content\/uploads\/2025\/07\/img_6916-1_optimized-768x576.jpg 768w, https:\/\/radiorevelacionfm.cl\/wp-content\/uploads\/2025\/07\/img_6916-1_optimized-705x529.jpg 705w, https:\/\/radiorevelacionfm.cl\/wp-content\/uploads\/2025\/07\/img_6916-1_optimized-450x338.jpg 450w, https:\/\/radiorevelacionfm.cl\/wp-content\/uploads\/2025\/07\/img_6916-1_optimized-600x450.jpg 600w\" sizes=\"(max-width: 800px) 100vw, 800px\" \/><\/div><\/div><\/div><\/div><div class=\"flex_column av_one_full  flex_column_div av-zero-column-padding first  avia-builder-el-2  el_after_av_one_full  el_before_av_one_full  column-top-margin\" style='border-radius:0px; '><section class=\"av_textblock_section \"  itemscope=\"itemscope\" itemtype=\"https:\/\/schema.org\/BlogPosting\" itemprop=\"blogPost\" ><div class='avia_textblock  '   itemprop=\"text\" ><p style=\"text-align: center;\"><span style=\"font-size: 18pt;\"><strong>ARI: \u201cLa reactivaci\u00f3n no es s\u00f3lo un eslogan, es tambi\u00e9n definir adecuadamente las necesidades territoriales\u201d<\/strong><\/span><\/p>\n<div id=\"gtx-trans\" style=\"position: absolute; left: -50px; top: 4.31534px;\">\n<div class=\"gtx-trans-icon\"><\/div>\n<\/div>\n<\/div><\/section><\/div><div class=\"flex_column av_one_full  flex_column_div av-zero-column-padding first  avia-builder-el-4  el_after_av_one_full  el_before_av_hr  column-top-margin\" style='border-radius:0px; '><section class=\"av_textblock_section \"  itemscope=\"itemscope\" itemtype=\"https:\/\/schema.org\/BlogPosting\" itemprop=\"blogPost\" ><div class='avia_textblock  '   itemprop=\"text\" ><p style=\"text-align: justify;\"><em>Para el Consejo Regional de Ays\u00e9n, como para los representantes de las provincias de General Carrera, Capit\u00e1n Prat y Coyhaique; Arcadio Soto, Rodrigo Rivera y Pablo Guglielmi, respectivamente, la definici\u00f3n del Anteproyecto Regional de Inversiones (ARI) 2026 es clave para enfrentar la descentralizaci\u00f3n. Sin embargo, hay que mejorar urgentemente la planificaci\u00f3n de las necesidades territoriales.<\/em><\/p>\n<p style=\"text-align: justify;\">Tras extensas sesiones de la Comisi\u00f3n Ampliada de Presupuesto e Inversiones, donde se revis\u00f3 el ARI correspondiente al pr\u00f3ximo a\u00f1o, se presentaron los alcances de la proyecci\u00f3n de Salud para la Regi\u00f3n de Ays\u00e9n. En ella pudo observarse entre la programaci\u00f3n y la ejecuci\u00f3n presupuestaria, que ha generado brechas originadas -principalmente- por retrasos en pagos de proyectos emblem\u00e1ticos como el Hospital de Chile Chico y el CESFAM de Coyhaique.<\/p>\n<p style=\"text-align: justify;\">Para Arcadio Soto, Core de General Carrera, \u201ccontar con una proyecci\u00f3n clara y de largo plazo en materia de inversi\u00f3n p\u00fablica no s\u00f3lo permite ordenar prioridades, sino tambi\u00e9n asegurar que los recursos lleguen con oportunidad y pertinencia a los territorios que m\u00e1s lo necesitan\u201d, explic\u00f3.<\/p>\n<p style=\"text-align: justify;\">Asimismo, insisti\u00f3 que \u201cEl fomento productivo debe ser una prioridad estrat\u00e9gica para el desarrollo de Ays\u00e9n. Como Consejo Regional, hemos insistido en ello porque nuestra regi\u00f3n enfrenta desaf\u00edos estructurales, especialmente en las zonas rurales, donde a\u00fan existen importantes brechas en infraestructura, servicios y oportunidades econ\u00f3micas. Sectores como el turismo \u2014que es una de nuestras principales fortalezas\u2014 requieren inversi\u00f3n sostenida en infraestructura habilitante, conectividad y formaci\u00f3n de capital humano local. Del mismo modo, es esencial apoyar con mayor decisi\u00f3n al sector campesino, que forma parte esencial de nuestra cultura y es el sustento de muchas familias de nuestra regi\u00f3n\u201d.<\/p>\n<p style=\"text-align: justify;\">En concordancia, afirm\u00f3 que \u201ces fundamental reforzar el apoyo a las peque\u00f1as y medianas empresas, que son el motor de nuestras econom\u00edas locales. El ARI 2026 debe ser una herramienta que traduzca las demandas ciudadanas en acciones concretas, con enfoque territorial y visi\u00f3n de futuro\u201d.<\/p>\n<p style=\"text-align: justify;\">En ese contexto, se analiz\u00f3 la amplia cobertura regional de los programas ejecutados por Sercotec. No obstante, tambi\u00e9n se plantearon observaciones sobre la necesidad de fortalecer y ampliar dicha cobertura, particularmente en los instrumentos <strong>Crece<\/strong> y <strong>Capital Semilla<\/strong>, que en a\u00f1os anteriores no lograron alcanzar un porcentaje significativo de beneficiarios, a pesar de la alta demanda registrada a nivel regional. Con miras al a\u00f1o 2026, se proyecta beneficiar al menos al 20% del total de postulaciones en ambos instrumentos.<\/p>\n<p style=\"text-align: justify;\">Rodrigo Rivera, consejero de Capit\u00e1n Prat, la solicitud del Cuerpo Colegiado se centra en \u201cplantear la necesidad de ampliar la cobertura de programas sociales que han demostrado ser exitosos y generar cambios positivos en nuestras comunidades. Tambi\u00e9n propusimos revisar el monto del subsidio de calefacci\u00f3n en Ays\u00e9n. Aunque la cobertura ha aumentado, los costos asociados al fr\u00edo extremo siguen creciendo, y el monto del subsidio se ha mantenido congelado por a\u00f1os, lo que hoy resulta insuficiente\u201d.<\/p>\n<p style=\"text-align: justify;\">\u201cEn materias, como -por ejemplo- de salud, solicitamos evaluar el actual convenio de programaci\u00f3n e incorporar nuevas iniciativas. Una de las urgencias m\u00e1s sentidas es la reposici\u00f3n de ambulancias, especialmente para comunas m\u00e1s alejadas como Cochrane. Hoy, los pacientes deben hacer trasbordos en plena carretera para llegar al Hospital Regional, una situaci\u00f3n inaceptable, sobre todo en invierno. Nuestro compromiso es seguir insistiendo en una inversi\u00f3n p\u00fablica justa, equitativa y con mirada territorial para mejorar la calidad de vida de todos los ayseninos.\u00bb<\/p>\n<p style=\"text-align: justify;\">Frente a uno de los temas sensibles para la comunidad, que es la seguridad, el Core por Coyhaique Pablo Gugliemi, manifest\u00f3 que \u201ces una falta grave y preocupante que el Ministerio de Seguridad P\u00fablica, a trav\u00e9s de su Seremi Regional, no se haya presentado para exponer avances o presupuestos comprometidos en materia de seguridad p\u00fablica para la Regi\u00f3n de Ays\u00e9n. Pr\u00e1cticamente, la ciudadan\u00eda ha quedado sin informaci\u00f3n sobre iniciativas y recursos destinados a la prevenci\u00f3n y trabajo en esta materia. Considerando que es un ministerio ya instalado en el pa\u00eds y la regi\u00f3n, es decepcionante no haber visto resultados tangibles de su trabajo\u201d.<\/p>\n<p style=\"text-align: justify;\">Tambi\u00e9n insisti\u00f3 que \u201cun dato alarmante es que, seg\u00fan la Fiscal\u00eda, los homicidios han aumentado un 400% en la ciudad de Coyhaique al 2024. Adem\u00e1s, los delitos por robo e inseguridad ciudadana siguen siendo una preocupaci\u00f3n para nuestros ciudadanos. Es fundamental que el Ministerio de Seguridad P\u00fablica rinda cuentas y proporcione informaci\u00f3n clara sobre sus planes y acciones para abordar estos problemas en nuestra regi\u00f3n\u201d.<\/p>\n<p style=\"text-align: justify;\">Para los tres representantes, es fundamental \u201cque el gobierno central escuche y considere las <strong>discrepancias <\/strong>que surgen desde los territorios. Cada consejero regional tiene una mirada directa y cercana a las realidades de su provincia, y hasta ahora, esa voz no ha sido suficientemente tomada en cuenta\u201d. No obstante, \u201cdebemos ser claros: la responsabilidad de financiar el desarrollo regional no puede seguir recayendo \u00fanicamente en el Gobierno Regional de Ays\u00e9n. El Estado, a trav\u00e9s del gobierno central, tiene el deber de responder con recursos concretos a las necesidades reales de nuestra gente\u201d, acotaron.<\/p>\n<p style=\"text-align: justify;\"><strong>Anteproyecto Regional de Inversiones (ARI)<\/strong><\/p>\n<p style=\"text-align: justify;\">En un contexto donde la descentralizaci\u00f3n y la autonom\u00eda regional se mantienen como desaf\u00edos centrales para Ays\u00e9n, el Consejo Regional (CORE) reafirm\u00f3 su compromiso pol\u00edtico en la aprobaci\u00f3n y seguimiento del Anteproyecto Regional de Inversiones (ARI), el pasado viernes 27 de junio en sesi\u00f3n plenaria, considerando que este instrumento no s\u00f3lo es una herramienta t\u00e9cnica para priorizar inversiones, sino que se constituye en un espacio pol\u00edtico vital donde la regi\u00f3n puede ejercer mayor control y voz sobre los recursos p\u00fablicos que se destinan a su territorio, enfrentando as\u00ed la hist\u00f3rica centralizaci\u00f3n que limita el desarrollo de Ays\u00e9n.<\/p>\n<\/div><\/section><\/div><div  style='height:50px' class='hr hr-invisible   avia-builder-el-6  el_after_av_one_full  el_before_av_social_share '><span class='hr-inner ' ><span class='hr-inner-style'><\/span><\/span><\/div><\/p>\n<div  class='av-social-sharing-box  avia-builder-el-7  el_after_av_hr  el_before_av_hr  '><div class='av-share-box'><h5 class='av-share-link-description av-no-toc '>Compartir esta noticia<\/h5><ul class='av-share-box-list noLightbox'><li class='av-share-link av-social-link-facebook' ><a target=\"_blank\" aria-label=\"Compartir en Facebook\" href='https:\/\/www.facebook.com\/sharer.php?u=https:\/\/radiorevelacionfm.cl\/?p=55936&#038;t=ARI%3A%20%E2%80%9CLa%20reactivaci%C3%B3n%20no%20es%20s%C3%B3lo%20un%20eslogan%2C%20es%20tambi%C3%A9n%20%20definir%20adecuadamente%20las%20necesidades%20territoriales%E2%80%9D' aria-hidden='false' data-av_icon='\ue8f3' data-av_iconfont='entypo-fontello' title='' data-avia-related-tooltip='Compartir en Facebook' rel=\"noopener\"><span class='avia_hidden_link_text'>Compartir en Facebook<\/span><\/a><\/li><li class='av-share-link av-social-link-twitter' ><a target=\"_blank\" aria-label=\"Compartir en Twitter\" href='https:\/\/twitter.com\/share?text=ARI%3A%20%E2%80%9CLa%20reactivaci%C3%B3n%20no%20es%20s%C3%B3lo%20un%20eslogan%2C%20es%20tambi%C3%A9n%20%20definir%20adecuadamente%20las%20necesidades%20territoriales%E2%80%9D&#038;url=https:\/\/radiorevelacionfm.cl\/?p=55936' aria-hidden='false' data-av_icon='\ue8f1' data-av_iconfont='entypo-fontello' title='' data-avia-related-tooltip='Compartir en Twitter' rel=\"noopener\"><span class='avia_hidden_link_text'>Compartir en Twitter<\/span><\/a><\/li><li class='av-share-link av-social-link-whatsapp' ><a target=\"_blank\" aria-label=\"Compartir en Whatsapp\" href='https:\/\/api.whatsapp.com\/send?text=https:\/\/radiorevelacionfm.cl\/?p=55936' aria-hidden='false' data-av_icon='\uf232' data-av_iconfont='entypo-fontello' title='' data-avia-related-tooltip='Compartir en Whatsapp' rel=\"noopener\"><span class='avia_hidden_link_text'>Compartir en Whatsapp<\/span><\/a><\/li><li class='av-share-link av-social-link-linkedin' ><a target=\"_blank\" aria-label=\"Compartir en LinkedIn\" href='https:\/\/linkedin.com\/shareArticle?mini=true&#038;title=ARI%3A%20%E2%80%9CLa%20reactivaci%C3%B3n%20no%20es%20s%C3%B3lo%20un%20eslogan%2C%20es%20tambi%C3%A9n%20%20definir%20adecuadamente%20las%20necesidades%20territoriales%E2%80%9D&#038;url=https:\/\/radiorevelacionfm.cl\/?p=55936' aria-hidden='false' data-av_icon='\ue8fc' data-av_iconfont='entypo-fontello' title='' data-avia-related-tooltip='Compartir en LinkedIn' rel=\"noopener\"><span class='avia_hidden_link_text'>Compartir en LinkedIn<\/span><\/a><\/li><li class='av-share-link av-social-link-mail' ><a  aria-label=\"Compartir por correo\" href='mailto:?subject=ARI%3A%20%E2%80%9CLa%20reactivaci%C3%B3n%20no%20es%20s%C3%B3lo%20un%20eslogan%2C%20es%20tambi%C3%A9n%20%20definir%20adecuadamente%20las%20necesidades%20territoriales%E2%80%9D&#038;body=https:\/\/radiorevelacionfm.cl\/?p=55936' aria-hidden='false' data-av_icon='\ue805' data-av_iconfont='entypo-fontello' title='' data-avia-related-tooltip='Compartir por correo'><span class='avia_hidden_link_text'>Compartir por correo<\/span><\/a><\/li><\/ul><\/div><\/div>\n<div  style='height:50px' class='hr hr-invisible   avia-builder-el-8  el_after_av_social_share  el_before_av_comments_list '><span class='hr-inner ' ><span class='hr-inner-style'><\/span><\/span><\/div>\n<div  class='av-buildercomment  av-blog-meta-html-info-disabled av-blog-meta-tag-disabled  '><\/div>\n","protected":false},"excerpt":{"rendered":"","protected":false},"author":1,"featured_media":55937,"comment_status":"closed","ping_status":"closed","sticky":false,"template":"","format":"standard","meta":{"footnotes":""},"categories":[38],"tags":[],"class_list":["post-55936","post","type-post","status-publish","format-standard","has-post-thumbnail","hentry","category-regional"],"jetpack_featured_media_url":"https:\/\/radiorevelacionfm.cl\/wp-content\/uploads\/2025\/07\/img_6916-1_optimized.jpg","_links":{"self":[{"href":"https:\/\/radiorevelacionfm.cl\/index.php?rest_route=\/wp\/v2\/posts\/55936","targetHints":{"allow":["GET"]}}],"collection":[{"href":"https:\/\/radiorevelacionfm.cl\/index.php?rest_route=\/wp\/v2\/posts"}],"about":[{"href":"https:\/\/radiorevelacionfm.cl\/index.php?rest_route=\/wp\/v2\/types\/post"}],"author":[{"embeddable":true,"href":"https:\/\/radiorevelacionfm.cl\/index.php?rest_route=\/wp\/v2\/users\/1"}],"replies":[{"embeddable":true,"href":"https:\/\/radiorevelacionfm.cl\/index.php?rest_route=%2Fwp%2Fv2%2Fcomments&post=55936"}],"version-history":[{"count":2,"href":"https:\/\/radiorevelacionfm.cl\/index.php?rest_route=\/wp\/v2\/posts\/55936\/revisions"}],"predecessor-version":[{"id":55955,"href":"https:\/\/radiorevelacionfm.cl\/index.php?rest_route=\/wp\/v2\/posts\/55936\/revisions\/55955"}],"wp:featuredmedia":[{"embeddable":true,"href":"https:\/\/radiorevelacionfm.cl\/index.php?rest_route=\/wp\/v2\/media\/55937"}],"wp:attachment":[{"href":"https:\/\/radiorevelacionfm.cl\/index.php?rest_route=%2Fwp%2Fv2%2Fmedia&parent=55936"}],"wp:term":[{"taxonomy":"category","embeddable":true,"href":"https:\/\/radiorevelacionfm.cl\/index.php?rest_route=%2Fwp%2Fv2%2Fcategories&post=55936"},{"taxonomy":"post_tag","embeddable":true,"href":"https:\/\/radiorevelacionfm.cl\/index.php?rest_route=%2Fwp%2Fv2%2Ftags&post=55936"}],"curies":[{"name":"wp","href":"https:\/\/api.w.org\/{rel}","templated":true}]}}