{"id":55931,"date":"2025-07-01T10:22:02","date_gmt":"2025-07-01T13:22:02","guid":{"rendered":"https:\/\/radiorevelacionfm.cl\/?p=55931"},"modified":"2025-07-01T10:22:02","modified_gmt":"2025-07-01T13:22:02","slug":"aysen-se-prepara-para-jornada-clave-sobre-infraestructura-turistica-en-la-ruta-de-los-parques-de-la-patagonia","status":"publish","type":"post","link":"https:\/\/radiorevelacionfm.cl\/?p=55931","title":{"rendered":"Ays\u00e9n se prepara para jornada clave sobre infraestructura tur\u00edstica en la Ruta de los Parques de la Patagonia"},"content":{"rendered":"<div class=\"flex_column av_one_full  flex_column_div av-zero-column-padding first  avia-builder-el-0  el_before_av_one_full  avia-builder-el-first  \" style='border-radius:0px; '><div  class='avia-image-container  av-styling-    avia-builder-el-1  avia-builder-el-no-sibling  avia-align-center '  itemprop=\"image\" itemscope=\"itemscope\" itemtype=\"https:\/\/schema.org\/ImageObject\"  ><div class='avia-image-container-inner'><div class='avia-image-overlay-wrap'><img decoding=\"async\" class='wp-image-55932 avia-img-lazy-loading-not-55932 avia_image' src=\"https:\/\/radiorevelacionfm.cl\/wp-content\/uploads\/2025\/06\/20250402_094006-2-1-1.jpg\" alt='' title='20250402_094006 (2) (1) (1)' height=\"600\" width=\"1065\"  itemprop=\"thumbnailUrl\" srcset=\"https:\/\/radiorevelacionfm.cl\/wp-content\/uploads\/2025\/06\/20250402_094006-2-1-1.jpg 1065w, https:\/\/radiorevelacionfm.cl\/wp-content\/uploads\/2025\/06\/20250402_094006-2-1-1-300x169.jpg 300w, https:\/\/radiorevelacionfm.cl\/wp-content\/uploads\/2025\/06\/20250402_094006-2-1-1-1030x580.jpg 1030w, https:\/\/radiorevelacionfm.cl\/wp-content\/uploads\/2025\/06\/20250402_094006-2-1-1-768x433.jpg 768w, https:\/\/radiorevelacionfm.cl\/wp-content\/uploads\/2025\/06\/20250402_094006-2-1-1-705x397.jpg 705w, https:\/\/radiorevelacionfm.cl\/wp-content\/uploads\/2025\/06\/20250402_094006-2-1-1-450x254.jpg 450w, https:\/\/radiorevelacionfm.cl\/wp-content\/uploads\/2025\/06\/20250402_094006-2-1-1-600x338.jpg 600w\" sizes=\"(max-width: 1065px) 100vw, 1065px\" \/><\/div><\/div><\/div><\/div><div class=\"flex_column av_one_full  flex_column_div av-zero-column-padding first  avia-builder-el-2  el_after_av_one_full  el_before_av_one_full  column-top-margin\" style='border-radius:0px; '><section class=\"av_textblock_section \"  itemscope=\"itemscope\" itemtype=\"https:\/\/schema.org\/BlogPosting\" itemprop=\"blogPost\" ><div class='avia_textblock  '   itemprop=\"text\" ><p style=\"text-align: center;\"><span style=\"font-size: 18pt;\"><b>Ays\u00e9n se prepara para jornada clave sobre infraestructura tur\u00edstica en la Ruta de los Parques de la Patagonia<\/b><\/span><\/p>\n<div id=\"gtx-trans\" style=\"position: absolute; left: -50px; top: 4.31534px;\">\n<div class=\"gtx-trans-icon\"><\/div>\n<\/div>\n<\/div><\/section><\/div><div class=\"flex_column av_one_full  flex_column_div av-zero-column-padding first  avia-builder-el-4  el_after_av_one_full  el_before_av_hr  column-top-margin\" style='border-radius:0px; '><section class=\"av_textblock_section \"  itemscope=\"itemscope\" itemtype=\"https:\/\/schema.org\/BlogPosting\" itemprop=\"blogPost\" ><div class='avia_textblock  '   itemprop=\"text\" ><p style=\"text-align: justify;\"><i>Representantes de instituciones p\u00fablicas, comunidades y organizaciones del turismo se reunir\u00e1n en Coyhaique para dialogar sobre el rol de la infraestructura en el desarrollo equitativo y sostenible de los territorios.<\/i><\/p>\n<p style=\"text-align: justify;\">El pr\u00f3ximo 3 de julio, el Centro Cultural de Coyhaique ser\u00e1 el espacio de encuentro para una jornada clave: el seminario \u00abInfraestructura para el desarrollo tur\u00edstico en la Ruta de los Parques\u00bb. La actividad, organizada por el Programa Transforma Mesoregional Ruta de los Parques de la Patagonia, una iniciativa de Corfo que busca posicionar el turismo de conservaci\u00f3n en los parques nacionales de las regiones de Los Lagos, Ays\u00e9n y Magallanes; convocar\u00e1 a representantes de instituciones p\u00fablicas, equipos t\u00e9cnicos, organizaciones comunitarias y del sector tur\u00edstico para reflexionar colectivamente sobre el impacto de la infraestructura en la generaci\u00f3n de experiencias tur\u00edsticas sostenibles, inclusivas y respetuosas con los ecosistemas.<\/p>\n<p style=\"text-align: justify;\">La jornada se extender\u00e1 entre las 09:00 y las 13:00 horas, con un programa diverso que incluir\u00e1 exposiciones, estudios de caso y espacios de di\u00e1logo orientados a poner en valor la planificaci\u00f3n participativa de la infraestructura tur\u00edstica, su aporte a la equidad territorial y su capacidad para fortalecer el arraigo de quienes habitan la regi\u00f3n.<\/p>\n<p style=\"text-align: justify;\">Entre las presentaciones destacadas se encuentra la de Francisco D\u00edaz, de la Subsecretar\u00eda de Turismo, quien compartir\u00e1 el Modelo de Desarrollo de Destinos Tur\u00edsticos y el Plan de Infraestructura impulsado por el Ministerio de Obras P\u00fablicas (MOP). Por su parte, Fernando Guzm\u00e1n, jefe de la Divisi\u00f3n de Fomento e Industria del Gobierno Regional de Ays\u00e9n, presentar\u00e1 los ejes del Plan Estrat\u00e9gico Regional 2025\u20132028.<\/p>\n<p style=\"text-align: justify;\">El encuentro tambi\u00e9n permitir\u00e1 conocer experiencias transformadoras como las Rutas Esc\u00e9nicas, a cargo de Tom\u00e1s S\u00e1nchez, de TKO Consultores, y el Programa Transforma Ruta Esc\u00e9nica Lagos y Volcanes, presentado por Rodrigo Moreno, los cuales relevan el valor de las alianzas p\u00fablico-privadas y la articulaci\u00f3n entre territorios para el desarrollo de proyectos con enfoque sostenible.<\/p>\n<p style=\"text-align: justify;\">A nivel local, se compartir\u00e1n iniciativas lideradas desde los propios territorios, como Ciclo Austral, una experiencia de cicloturismo por la Carretera Austral que ser\u00e1 relatada por Claudia Huepe, y el modelo de gobernanza participativa del Parque Nacional Cerro Castillo, expuesto por Mar\u00eda Jes\u00fas Bautigam, representante de la Asociaci\u00f3n Cerro Castillo. Este \u00faltimo caso destaca c\u00f3mo la gesti\u00f3n de \u00e1reas silvestres protegidas puede construirse desde la participaci\u00f3n de las comunidades y con enfoque de corresponsabilidad en la conservaci\u00f3n del patrimonio natural.<\/p>\n<p style=\"text-align: justify;\">\u00abEl turismo de naturaleza representa una oportunidad concreta para el desarrollo sostenible y equitativo de nuestra regi\u00f3n. Para avanzar en esa direcci\u00f3n, necesitamos infraestructura que respete el entorno, que responda a las necesidades de quienes habitan el territorio y que fortalezca la participaci\u00f3n de todas las personas. Esta jornada ser\u00e1 un paso importante para seguir construyendo un modelo tur\u00edstico con identidad local y mirada de futuro\u00bb, expres\u00f3 Humberto Mar\u00edn, director regional de Corfo Ays\u00e9n.<\/p>\n<p style=\"text-align: justify;\">Seg\u00fan datos de Sernatur, m\u00e1s del 60% de quienes visitan la Regi\u00f3n de Ays\u00e9n manifiestan inter\u00e9s por actividades vinculadas a la naturaleza, el aire libre y la vida al ritmo del territorio. En ese contexto, el desarrollo de infraestructura como miradores, senderos, ciclov\u00edas, centros de informaci\u00f3n y servicios b\u00e1sicos resulta esencial para garantizar experiencias tur\u00edsticas de calidad, seguras, inclusivas y sostenibles.<\/p>\n<p style=\"text-align: justify;\">La jornada culminar\u00e1 con un panel de conversaci\u00f3n abierto y un espacio de conclusiones que permita ir articulando un trabajo que impulse la ruta esc\u00e9nica carretera a austral como destino tur\u00edstico y propicie el avance de infraestructura habilitante para la identificaci\u00f3n y puesta en valor de atractivos en la ruta de los parques. Entre los pr\u00f3ximos desaf\u00edos se contempla levantar una cartera priorizada de proyectos, consolidar espacios de gobernanza multisectorial y posicionar a la regi\u00f3n como un destino internacional comprometido con la conservaci\u00f3n, la cultura y el bienestar de sus comunidades.<\/p>\n<p style=\"text-align: justify;\">La jornada \u00abInfraestructura para el desarrollo tur\u00edstico en la Ruta de los Parques\u00bb se realizar\u00e1 el jueves 3 de julio, de 09:00 a 13:00 horas, en el Centro Cultural de Coyhaique. La entrada es liberada y el programa completo se encuentra disponible a trav\u00e9s de los canales oficiales de Corfo Ays\u00e9n y del Programa Transforma Ruta de los Parques de la Patagonia.<\/p>\n<div dir=\"auto\" style=\"text-align: justify;\"><\/div>\n<\/div><\/section><\/div><div  style='height:50px' class='hr hr-invisible   avia-builder-el-6  el_after_av_one_full  el_before_av_social_share '><span class='hr-inner ' ><span class='hr-inner-style'><\/span><\/span><\/div><\/p>\n<div  class='av-social-sharing-box  avia-builder-el-7  el_after_av_hr  el_before_av_hr  '><div class='av-share-box'><h5 class='av-share-link-description av-no-toc '>Compartir esta noticia<\/h5><ul class='av-share-box-list noLightbox'><li class='av-share-link av-social-link-facebook' ><a target=\"_blank\" aria-label=\"Compartir en Facebook\" href='https:\/\/www.facebook.com\/sharer.php?u=https:\/\/radiorevelacionfm.cl\/?p=55931&#038;t=Ays%C3%A9n%20se%20prepara%20para%20jornada%20clave%20sobre%20infraestructura%20tur%C3%ADstica%20en%20la%20Ruta%20de%20los%20Parques%20de%20la%20Patagonia' aria-hidden='false' data-av_icon='\ue8f3' data-av_iconfont='entypo-fontello' title='' data-avia-related-tooltip='Compartir en Facebook' rel=\"noopener\"><span class='avia_hidden_link_text'>Compartir en Facebook<\/span><\/a><\/li><li class='av-share-link av-social-link-twitter' ><a target=\"_blank\" aria-label=\"Compartir en Twitter\" href='https:\/\/twitter.com\/share?text=Ays%C3%A9n%20se%20prepara%20para%20jornada%20clave%20sobre%20infraestructura%20tur%C3%ADstica%20en%20la%20Ruta%20de%20los%20Parques%20de%20la%20Patagonia&#038;url=https:\/\/radiorevelacionfm.cl\/?p=55931' aria-hidden='false' data-av_icon='\ue8f1' data-av_iconfont='entypo-fontello' title='' data-avia-related-tooltip='Compartir en Twitter' rel=\"noopener\"><span class='avia_hidden_link_text'>Compartir en Twitter<\/span><\/a><\/li><li class='av-share-link av-social-link-whatsapp' ><a target=\"_blank\" aria-label=\"Compartir en Whatsapp\" href='https:\/\/api.whatsapp.com\/send?text=https:\/\/radiorevelacionfm.cl\/?p=55931' aria-hidden='false' data-av_icon='\uf232' data-av_iconfont='entypo-fontello' title='' data-avia-related-tooltip='Compartir en Whatsapp' rel=\"noopener\"><span class='avia_hidden_link_text'>Compartir en Whatsapp<\/span><\/a><\/li><li class='av-share-link av-social-link-linkedin' ><a target=\"_blank\" aria-label=\"Compartir en LinkedIn\" href='https:\/\/linkedin.com\/shareArticle?mini=true&#038;title=Ays%C3%A9n%20se%20prepara%20para%20jornada%20clave%20sobre%20infraestructura%20tur%C3%ADstica%20en%20la%20Ruta%20de%20los%20Parques%20de%20la%20Patagonia&#038;url=https:\/\/radiorevelacionfm.cl\/?p=55931' aria-hidden='false' data-av_icon='\ue8fc' data-av_iconfont='entypo-fontello' title='' data-avia-related-tooltip='Compartir en LinkedIn' rel=\"noopener\"><span class='avia_hidden_link_text'>Compartir en LinkedIn<\/span><\/a><\/li><li class='av-share-link av-social-link-mail' ><a  aria-label=\"Compartir por correo\" href='mailto:?subject=Ays%C3%A9n%20se%20prepara%20para%20jornada%20clave%20sobre%20infraestructura%20tur%C3%ADstica%20en%20la%20Ruta%20de%20los%20Parques%20de%20la%20Patagonia&#038;body=https:\/\/radiorevelacionfm.cl\/?p=55931' aria-hidden='false' data-av_icon='\ue805' data-av_iconfont='entypo-fontello' title='' data-avia-related-tooltip='Compartir por correo'><span class='avia_hidden_link_text'>Compartir por correo<\/span><\/a><\/li><\/ul><\/div><\/div>\n<div  style='height:50px' class='hr hr-invisible   avia-builder-el-8  el_after_av_social_share  el_before_av_comments_list '><span class='hr-inner ' ><span class='hr-inner-style'><\/span><\/span><\/div>\n<div  class='av-buildercomment  av-blog-meta-html-info-disabled av-blog-meta-tag-disabled  '><\/div>\n","protected":false},"excerpt":{"rendered":"","protected":false},"author":1,"featured_media":55932,"comment_status":"closed","ping_status":"closed","sticky":false,"template":"","format":"standard","meta":{"footnotes":""},"categories":[54],"tags":[],"class_list":["post-55931","post","type-post","status-publish","format-standard","has-post-thumbnail","hentry","category-turismo"],"jetpack_featured_media_url":"https:\/\/radiorevelacionfm.cl\/wp-content\/uploads\/2025\/06\/20250402_094006-2-1-1.jpg","_links":{"self":[{"href":"https:\/\/radiorevelacionfm.cl\/index.php?rest_route=\/wp\/v2\/posts\/55931","targetHints":{"allow":["GET"]}}],"collection":[{"href":"https:\/\/radiorevelacionfm.cl\/index.php?rest_route=\/wp\/v2\/posts"}],"about":[{"href":"https:\/\/radiorevelacionfm.cl\/index.php?rest_route=\/wp\/v2\/types\/post"}],"author":[{"embeddable":true,"href":"https:\/\/radiorevelacionfm.cl\/index.php?rest_route=\/wp\/v2\/users\/1"}],"replies":[{"embeddable":true,"href":"https:\/\/radiorevelacionfm.cl\/index.php?rest_route=%2Fwp%2Fv2%2Fcomments&post=55931"}],"version-history":[{"count":2,"href":"https:\/\/radiorevelacionfm.cl\/index.php?rest_route=\/wp\/v2\/posts\/55931\/revisions"}],"predecessor-version":[{"id":55935,"href":"https:\/\/radiorevelacionfm.cl\/index.php?rest_route=\/wp\/v2\/posts\/55931\/revisions\/55935"}],"wp:featuredmedia":[{"embeddable":true,"href":"https:\/\/radiorevelacionfm.cl\/index.php?rest_route=\/wp\/v2\/media\/55932"}],"wp:attachment":[{"href":"https:\/\/radiorevelacionfm.cl\/index.php?rest_route=%2Fwp%2Fv2%2Fmedia&parent=55931"}],"wp:term":[{"taxonomy":"category","embeddable":true,"href":"https:\/\/radiorevelacionfm.cl\/index.php?rest_route=%2Fwp%2Fv2%2Fcategories&post=55931"},{"taxonomy":"post_tag","embeddable":true,"href":"https:\/\/radiorevelacionfm.cl\/index.php?rest_route=%2Fwp%2Fv2%2Ftags&post=55931"}],"curies":[{"name":"wp","href":"https:\/\/api.w.org\/{rel}","templated":true}]}}