{"id":55926,"date":"2025-06-30T20:38:37","date_gmt":"2025-06-30T23:38:37","guid":{"rendered":"https:\/\/radiorevelacionfm.cl\/?p=55926"},"modified":"2025-06-30T20:38:37","modified_gmt":"2025-06-30T23:38:37","slug":"penas-de-12-anos-de-carcel-para-el-autor-y-5-anos-y-un-dia-de-presidio-para-el-complice-por-homicidio-en-coyhaique","status":"publish","type":"post","link":"https:\/\/radiorevelacionfm.cl\/?p=55926","title":{"rendered":"Penas de 12 a\u00f1os de c\u00e1rcel para el autor y 5 a\u00f1os y un d\u00eda de presidio para el c\u00f3mplice, por homicidio en Coyhaique"},"content":{"rendered":"<div class=\"flex_column av_one_full  flex_column_div av-zero-column-padding first  avia-builder-el-0  el_before_av_one_full  avia-builder-el-first  \" style='border-radius:0px; '><div  class='avia-image-container  av-styling-    avia-builder-el-1  avia-builder-el-no-sibling  avia-align-center '  itemprop=\"image\" itemscope=\"itemscope\" itemtype=\"https:\/\/schema.org\/ImageObject\"  ><div class='avia-image-container-inner'><div class='avia-image-overlay-wrap'><img decoding=\"async\" class='wp-image-55927 avia-img-lazy-loading-not-55927 avia_image' src=\"https:\/\/radiorevelacionfm.cl\/wp-content\/uploads\/2025\/06\/1-2025-06-30t185106_optimized.385-1.jpg\" alt='' title='1---2025-06-30t185106_optimized.385-(1)' height=\"600\" width=\"900\"  itemprop=\"thumbnailUrl\" srcset=\"https:\/\/radiorevelacionfm.cl\/wp-content\/uploads\/2025\/06\/1-2025-06-30t185106_optimized.385-1.jpg 900w, https:\/\/radiorevelacionfm.cl\/wp-content\/uploads\/2025\/06\/1-2025-06-30t185106_optimized.385-1-300x200.jpg 300w, https:\/\/radiorevelacionfm.cl\/wp-content\/uploads\/2025\/06\/1-2025-06-30t185106_optimized.385-1-768x512.jpg 768w, https:\/\/radiorevelacionfm.cl\/wp-content\/uploads\/2025\/06\/1-2025-06-30t185106_optimized.385-1-705x470.jpg 705w, https:\/\/radiorevelacionfm.cl\/wp-content\/uploads\/2025\/06\/1-2025-06-30t185106_optimized.385-1-450x300.jpg 450w, https:\/\/radiorevelacionfm.cl\/wp-content\/uploads\/2025\/06\/1-2025-06-30t185106_optimized.385-1-600x400.jpg 600w\" sizes=\"(max-width: 900px) 100vw, 900px\" \/><\/div><\/div><\/div><\/div><div class=\"flex_column av_one_full  flex_column_div av-zero-column-padding first  avia-builder-el-2  el_after_av_one_full  el_before_av_one_full  column-top-margin\" style='border-radius:0px; '><section class=\"av_textblock_section \"  itemscope=\"itemscope\" itemtype=\"https:\/\/schema.org\/BlogPosting\" itemprop=\"blogPost\" ><div class='avia_textblock  '   itemprop=\"text\" ><p style=\"text-align: center;\"><strong><span style=\"font-size: 18pt;\">Penas de 12 a\u00f1os de c\u00e1rcel para el autor y 5 a\u00f1os y un d\u00eda de presidio para el c\u00f3mplice, por homicidio en Coyhaique<\/span><\/strong><\/p>\n<div id=\"gtx-trans\" style=\"position: absolute; left: -50px; top: 4.31534px;\">\n<div class=\"gtx-trans-icon\"><\/div>\n<\/div>\n<\/div><\/section><\/div><div class=\"flex_column av_one_full  flex_column_div av-zero-column-padding first  avia-builder-el-4  el_after_av_one_full  el_before_av_hr  column-top-margin\" style='border-radius:0px; '><section class=\"av_textblock_section \"  itemscope=\"itemscope\" itemtype=\"https:\/\/schema.org\/BlogPosting\" itemprop=\"blogPost\" ><div class='avia_textblock  '   itemprop=\"text\" ><p style=\"text-align: justify;\"><em>La v\u00edctima falleci\u00f3 producto de un shock hemorr\u00e1gico tras recibir 27 pu\u00f1aladas. Diligencias investigativas fueron realizadas por la PDI y el Servicio M\u00e9dico Legal.<\/em><\/p>\n<p style=\"font-weight: 400; text-align: justify;\">Penas de 12 a\u00f1os de c\u00e1rcel para el autor y 5 a\u00f1os y un d\u00eda de presidio para el c\u00f3mplice, aplic\u00f3 el Tribunal de Juicio Oral en Lo Penal por un caso de homicidio ocurrido en mayo del a\u00f1o 2024, al interior de un sal\u00f3n de eventos ubicado en avenida Baquedano.<\/p>\n<p style=\"font-weight: 400; text-align: justify;\">El Fiscal Adjunto (s), Mat\u00edas Manzano, explic\u00f3 que la semana pasada se dio a conocer el fallo respecto de los dos imputados por el delito de homicidio perpetrado en un local nocturno. \u201cEsta condena se ha referido, en primer lugar, a la condena en calidad de autor del primero de ellos, el cual fue sentenciado a 12 a\u00f1os de privaci\u00f3n de libertad\u201d.<\/p>\n<p style=\"font-weight: 400; text-align: justify;\">El persecutor penal a\u00f1adi\u00f3 que \u201cen cambio, a quien fuere sindicado como c\u00f3mplice en la sentencia fue condenado a cumplir cinco a\u00f1os y un d\u00eda de privaci\u00f3n de libertad. Lo relevante de esta sentencia es que, atendido el quantum de pena en cada uno de ellos, ambas son de cumplimiento efectivo privados de libertad en la c\u00e1rcel\u201d.<\/p>\n<p style=\"font-weight: 400; text-align: justify;\">Mat\u00edas Manzano explic\u00f3 que \u201cel Ministerio P\u00fablico deber\u00e1 tomar una decisi\u00f3n en torno a si existen elementos que permitan o no recurrir de esta sentencia\u201d.<\/p>\n<p style=\"font-weight: 400; text-align: justify;\">Respecto de las diligencias, coment\u00f3 que \u201cfueron siempre asumidas, desde un primer momento, con la Polic\u00eda de Investigaciones, particularmente la Brigada de Homicidios y el Laboratorio de Criminal\u00edstica de la Polic\u00eda de Investigaciones.<\/p>\n<p style=\"font-weight: 400; text-align: justify;\">HECHOS<\/p>\n<p style=\"font-weight: 400; text-align: justify;\">De acuerdo con la acusaci\u00f3n de la Fiscal\u00eda, el 4 de mayo de 2024, alrededor de las 02:30 horas, los imputados -de 33 y 43 a\u00f1os-, se encontraban compartiendo bebidas alcoh\u00f3licas al interior de un sal\u00f3n de eventos en Coyhaique, mientras la v\u00edctima se encontraba en la mesa contigua. Esta \u00faltima comenz\u00f3 a realizar gestos obscenos e insultos hacia los imputados.<\/p>\n<p style=\"font-weight: 400; text-align: justify;\">En ese contexto, uno de los acusados se levant\u00f3, sac\u00f3 un cuchillo que portaba al cinto y atac\u00f3 a la v\u00edctima, quien intent\u00f3 retroceder. El segundo imputado tambi\u00e9n se par\u00f3, lo persigui\u00f3 y se le arroj\u00f3 encima, sujet\u00e1ndolo, lo que imposibilit\u00f3 que se defendiera mientras el primer acusado lo apu\u00f1alaba reiteradamente. Aun lesionada, la v\u00edctima intent\u00f3 escapar, pero fue alcanzada y nuevamente apu\u00f1alada. Terceras personas intentaron intervenir, sin \u00e9xito, ya que el coimputado los alej\u00f3.<\/p>\n<p style=\"font-weight: 400; text-align: justify;\">La v\u00edctima, de 39 a\u00f1os, falleci\u00f3 producto de un shock hemorr\u00e1gico tras recibir 27 pu\u00f1aladas.<\/p>\n<p style=\"font-weight: 400; text-align: justify;\">En este caso, las pericias tanatol\u00f3gicas fueron realizadas por el Servicio M\u00e9dico Legal.<\/p>\n<\/div><\/section><\/div><div  style='height:50px' class='hr hr-invisible   avia-builder-el-6  el_after_av_one_full  el_before_av_social_share '><span class='hr-inner ' ><span class='hr-inner-style'><\/span><\/span><\/div><\/p>\n<div  class='av-social-sharing-box  avia-builder-el-7  el_after_av_hr  el_before_av_hr  '><div class='av-share-box'><h5 class='av-share-link-description av-no-toc '>Compartir esta noticia<\/h5><ul class='av-share-box-list noLightbox'><li class='av-share-link av-social-link-facebook' ><a target=\"_blank\" aria-label=\"Compartir en Facebook\" href='https:\/\/www.facebook.com\/sharer.php?u=https:\/\/radiorevelacionfm.cl\/?p=55926&#038;t=Penas%20de%2012%20a%C3%B1os%20de%20c%C3%A1rcel%20para%20el%20autor%20y%205%20a%C3%B1os%20y%20un%20d%C3%ADa%20de%20presidio%20para%20el%20c%C3%B3mplice%2C%20por%20homicidio%20en%20Coyhaique' aria-hidden='false' data-av_icon='\ue8f3' data-av_iconfont='entypo-fontello' title='' data-avia-related-tooltip='Compartir en Facebook' rel=\"noopener\"><span class='avia_hidden_link_text'>Compartir en Facebook<\/span><\/a><\/li><li class='av-share-link av-social-link-twitter' ><a target=\"_blank\" aria-label=\"Compartir en Twitter\" href='https:\/\/twitter.com\/share?text=Penas%20de%2012%20a%C3%B1os%20de%20c%C3%A1rcel%20para%20el%20autor%20y%205%20a%C3%B1os%20y%20un%20d%C3%ADa%20de%20presidio%20para%20el%20c%C3%B3mplice%2C%20por%20homicidio%20en%20Coyhaique&#038;url=https:\/\/radiorevelacionfm.cl\/?p=55926' aria-hidden='false' data-av_icon='\ue8f1' data-av_iconfont='entypo-fontello' title='' data-avia-related-tooltip='Compartir en Twitter' rel=\"noopener\"><span class='avia_hidden_link_text'>Compartir en Twitter<\/span><\/a><\/li><li class='av-share-link av-social-link-whatsapp' ><a target=\"_blank\" aria-label=\"Compartir en Whatsapp\" href='https:\/\/api.whatsapp.com\/send?text=https:\/\/radiorevelacionfm.cl\/?p=55926' aria-hidden='false' data-av_icon='\uf232' data-av_iconfont='entypo-fontello' title='' data-avia-related-tooltip='Compartir en Whatsapp' rel=\"noopener\"><span class='avia_hidden_link_text'>Compartir en Whatsapp<\/span><\/a><\/li><li class='av-share-link av-social-link-linkedin' ><a target=\"_blank\" aria-label=\"Compartir en LinkedIn\" href='https:\/\/linkedin.com\/shareArticle?mini=true&#038;title=Penas%20de%2012%20a%C3%B1os%20de%20c%C3%A1rcel%20para%20el%20autor%20y%205%20a%C3%B1os%20y%20un%20d%C3%ADa%20de%20presidio%20para%20el%20c%C3%B3mplice%2C%20por%20homicidio%20en%20Coyhaique&#038;url=https:\/\/radiorevelacionfm.cl\/?p=55926' aria-hidden='false' data-av_icon='\ue8fc' data-av_iconfont='entypo-fontello' title='' data-avia-related-tooltip='Compartir en LinkedIn' rel=\"noopener\"><span class='avia_hidden_link_text'>Compartir en LinkedIn<\/span><\/a><\/li><li class='av-share-link av-social-link-mail' ><a  aria-label=\"Compartir por correo\" href='mailto:?subject=Penas%20de%2012%20a%C3%B1os%20de%20c%C3%A1rcel%20para%20el%20autor%20y%205%20a%C3%B1os%20y%20un%20d%C3%ADa%20de%20presidio%20para%20el%20c%C3%B3mplice%2C%20por%20homicidio%20en%20Coyhaique&#038;body=https:\/\/radiorevelacionfm.cl\/?p=55926' aria-hidden='false' data-av_icon='\ue805' data-av_iconfont='entypo-fontello' title='' data-avia-related-tooltip='Compartir por correo'><span class='avia_hidden_link_text'>Compartir por correo<\/span><\/a><\/li><\/ul><\/div><\/div>\n<div  style='height:50px' class='hr hr-invisible   avia-builder-el-8  el_after_av_social_share  el_before_av_comments_list '><span class='hr-inner ' ><span class='hr-inner-style'><\/span><\/span><\/div>\n<div  class='av-buildercomment  av-blog-meta-html-info-disabled av-blog-meta-tag-disabled  '><\/div>\n","protected":false},"excerpt":{"rendered":"","protected":false},"author":1,"featured_media":55927,"comment_status":"closed","ping_status":"closed","sticky":false,"template":"","format":"standard","meta":{"footnotes":""},"categories":[55],"tags":[],"class_list":["post-55926","post","type-post","status-publish","format-standard","has-post-thumbnail","hentry","category-justicia"],"jetpack_featured_media_url":"https:\/\/radiorevelacionfm.cl\/wp-content\/uploads\/2025\/06\/1-2025-06-30t185106_optimized.385-1.jpg","_links":{"self":[{"href":"https:\/\/radiorevelacionfm.cl\/index.php?rest_route=\/wp\/v2\/posts\/55926","targetHints":{"allow":["GET"]}}],"collection":[{"href":"https:\/\/radiorevelacionfm.cl\/index.php?rest_route=\/wp\/v2\/posts"}],"about":[{"href":"https:\/\/radiorevelacionfm.cl\/index.php?rest_route=\/wp\/v2\/types\/post"}],"author":[{"embeddable":true,"href":"https:\/\/radiorevelacionfm.cl\/index.php?rest_route=\/wp\/v2\/users\/1"}],"replies":[{"embeddable":true,"href":"https:\/\/radiorevelacionfm.cl\/index.php?rest_route=%2Fwp%2Fv2%2Fcomments&post=55926"}],"version-history":[{"count":2,"href":"https:\/\/radiorevelacionfm.cl\/index.php?rest_route=\/wp\/v2\/posts\/55926\/revisions"}],"predecessor-version":[{"id":55930,"href":"https:\/\/radiorevelacionfm.cl\/index.php?rest_route=\/wp\/v2\/posts\/55926\/revisions\/55930"}],"wp:featuredmedia":[{"embeddable":true,"href":"https:\/\/radiorevelacionfm.cl\/index.php?rest_route=\/wp\/v2\/media\/55927"}],"wp:attachment":[{"href":"https:\/\/radiorevelacionfm.cl\/index.php?rest_route=%2Fwp%2Fv2%2Fmedia&parent=55926"}],"wp:term":[{"taxonomy":"category","embeddable":true,"href":"https:\/\/radiorevelacionfm.cl\/index.php?rest_route=%2Fwp%2Fv2%2Fcategories&post=55926"},{"taxonomy":"post_tag","embeddable":true,"href":"https:\/\/radiorevelacionfm.cl\/index.php?rest_route=%2Fwp%2Fv2%2Ftags&post=55926"}],"curies":[{"name":"wp","href":"https:\/\/api.w.org\/{rel}","templated":true}]}}