{"id":55922,"date":"2025-06-30T18:36:08","date_gmt":"2025-06-30T21:36:08","guid":{"rendered":"https:\/\/radiorevelacionfm.cl\/?p=55922"},"modified":"2025-06-30T18:36:08","modified_gmt":"2025-06-30T21:36:08","slug":"chile-chico-imputado-fue-puesto-en-prision-preventiva-por-diversos-delitos-de-violencia-intrafamiliar-y-de-genero","status":"publish","type":"post","link":"https:\/\/radiorevelacionfm.cl\/?p=55922","title":{"rendered":"Chile Chico: Imputado fue puesto en prisi\u00f3n preventiva por diversos delitos de violencia intrafamiliar y de g\u00e9nero"},"content":{"rendered":"<div class=\"flex_column av_one_full  flex_column_div av-zero-column-padding first  avia-builder-el-0  el_before_av_one_full  avia-builder-el-first  \" style='border-radius:0px; '><div  class='avia-image-container  av-styling-    avia-builder-el-1  avia-builder-el-no-sibling  avia-align-center '  itemprop=\"image\" itemscope=\"itemscope\" itemtype=\"https:\/\/schema.org\/ImageObject\"  ><div class='avia-image-container-inner'><div class='avia-image-overlay-wrap'><img decoding=\"async\" class='wp-image-55923 avia-img-lazy-loading-not-55923 avia_image' src=\"https:\/\/radiorevelacionfm.cl\/wp-content\/uploads\/2025\/06\/fiscalia2-2-1-1_optimized-1.jpg\" alt='' title='fiscalia2-(2)-(1)-(1)_optimized (1)' height=\"600\" width=\"900\"  itemprop=\"thumbnailUrl\" srcset=\"https:\/\/radiorevelacionfm.cl\/wp-content\/uploads\/2025\/06\/fiscalia2-2-1-1_optimized-1.jpg 900w, https:\/\/radiorevelacionfm.cl\/wp-content\/uploads\/2025\/06\/fiscalia2-2-1-1_optimized-1-300x200.jpg 300w, https:\/\/radiorevelacionfm.cl\/wp-content\/uploads\/2025\/06\/fiscalia2-2-1-1_optimized-1-768x512.jpg 768w, https:\/\/radiorevelacionfm.cl\/wp-content\/uploads\/2025\/06\/fiscalia2-2-1-1_optimized-1-705x470.jpg 705w, https:\/\/radiorevelacionfm.cl\/wp-content\/uploads\/2025\/06\/fiscalia2-2-1-1_optimized-1-450x300.jpg 450w, https:\/\/radiorevelacionfm.cl\/wp-content\/uploads\/2025\/06\/fiscalia2-2-1-1_optimized-1-600x400.jpg 600w\" sizes=\"(max-width: 900px) 100vw, 900px\" \/><\/div><\/div><\/div><\/div><div class=\"flex_column av_one_full  flex_column_div av-zero-column-padding first  avia-builder-el-2  el_after_av_one_full  el_before_av_one_full  column-top-margin\" style='border-radius:0px; '><section class=\"av_textblock_section \"  itemscope=\"itemscope\" itemtype=\"https:\/\/schema.org\/BlogPosting\" itemprop=\"blogPost\" ><div class='avia_textblock  '   itemprop=\"text\" ><p style=\"text-align: center;\"><span style=\"font-size: 18pt;\"><b>Chile Chico: Imputado fue puesto en prisi\u00f3n preventiva por diversos delitos de violencia intrafamiliar y de g\u00e9nero<\/b><\/span><\/p>\n<div id=\"gtx-trans\" style=\"position: absolute; left: -50px; top: 4.31534px;\">\n<div class=\"gtx-trans-icon\"><\/div>\n<\/div>\n<\/div><\/section><\/div><div class=\"flex_column av_one_full  flex_column_div av-zero-column-padding first  avia-builder-el-4  el_after_av_one_full  el_before_av_hr  column-top-margin\" style='border-radius:0px; '><section class=\"av_textblock_section \"  itemscope=\"itemscope\" itemtype=\"https:\/\/schema.org\/BlogPosting\" itemprop=\"blogPost\" ><div class='avia_textblock  '   itemprop=\"text\" ><p class=\"v1MsoNormal\" style=\"text-align: justify;\">\u201cLa Fiscal\u00eda solicit\u00f3 la prisi\u00f3n preventiva del imputado por estimar que su libertad constituye un peligro para la seguridad de la sociedad y especialmente para la seguridad de la v\u00edctima\u201d, dijo el Fiscal Adjunto (s), Sebasti\u00e1n Vild\u00f3sola.<\/p>\n<p class=\"v1MsoNormal\" style=\"text-align: justify;\">La Fiscal\u00eda Local de Chile Chico formaliz\u00f3 una investigaci\u00f3n por los delitos de desacato, lesiones menos graves, amenazas y porte de arma cortopunzante, hechos ocurridos el s\u00e1bado reci\u00e9n pasado en dicha comuna en el contexto de violencia intrafamiliar y de g\u00e9nero.<\/p>\n<p class=\"v1MsoNormal\" style=\"text-align: justify;\">Seg\u00fan explic\u00f3 el Fiscal Adjunto (s), Sebasti\u00e1n Vild\u00f3sola, \u201choy se formaliz\u00f3 la investigaci\u00f3n en contra de un imputado como autor de dos delitos de desacato, un delito de lesiones menos graves, un delito de amenazas, todos cometidos en contexto de violencia intrafamiliar y de g\u00e9nero y un delito de porte o tenencia de arma cortante punzante, respecto de los hechos ocurridos el pasado 28 de junio de 2025 en la ciudad de Chile Chico\u201d, los cuales afectaron a la ex conviviente del imputado.<\/p>\n<p class=\"v1MsoNormal\" style=\"text-align: justify;\">El abogado a\u00f1adi\u00f3 que \u201ca prop\u00f3sito de los antecedentes expuestos en la audiencia respectiva, esta Fiscal\u00eda solicit\u00f3 la prisi\u00f3n preventiva del imputado por estimar que su libertad constituye un peligro para la seguridad de la sociedad y especialmente para la seguridad de la v\u00edctima, alegaciones que fueron acogidas por el Tribunal, quien decret\u00f3 dicha medida cautelar, adem\u00e1s de un plazo de investigaci\u00f3n de 60 d\u00edas\u201d.<\/p>\n<p class=\"v1MsoNormal\" style=\"text-align: justify;\">Actualmente, explic\u00f3 Sebasti\u00e1n Vild\u00f3sola, \u201clas diligencias investigativas est\u00e1n siendo desarrolladas por la Fiscal\u00eda en coordinaci\u00f3n con la Secci\u00f3n de Investigaci\u00f3n Policial de la comuna de Chile Chico y personal de la Tercera Comisar\u00eda de esta ciudad\u201d.<\/p>\n<p class=\"v1MsoNormal\" style=\"text-align: justify;\">AGRESI\u00d3N<\/p>\n<p class=\"v1MsoNormal\" style=\"text-align: justify;\">El contexto de este hechos ocurre luego que el Juzgado de Letras y Garant\u00eda de Chile Chico, el 27 de abril de 2025, decretara las medidas cautelares de la ley 20.066 sobre violencia intrafamiliar, consistentes en la obligaci\u00f3n del imputado de abandonar el hogar que compart\u00eda con la v\u00edctima, as\u00ed como la prohibici\u00f3n de acercarse a ella o su domicilio, lugar de trabajo o estudio, as\u00ed como cualquier lugar donde esta visite o frecuente habitualmente.<\/p>\n<p class=\"v1MsoNormal\" style=\"text-align: justify;\">Estando dichas cautelares vigentes, el 28 de junio de 2025 alrededor de las 11:00 horas, el imputado ingres\u00f3 al domicilio de la v\u00edctima donde se encontraba su ex conviviente, quebrantando de esta forma lo ordenado por el Juzgado de Garant\u00eda de Chile Chico. En dichas circunstancias, la agredi\u00f3 para luego tomar un cuchillo que portaba con el cual comenz\u00f3 a pinchar a la v\u00edctima en su cuello, mientras la amenazaba de muerte. Producto de esta situaci\u00f3n, la v\u00edctima result\u00f3 con diversas lesiones.<\/p>\n<p class=\"v1MsoNormal\" style=\"text-align: justify;\">Finalmente, siendo aproximadamente las 16:11 horas del mismo s\u00e1bado 28 de junio de 2025, el imputado concurre nuevamente al domicilio de la v\u00edctima, quebrantando por segunda vez lo resuelto por el Tribunal, siendo detenido por personal de Carabineros en la v\u00eda p\u00fablica, mientras sal\u00eda de la casa antes mencionada. Adem\u00e1s, fue sorprendido portando entre sus vestimentas un arma blanca tipo cuchillo de 20 cent\u00edmetros de hoja y 12,5 cent\u00edmetros de empu\u00f1adura.<\/p>\n<p class=\"v1MsoNormal\" style=\"text-align: justify;\">El imputado, debido a la gravedad de los hechos y el peligro que representa para la v\u00edctima, fue puesto en prisi\u00f3n preventiva en el Centro de Detenci\u00f3n Preventiva de Chile Chico.<\/p>\n<\/div><\/section><\/div><div  style='height:50px' class='hr hr-invisible   avia-builder-el-6  el_after_av_one_full  el_before_av_social_share '><span class='hr-inner ' ><span class='hr-inner-style'><\/span><\/span><\/div><\/p>\n<div  class='av-social-sharing-box  avia-builder-el-7  el_after_av_hr  el_before_av_hr  '><div class='av-share-box'><h5 class='av-share-link-description av-no-toc '>Compartir esta noticia<\/h5><ul class='av-share-box-list noLightbox'><li class='av-share-link av-social-link-facebook' ><a target=\"_blank\" aria-label=\"Compartir en Facebook\" href='https:\/\/www.facebook.com\/sharer.php?u=https:\/\/radiorevelacionfm.cl\/?p=55922&#038;t=Chile%20Chico%3A%20Imputado%20fue%20puesto%20en%20prisi%C3%B3n%20preventiva%20por%20diversos%20delitos%20de%20violencia%20intrafamiliar%20y%20de%20g%C3%A9nero' aria-hidden='false' data-av_icon='\ue8f3' data-av_iconfont='entypo-fontello' title='' data-avia-related-tooltip='Compartir en Facebook' rel=\"noopener\"><span class='avia_hidden_link_text'>Compartir en Facebook<\/span><\/a><\/li><li class='av-share-link av-social-link-twitter' ><a target=\"_blank\" aria-label=\"Compartir en Twitter\" href='https:\/\/twitter.com\/share?text=Chile%20Chico%3A%20Imputado%20fue%20puesto%20en%20prisi%C3%B3n%20preventiva%20por%20diversos%20delitos%20de%20violencia%20intrafamiliar%20y%20de%20g%C3%A9nero&#038;url=https:\/\/radiorevelacionfm.cl\/?p=55922' aria-hidden='false' data-av_icon='\ue8f1' data-av_iconfont='entypo-fontello' title='' data-avia-related-tooltip='Compartir en Twitter' rel=\"noopener\"><span class='avia_hidden_link_text'>Compartir en Twitter<\/span><\/a><\/li><li class='av-share-link av-social-link-whatsapp' ><a target=\"_blank\" aria-label=\"Compartir en Whatsapp\" href='https:\/\/api.whatsapp.com\/send?text=https:\/\/radiorevelacionfm.cl\/?p=55922' aria-hidden='false' data-av_icon='\uf232' data-av_iconfont='entypo-fontello' title='' data-avia-related-tooltip='Compartir en Whatsapp' rel=\"noopener\"><span class='avia_hidden_link_text'>Compartir en Whatsapp<\/span><\/a><\/li><li class='av-share-link av-social-link-linkedin' ><a target=\"_blank\" aria-label=\"Compartir en LinkedIn\" href='https:\/\/linkedin.com\/shareArticle?mini=true&#038;title=Chile%20Chico%3A%20Imputado%20fue%20puesto%20en%20prisi%C3%B3n%20preventiva%20por%20diversos%20delitos%20de%20violencia%20intrafamiliar%20y%20de%20g%C3%A9nero&#038;url=https:\/\/radiorevelacionfm.cl\/?p=55922' aria-hidden='false' data-av_icon='\ue8fc' data-av_iconfont='entypo-fontello' title='' data-avia-related-tooltip='Compartir en LinkedIn' rel=\"noopener\"><span class='avia_hidden_link_text'>Compartir en LinkedIn<\/span><\/a><\/li><li class='av-share-link av-social-link-mail' ><a  aria-label=\"Compartir por correo\" href='mailto:?subject=Chile%20Chico%3A%20Imputado%20fue%20puesto%20en%20prisi%C3%B3n%20preventiva%20por%20diversos%20delitos%20de%20violencia%20intrafamiliar%20y%20de%20g%C3%A9nero&#038;body=https:\/\/radiorevelacionfm.cl\/?p=55922' aria-hidden='false' data-av_icon='\ue805' data-av_iconfont='entypo-fontello' title='' data-avia-related-tooltip='Compartir por correo'><span class='avia_hidden_link_text'>Compartir por correo<\/span><\/a><\/li><\/ul><\/div><\/div>\n<div  style='height:50px' class='hr hr-invisible   avia-builder-el-8  el_after_av_social_share  el_before_av_comments_list '><span class='hr-inner ' ><span class='hr-inner-style'><\/span><\/span><\/div>\n<div  class='av-buildercomment  av-blog-meta-html-info-disabled av-blog-meta-tag-disabled  '><\/div>\n","protected":false},"excerpt":{"rendered":"","protected":false},"author":1,"featured_media":55923,"comment_status":"closed","ping_status":"closed","sticky":false,"template":"","format":"standard","meta":{"footnotes":""},"categories":[36],"tags":[],"class_list":["post-55922","post","type-post","status-publish","format-standard","has-post-thumbnail","hentry","category-policial"],"jetpack_featured_media_url":"https:\/\/radiorevelacionfm.cl\/wp-content\/uploads\/2025\/06\/fiscalia2-2-1-1_optimized-1.jpg","_links":{"self":[{"href":"https:\/\/radiorevelacionfm.cl\/index.php?rest_route=\/wp\/v2\/posts\/55922","targetHints":{"allow":["GET"]}}],"collection":[{"href":"https:\/\/radiorevelacionfm.cl\/index.php?rest_route=\/wp\/v2\/posts"}],"about":[{"href":"https:\/\/radiorevelacionfm.cl\/index.php?rest_route=\/wp\/v2\/types\/post"}],"author":[{"embeddable":true,"href":"https:\/\/radiorevelacionfm.cl\/index.php?rest_route=\/wp\/v2\/users\/1"}],"replies":[{"embeddable":true,"href":"https:\/\/radiorevelacionfm.cl\/index.php?rest_route=%2Fwp%2Fv2%2Fcomments&post=55922"}],"version-history":[{"count":2,"href":"https:\/\/radiorevelacionfm.cl\/index.php?rest_route=\/wp\/v2\/posts\/55922\/revisions"}],"predecessor-version":[{"id":55925,"href":"https:\/\/radiorevelacionfm.cl\/index.php?rest_route=\/wp\/v2\/posts\/55922\/revisions\/55925"}],"wp:featuredmedia":[{"embeddable":true,"href":"https:\/\/radiorevelacionfm.cl\/index.php?rest_route=\/wp\/v2\/media\/55923"}],"wp:attachment":[{"href":"https:\/\/radiorevelacionfm.cl\/index.php?rest_route=%2Fwp%2Fv2%2Fmedia&parent=55922"}],"wp:term":[{"taxonomy":"category","embeddable":true,"href":"https:\/\/radiorevelacionfm.cl\/index.php?rest_route=%2Fwp%2Fv2%2Fcategories&post=55922"},{"taxonomy":"post_tag","embeddable":true,"href":"https:\/\/radiorevelacionfm.cl\/index.php?rest_route=%2Fwp%2Fv2%2Ftags&post=55922"}],"curies":[{"name":"wp","href":"https:\/\/api.w.org\/{rel}","templated":true}]}}