{"id":55915,"date":"2025-06-30T20:16:41","date_gmt":"2025-06-30T23:16:41","guid":{"rendered":"https:\/\/radiorevelacionfm.cl\/?p=55915"},"modified":"2025-06-30T20:16:41","modified_gmt":"2025-06-30T23:16:41","slug":"positivo-balance-en-la-region-de-aysen-sobre-las-elecciones-primarias-presidenciales","status":"publish","type":"post","link":"https:\/\/radiorevelacionfm.cl\/?p=55915","title":{"rendered":"Positivo balance en la regi\u00f3n de Ays\u00e9n sobre las Elecciones Primarias Presidenciales"},"content":{"rendered":"<div class=\"flex_column av_one_full  flex_column_div av-zero-column-padding first  avia-builder-el-0  el_before_av_one_full  avia-builder-el-first  \" style='border-radius:0px; '><div  class='avia-image-container  av-styling-    avia-builder-el-1  avia-builder-el-no-sibling  avia-align-center '  itemprop=\"image\" itemscope=\"itemscope\" itemtype=\"https:\/\/schema.org\/ImageObject\"  ><div class='avia-image-container-inner'><div class='avia-image-overlay-wrap'><img decoding=\"async\" class='wp-image-55916 avia-img-lazy-loading-not-55916 avia_image' src=\"https:\/\/radiorevelacionfm.cl\/wp-content\/uploads\/2025\/06\/punto-de-prensa-balance-elecciones-primarias-1_optimized.jpeg\" alt='' title='punto-de-prensa-balance-elecciones-primarias-(1)_optimized' height=\"625\" width=\"801\"  itemprop=\"thumbnailUrl\" srcset=\"https:\/\/radiorevelacionfm.cl\/wp-content\/uploads\/2025\/06\/punto-de-prensa-balance-elecciones-primarias-1_optimized.jpeg 801w, https:\/\/radiorevelacionfm.cl\/wp-content\/uploads\/2025\/06\/punto-de-prensa-balance-elecciones-primarias-1_optimized-300x234.jpeg 300w, https:\/\/radiorevelacionfm.cl\/wp-content\/uploads\/2025\/06\/punto-de-prensa-balance-elecciones-primarias-1_optimized-768x599.jpeg 768w, https:\/\/radiorevelacionfm.cl\/wp-content\/uploads\/2025\/06\/punto-de-prensa-balance-elecciones-primarias-1_optimized-705x550.jpeg 705w, https:\/\/radiorevelacionfm.cl\/wp-content\/uploads\/2025\/06\/punto-de-prensa-balance-elecciones-primarias-1_optimized-450x351.jpeg 450w, https:\/\/radiorevelacionfm.cl\/wp-content\/uploads\/2025\/06\/punto-de-prensa-balance-elecciones-primarias-1_optimized-600x468.jpeg 600w\" sizes=\"(max-width: 801px) 100vw, 801px\" \/><\/div><\/div><\/div><\/div><div class=\"flex_column av_one_full  flex_column_div av-zero-column-padding first  avia-builder-el-2  el_after_av_one_full  el_before_av_one_full  column-top-margin\" style='border-radius:0px; '><section class=\"av_textblock_section \"  itemscope=\"itemscope\" itemtype=\"https:\/\/schema.org\/BlogPosting\" itemprop=\"blogPost\" ><div class='avia_textblock  '   itemprop=\"text\" ><p style=\"text-align: center;\"><strong><span style=\"font-size: 18pt;\">Positivo balance en la regi\u00f3n de Ays\u00e9n sobre las Elecciones Primarias Presidenciales<\/span><\/strong><\/p>\n<div id=\"gtx-trans\" style=\"position: absolute; left: -50px; top: 4.31534px;\">\n<div class=\"gtx-trans-icon\"><\/div>\n<\/div>\n<\/div><\/section><\/div><div class=\"flex_column av_one_full  flex_column_div av-zero-column-padding first  avia-builder-el-4  el_after_av_one_full  el_before_av_hr  column-top-margin\" style='border-radius:0px; '><section class=\"av_textblock_section \"  itemscope=\"itemscope\" itemtype=\"https:\/\/schema.org\/BlogPosting\" itemprop=\"blogPost\" ><div class='avia_textblock  '   itemprop=\"text\" ><p style=\"text-align: justify;\">El d\u00eda lunes en la Delegaci\u00f3n Presidencial Regional de Ays\u00e9n, se llev\u00f3 a cabo un balance general respecto de las primarias legales del oficialismo, proceso que se ha aplicado desde el a\u00f1o 2013 y que busca fortalecer la democracia.<\/p>\n<p style=\"text-align: justify;\">Sobre esto, el Delegado Presidencial Regional de Ays\u00e9n, Jorge D\u00edaz Guzm\u00e1n, realiz\u00f3 un positivo balance, destacando que el pa\u00eds cuenta con instituciones robustas que permiten garantizar de manera transparente el ejercicio del derecho a voto y la democracia.<\/p>\n<p style=\"text-align: justify;\">\u201cCreemos que una vez m\u00e1s ha demostrado que nuestra institucionalidad para enfrentar eventos electorales est\u00e1 muy bien dise\u00f1ada y que nadie pone en tela de juicio su funcionamiento y, por lo tanto, los resultados nadie los cuestiona. Por otra parte, tambi\u00e9n felicitar a la ciudadan\u00eda que particip\u00f3 el d\u00eda de ayer porque tambi\u00e9n demostr\u00f3 el civismo que tiene nuestra ciudadan\u00eda, en este caso, de un sector de la pol\u00edtica de nuestro pa\u00eds, pero que tambi\u00e9n contribuy\u00f3 a que las mesas se constituyeran r\u00e1pidamente m\u00e1s all\u00e1 de las bajas temperaturas que tuvimos y por lo tanto tambi\u00e9n los que concurrieron pudieron votar sin mayores problemas\u201d, indic\u00f3.<\/p>\n<p style=\"text-align: justify;\">En cuanto a la participaci\u00f3n electoral, la Seremi de Gobierno, \u00darsula Mix resalt\u00f3: \u201cHay que reconocer que, por ejemplo, ac\u00e1 en la regi\u00f3n, en el \u00faltimo proceso de primarias, en nuestro sector, votaron 7.000 personas y en la oposici\u00f3n, digamos, 5.000 y fracci\u00f3n, por lo tanto, en t\u00e9rminos de promedio de participaci\u00f3n es lo que participan las personas en las primarias, as\u00ed que en ese sentido agradecer a todos los que participaron, a todas las instituciones que estuvieron tambi\u00e9n involucradas de este proceso, a los vocales de mesa que estuvieron de tempranito dando cara y sacando adelante esto, as\u00ed que agradecemos a todos los actores que estuvieron presentes durante esta jornada, que es un ejemplo. En Chile siempre nos destacamos porque esto se da de buena manera y a la hora ya ten\u00edamos los resultados y eso de verdad hay que destacarlo\u201d.<\/p>\n<p style=\"text-align: justify;\">Acerca del proceso de funcionamiento de las primarias legales, el Director Regional del Servel, N\u00e9stor Sep\u00falveda se\u00f1al\u00f3 \u201cAqu\u00ed, en la regi\u00f3n de Ays\u00e9n, tuvimos una participaci\u00f3n de 5.627 electores, que representa un 5,8% del padr\u00f3n electoral. La provincia con mayor participaci\u00f3n fue la provincia de Coyhaique, quien tuvo una participaci\u00f3n de un 6,17%, y las otras tres provincias, un 5,7 a un 5,8% de participaci\u00f3n\u201d.<\/p>\n<p style=\"text-align: justify;\">El Comandante en Jefe de la IV Divisi\u00f3n de Ej\u00e9rcito, General de Brigada, Enrique del Fierro Lucar se refiri\u00f3 al despliegue durante las elecciones, indicando que \u201cSe est\u00e1 terminando en forma normal, sin ning\u00fan inconveniente, y tampoco tenemos ning\u00fan antecedente de que haya habido alguna novedad con respecto a nuestro trabajo y lo que nosotros desarrollamos en cada uno de los locales de votaci\u00f3n\u201d.<\/p>\n<p style=\"text-align: justify;\">Finalmente, el General Eduardo Palma, Jefe de Zona de Carabineros de Ays\u00e9n se\u00f1al\u00f3 que \u00abqueremos dar una evaluaci\u00f3n desde el punto de vista policial totalmente positiva. No hubo personas que hayan sido imputadas o detenidas. Y lo m\u00e1s importante, tampoco se registraron accidentes de tr\u00e1nsito, digamos, producto de la concurrencia a votar\u201d.<\/p>\n<\/div><\/section><\/div><div  style='height:50px' class='hr hr-invisible   avia-builder-el-6  el_after_av_one_full  el_before_av_social_share '><span class='hr-inner ' ><span class='hr-inner-style'><\/span><\/span><\/div><\/p>\n<div  class='av-social-sharing-box  avia-builder-el-7  el_after_av_hr  el_before_av_hr  '><div class='av-share-box'><h5 class='av-share-link-description av-no-toc '>Compartir esta noticia<\/h5><ul class='av-share-box-list noLightbox'><li class='av-share-link av-social-link-facebook' ><a target=\"_blank\" aria-label=\"Compartir en Facebook\" href='https:\/\/www.facebook.com\/sharer.php?u=https:\/\/radiorevelacionfm.cl\/?p=55915&#038;t=Positivo%20balance%20en%20la%20regi%C3%B3n%20de%20Ays%C3%A9n%20sobre%20las%20Elecciones%20Primarias%20Presidenciales' aria-hidden='false' data-av_icon='\ue8f3' data-av_iconfont='entypo-fontello' title='' data-avia-related-tooltip='Compartir en Facebook' rel=\"noopener\"><span class='avia_hidden_link_text'>Compartir en Facebook<\/span><\/a><\/li><li class='av-share-link av-social-link-twitter' ><a target=\"_blank\" aria-label=\"Compartir en Twitter\" href='https:\/\/twitter.com\/share?text=Positivo%20balance%20en%20la%20regi%C3%B3n%20de%20Ays%C3%A9n%20sobre%20las%20Elecciones%20Primarias%20Presidenciales&#038;url=https:\/\/radiorevelacionfm.cl\/?p=55915' aria-hidden='false' data-av_icon='\ue8f1' data-av_iconfont='entypo-fontello' title='' data-avia-related-tooltip='Compartir en Twitter' rel=\"noopener\"><span class='avia_hidden_link_text'>Compartir en Twitter<\/span><\/a><\/li><li class='av-share-link av-social-link-whatsapp' ><a target=\"_blank\" aria-label=\"Compartir en Whatsapp\" href='https:\/\/api.whatsapp.com\/send?text=https:\/\/radiorevelacionfm.cl\/?p=55915' aria-hidden='false' data-av_icon='\uf232' data-av_iconfont='entypo-fontello' title='' data-avia-related-tooltip='Compartir en Whatsapp' rel=\"noopener\"><span class='avia_hidden_link_text'>Compartir en Whatsapp<\/span><\/a><\/li><li class='av-share-link av-social-link-linkedin' ><a target=\"_blank\" aria-label=\"Compartir en LinkedIn\" href='https:\/\/linkedin.com\/shareArticle?mini=true&#038;title=Positivo%20balance%20en%20la%20regi%C3%B3n%20de%20Ays%C3%A9n%20sobre%20las%20Elecciones%20Primarias%20Presidenciales&#038;url=https:\/\/radiorevelacionfm.cl\/?p=55915' aria-hidden='false' data-av_icon='\ue8fc' data-av_iconfont='entypo-fontello' title='' data-avia-related-tooltip='Compartir en LinkedIn' rel=\"noopener\"><span class='avia_hidden_link_text'>Compartir en LinkedIn<\/span><\/a><\/li><li class='av-share-link av-social-link-mail' ><a  aria-label=\"Compartir por correo\" href='mailto:?subject=Positivo%20balance%20en%20la%20regi%C3%B3n%20de%20Ays%C3%A9n%20sobre%20las%20Elecciones%20Primarias%20Presidenciales&#038;body=https:\/\/radiorevelacionfm.cl\/?p=55915' aria-hidden='false' data-av_icon='\ue805' data-av_iconfont='entypo-fontello' title='' data-avia-related-tooltip='Compartir por correo'><span class='avia_hidden_link_text'>Compartir por correo<\/span><\/a><\/li><\/ul><\/div><\/div>\n<div  style='height:50px' class='hr hr-invisible   avia-builder-el-8  el_after_av_social_share  el_before_av_comments_list '><span class='hr-inner ' ><span class='hr-inner-style'><\/span><\/span><\/div>\n<div  class='av-buildercomment  av-blog-meta-html-info-disabled av-blog-meta-tag-disabled  '><\/div>\n","protected":false},"excerpt":{"rendered":"","protected":false},"author":1,"featured_media":55916,"comment_status":"closed","ping_status":"closed","sticky":false,"template":"","format":"standard","meta":{"footnotes":""},"categories":[38],"tags":[],"class_list":["post-55915","post","type-post","status-publish","format-standard","has-post-thumbnail","hentry","category-regional"],"jetpack_featured_media_url":"https:\/\/radiorevelacionfm.cl\/wp-content\/uploads\/2025\/06\/punto-de-prensa-balance-elecciones-primarias-1_optimized.jpeg","_links":{"self":[{"href":"https:\/\/radiorevelacionfm.cl\/index.php?rest_route=\/wp\/v2\/posts\/55915","targetHints":{"allow":["GET"]}}],"collection":[{"href":"https:\/\/radiorevelacionfm.cl\/index.php?rest_route=\/wp\/v2\/posts"}],"about":[{"href":"https:\/\/radiorevelacionfm.cl\/index.php?rest_route=\/wp\/v2\/types\/post"}],"author":[{"embeddable":true,"href":"https:\/\/radiorevelacionfm.cl\/index.php?rest_route=\/wp\/v2\/users\/1"}],"replies":[{"embeddable":true,"href":"https:\/\/radiorevelacionfm.cl\/index.php?rest_route=%2Fwp%2Fv2%2Fcomments&post=55915"}],"version-history":[{"count":2,"href":"https:\/\/radiorevelacionfm.cl\/index.php?rest_route=\/wp\/v2\/posts\/55915\/revisions"}],"predecessor-version":[{"id":55929,"href":"https:\/\/radiorevelacionfm.cl\/index.php?rest_route=\/wp\/v2\/posts\/55915\/revisions\/55929"}],"wp:featuredmedia":[{"embeddable":true,"href":"https:\/\/radiorevelacionfm.cl\/index.php?rest_route=\/wp\/v2\/media\/55916"}],"wp:attachment":[{"href":"https:\/\/radiorevelacionfm.cl\/index.php?rest_route=%2Fwp%2Fv2%2Fmedia&parent=55915"}],"wp:term":[{"taxonomy":"category","embeddable":true,"href":"https:\/\/radiorevelacionfm.cl\/index.php?rest_route=%2Fwp%2Fv2%2Fcategories&post=55915"},{"taxonomy":"post_tag","embeddable":true,"href":"https:\/\/radiorevelacionfm.cl\/index.php?rest_route=%2Fwp%2Fv2%2Ftags&post=55915"}],"curies":[{"name":"wp","href":"https:\/\/api.w.org\/{rel}","templated":true}]}}