{"id":55911,"date":"2025-06-30T16:23:46","date_gmt":"2025-06-30T19:23:46","guid":{"rendered":"https:\/\/radiorevelacionfm.cl\/?p=55911"},"modified":"2025-06-30T16:23:46","modified_gmt":"2025-06-30T19:23:46","slug":"universidad-de-aysen-lanza-sus-primeros-siete-diplomados-para-el-segundo-semestre-de-2025","status":"publish","type":"post","link":"https:\/\/radiorevelacionfm.cl\/?p=55911","title":{"rendered":"Universidad de Ays\u00e9n lanza sus primeros siete diplomados para el segundo semestre de 2025"},"content":{"rendered":"<div class=\"flex_column av_one_full  flex_column_div av-zero-column-padding first  avia-builder-el-0  el_before_av_one_full  avia-builder-el-first  \" style='border-radius:0px; '><div  class='avia-image-container  av-styling-    avia-builder-el-1  avia-builder-el-no-sibling  avia-align-center '  itemprop=\"image\" itemscope=\"itemscope\" itemtype=\"https:\/\/schema.org\/ImageObject\"  ><div class='avia-image-container-inner'><div class='avia-image-overlay-wrap'><img decoding=\"async\" class='wp-image-55912 avia-img-lazy-loading-not-55912 avia_image' src=\"https:\/\/radiorevelacionfm.cl\/wp-content\/uploads\/2025\/06\/img_9013-1_optimized.jpg\" alt='' title='img_9013-(1)_optimized' height=\"600\" width=\"900\"  itemprop=\"thumbnailUrl\" srcset=\"https:\/\/radiorevelacionfm.cl\/wp-content\/uploads\/2025\/06\/img_9013-1_optimized.jpg 900w, https:\/\/radiorevelacionfm.cl\/wp-content\/uploads\/2025\/06\/img_9013-1_optimized-300x200.jpg 300w, https:\/\/radiorevelacionfm.cl\/wp-content\/uploads\/2025\/06\/img_9013-1_optimized-768x512.jpg 768w, https:\/\/radiorevelacionfm.cl\/wp-content\/uploads\/2025\/06\/img_9013-1_optimized-705x470.jpg 705w, https:\/\/radiorevelacionfm.cl\/wp-content\/uploads\/2025\/06\/img_9013-1_optimized-450x300.jpg 450w, https:\/\/radiorevelacionfm.cl\/wp-content\/uploads\/2025\/06\/img_9013-1_optimized-600x400.jpg 600w\" sizes=\"(max-width: 900px) 100vw, 900px\" \/><\/div><\/div><\/div><\/div><div class=\"flex_column av_one_full  flex_column_div av-zero-column-padding first  avia-builder-el-2  el_after_av_one_full  el_before_av_one_full  column-top-margin\" style='border-radius:0px; '><section class=\"av_textblock_section \"  itemscope=\"itemscope\" itemtype=\"https:\/\/schema.org\/BlogPosting\" itemprop=\"blogPost\" ><div class='avia_textblock  '   itemprop=\"text\" ><p style=\"text-align: center;\"><strong><span style=\"font-size: 18pt;\">Universidad de Ays\u00e9n lanza sus primeros siete diplomados para el segundo semestre de 2025<\/span><\/strong><\/p>\n<div id=\"gtx-trans\" style=\"position: absolute; left: -50px; top: 4.31534px;\">\n<div class=\"gtx-trans-icon\"><\/div>\n<\/div>\n<\/div><\/section><\/div><div class=\"flex_column av_one_full  flex_column_div av-zero-column-padding first  avia-builder-el-4  el_after_av_one_full  el_before_av_hr  column-top-margin\" style='border-radius:0px; '><section class=\"av_textblock_section \"  itemscope=\"itemscope\" itemtype=\"https:\/\/schema.org\/BlogPosting\" itemprop=\"blogPost\" ><div class='avia_textblock  '   itemprop=\"text\" ><p style=\"text-align: justify;\"><em>La apertura del \u00e1rea de Educaci\u00f3n Continua marca un nuevo hito en la consolidaci\u00f3n institucional, fortaleciendo la formaci\u00f3n profesional, la empleabilidad y el v\u00ednculo con el entorno regional. Las postulaciones a los programas se encuentran abiertas hasta el 1 de agosto.<\/em><\/p>\n<p style=\"text-align: justify;\">En una ceremonia realizada en el Campus Lillo 1 de la Universidad de Ays\u00e9n, la instituci\u00f3n inaugur\u00f3 oficialmente su nueva \u00e1rea de Educaci\u00f3n Continua, instancia que consolida su compromiso con la formaci\u00f3n a lo largo de la vida y con el desarrollo territorial mediante programas pertinentes, flexibles y de alta calidad.<\/p>\n<p style=\"text-align: justify;\">La jornada cont\u00f3 con la participaci\u00f3n del Administrador Provisional, Juan Pablo Prieto Cox; el Director General Acad\u00e9mico, Dr. Marco Vega L\u00f3pez; jefaturas acad\u00e9micas, autoridades regionales, representantes de instituciones p\u00fablicas y privadas, as\u00ed como funcionarios, acad\u00e9micos y miembros de la comunidad universitaria y regional.<\/p>\n<p style=\"text-align: justify;\">Durante la ceremonia se present\u00f3 la primera oferta acad\u00e9mica de diplomados, que contempla programas en \u00e1reas estrat\u00e9gicas para el desarrollo regional, tales como\u00a0<strong>Gesti\u00f3n p\u00fablica y descentralizaci\u00f3n territorial<\/strong>,\u00a0<strong>Cl\u00ednica sist\u00e9mica infanto-adolescente<\/strong>,\u00a0<strong>Gesti\u00f3n y calidad en salud<\/strong>,\u00a0<strong>Productos forestales no madereros<\/strong>,\u00a0<strong>One Health para territorios remotos y cambio global<\/strong>,\u00a0<strong>Sostenibilidad y seguridad alimentaria<\/strong>, y\u00a0<strong>Transversalizaci\u00f3n de la perspectiva de g\u00e9nero en la gesti\u00f3n p\u00fablica<\/strong>. Estos programas ser\u00e1n impartidos entre agosto de 2025 y enero de 2026, en modalidades online, semipresencial y presencial, seg\u00fan el enfoque y necesidades de cada unidad acad\u00e9mica.<\/p>\n<p style=\"text-align: justify;\">En la oportunidad, el Director General Acad\u00e9mico, Marco Vega L\u00f3pez, subray\u00f3 la relevancia de este nuevo paso institucional. \u00abHoy estamos en una actividad muy importante para la universidad. Estamos presentando nuestra \u00e1rea de Educaci\u00f3n Continua y, concretamente, siete programas de diplomados que pertenecen a los tres departamentos acad\u00e9micos. Son programas muy pertinentes, elaborados con criterios de calidad y contenidos actualizados. Invitamos a todas y todos a revisar la p\u00e1gina<a href=\"http:\/\/www.educacioncontinua.uaysen.cl\/\">\u00a0<\/a><a href=\"https:\/\/educacioncontinua.uaysen.cl\/\">https:\/\/educacioncontinua.uaysen.cl\/<\/a>\u00a0donde encontrar\u00e1n el detalle de los programas, condiciones y proceso de inscripci\u00f3n\u00bb.<\/p>\n<p style=\"text-align: justify;\">Desde el Departamento de Ciencias Sociales y Humanidades, el jefe de unidad Felipe Alfaro destac\u00f3 la orientaci\u00f3n de los programas a su cargo. \u00abLos tres diplomados que vamos a dictar el segundo semestre son: Transversalizaci\u00f3n de la Perspectiva de G\u00e9nero en la Gesti\u00f3n P\u00fablica, Gesti\u00f3n P\u00fablica y Descentralizaci\u00f3n, y Cl\u00ednica Sist\u00e9mica en J\u00f3venes y Adolescentes. Invitamos a quienes quieran profundizar en estas tem\u00e1ticas a inscribirse en nuestros programas, que ofrecen herramientas te\u00f3ricas y pr\u00e1cticas con enfoque territorial y de derechos\u00bb.<\/p>\n<p style=\"text-align: justify;\">En tanto, el jefe del Departamento de Ciencias de la Salud, Iv\u00e1n Guglielmi P\u00e9rez, present\u00f3 el Diplomado en Gesti\u00f3n y Calidad en Salud. \u00abEste programa est\u00e1 orientado a fortalecer herramientas de gesti\u00f3n tanto cl\u00ednica como administrativa en el sector salud, p\u00fablico y privado. Est\u00e1 dirigido a profesionales que buscan mejorar la calidad de la atenci\u00f3n, los procesos de planificaci\u00f3n estrat\u00e9gica y la mejora continua, elementos claves para el funcionamiento de unidades cl\u00ednicas en la actualidad\u00bb.<\/p>\n<p style=\"text-align: justify;\">Por su parte, el jefe (s) del Departamento de Ciencias Naturales y Tecnolog\u00eda, Marcelo Morales, valor\u00f3 la recepci\u00f3n del p\u00fablico y la pertinencia tem\u00e1tica de la oferta. \u00abHoy fue muy grato para nosotros presentar tres diplomados: en Sostenibilidad Alimentaria, en Productos Forestales No Madereros y en One Health, que aborda la salud integral desde una mirada interconectada. Invitamos a todas las personas interesadas en fortalecer sus conocimientos en estas \u00e1reas contingentes a sumarse a esta propuesta formativa que contribuye al desarrollo regional\u00bb.<\/p>\n<p style=\"text-align: justify;\">Durante la ceremonia, se reafirm\u00f3 tambi\u00e9n el compromiso institucional con la empleabilidad y el emprendimiento. Adem\u00e1s, se anunci\u00f3 un sistema de beneficios para la comunidad UAys\u00e9n: 30\u202f% de descuento para titulados\/as (tres cupos por diplomado) y 50\u202f% de descuento para funcionarios\/as (un cupo por diplomado).<\/p>\n<p style=\"text-align: justify;\">Las postulaciones a los diplomados ya se encuentran abiertas y estar\u00e1n disponibles hasta el 1 de agosto de 2025, a trav\u00e9s del sitio web oficial:\u00a0<a href=\"https:\/\/educacioncontinua.uaysen.cl\/\">https:\/\/educacioncontinua.uaysen.cl\/<\/a><\/p>\n<\/div><\/section><\/div><div  style='height:50px' class='hr hr-invisible   avia-builder-el-6  el_after_av_one_full  el_before_av_social_share '><span class='hr-inner ' ><span class='hr-inner-style'><\/span><\/span><\/div><\/p>\n<div  class='av-social-sharing-box  avia-builder-el-7  el_after_av_hr  el_before_av_hr  '><div class='av-share-box'><h5 class='av-share-link-description av-no-toc '>Compartir esta noticia<\/h5><ul class='av-share-box-list noLightbox'><li class='av-share-link av-social-link-facebook' ><a target=\"_blank\" aria-label=\"Compartir en Facebook\" href='https:\/\/www.facebook.com\/sharer.php?u=https:\/\/radiorevelacionfm.cl\/?p=55911&#038;t=Universidad%20de%20Ays%C3%A9n%20lanza%20sus%20primeros%20siete%20diplomados%20para%20el%20segundo%20semestre%20de%202025' aria-hidden='false' data-av_icon='\ue8f3' data-av_iconfont='entypo-fontello' title='' data-avia-related-tooltip='Compartir en Facebook' rel=\"noopener\"><span class='avia_hidden_link_text'>Compartir en Facebook<\/span><\/a><\/li><li class='av-share-link av-social-link-twitter' ><a target=\"_blank\" aria-label=\"Compartir en Twitter\" href='https:\/\/twitter.com\/share?text=Universidad%20de%20Ays%C3%A9n%20lanza%20sus%20primeros%20siete%20diplomados%20para%20el%20segundo%20semestre%20de%202025&#038;url=https:\/\/radiorevelacionfm.cl\/?p=55911' aria-hidden='false' data-av_icon='\ue8f1' data-av_iconfont='entypo-fontello' title='' data-avia-related-tooltip='Compartir en Twitter' rel=\"noopener\"><span class='avia_hidden_link_text'>Compartir en Twitter<\/span><\/a><\/li><li class='av-share-link av-social-link-whatsapp' ><a target=\"_blank\" aria-label=\"Compartir en Whatsapp\" href='https:\/\/api.whatsapp.com\/send?text=https:\/\/radiorevelacionfm.cl\/?p=55911' aria-hidden='false' data-av_icon='\uf232' data-av_iconfont='entypo-fontello' title='' data-avia-related-tooltip='Compartir en Whatsapp' rel=\"noopener\"><span class='avia_hidden_link_text'>Compartir en Whatsapp<\/span><\/a><\/li><li class='av-share-link av-social-link-linkedin' ><a target=\"_blank\" aria-label=\"Compartir en LinkedIn\" href='https:\/\/linkedin.com\/shareArticle?mini=true&#038;title=Universidad%20de%20Ays%C3%A9n%20lanza%20sus%20primeros%20siete%20diplomados%20para%20el%20segundo%20semestre%20de%202025&#038;url=https:\/\/radiorevelacionfm.cl\/?p=55911' aria-hidden='false' data-av_icon='\ue8fc' data-av_iconfont='entypo-fontello' title='' data-avia-related-tooltip='Compartir en LinkedIn' rel=\"noopener\"><span class='avia_hidden_link_text'>Compartir en LinkedIn<\/span><\/a><\/li><li class='av-share-link av-social-link-mail' ><a  aria-label=\"Compartir por correo\" href='mailto:?subject=Universidad%20de%20Ays%C3%A9n%20lanza%20sus%20primeros%20siete%20diplomados%20para%20el%20segundo%20semestre%20de%202025&#038;body=https:\/\/radiorevelacionfm.cl\/?p=55911' aria-hidden='false' data-av_icon='\ue805' data-av_iconfont='entypo-fontello' title='' data-avia-related-tooltip='Compartir por correo'><span class='avia_hidden_link_text'>Compartir por correo<\/span><\/a><\/li><\/ul><\/div><\/div>\n<div  style='height:50px' class='hr hr-invisible   avia-builder-el-8  el_after_av_social_share  el_before_av_comments_list '><span class='hr-inner ' ><span class='hr-inner-style'><\/span><\/span><\/div>\n<div  class='av-buildercomment  av-blog-meta-html-info-disabled av-blog-meta-tag-disabled  '><\/div>\n","protected":false},"excerpt":{"rendered":"","protected":false},"author":1,"featured_media":55912,"comment_status":"closed","ping_status":"closed","sticky":false,"template":"","format":"standard","meta":{"footnotes":""},"categories":[49],"tags":[],"class_list":["post-55911","post","type-post","status-publish","format-standard","has-post-thumbnail","hentry","category-educacion"],"jetpack_featured_media_url":"https:\/\/radiorevelacionfm.cl\/wp-content\/uploads\/2025\/06\/img_9013-1_optimized.jpg","_links":{"self":[{"href":"https:\/\/radiorevelacionfm.cl\/index.php?rest_route=\/wp\/v2\/posts\/55911","targetHints":{"allow":["GET"]}}],"collection":[{"href":"https:\/\/radiorevelacionfm.cl\/index.php?rest_route=\/wp\/v2\/posts"}],"about":[{"href":"https:\/\/radiorevelacionfm.cl\/index.php?rest_route=\/wp\/v2\/types\/post"}],"author":[{"embeddable":true,"href":"https:\/\/radiorevelacionfm.cl\/index.php?rest_route=\/wp\/v2\/users\/1"}],"replies":[{"embeddable":true,"href":"https:\/\/radiorevelacionfm.cl\/index.php?rest_route=%2Fwp%2Fv2%2Fcomments&post=55911"}],"version-history":[{"count":2,"href":"https:\/\/radiorevelacionfm.cl\/index.php?rest_route=\/wp\/v2\/posts\/55911\/revisions"}],"predecessor-version":[{"id":55914,"href":"https:\/\/radiorevelacionfm.cl\/index.php?rest_route=\/wp\/v2\/posts\/55911\/revisions\/55914"}],"wp:featuredmedia":[{"embeddable":true,"href":"https:\/\/radiorevelacionfm.cl\/index.php?rest_route=\/wp\/v2\/media\/55912"}],"wp:attachment":[{"href":"https:\/\/radiorevelacionfm.cl\/index.php?rest_route=%2Fwp%2Fv2%2Fmedia&parent=55911"}],"wp:term":[{"taxonomy":"category","embeddable":true,"href":"https:\/\/radiorevelacionfm.cl\/index.php?rest_route=%2Fwp%2Fv2%2Fcategories&post=55911"},{"taxonomy":"post_tag","embeddable":true,"href":"https:\/\/radiorevelacionfm.cl\/index.php?rest_route=%2Fwp%2Fv2%2Ftags&post=55911"}],"curies":[{"name":"wp","href":"https:\/\/api.w.org\/{rel}","templated":true}]}}