{"id":5591,"date":"2021-06-25T11:22:41","date_gmt":"2021-06-25T14:22:41","guid":{"rendered":"https:\/\/radiorevelacionfm.cl\/?p=5591"},"modified":"2021-06-25T11:22:41","modified_gmt":"2021-06-25T14:22:41","slug":"invitan-a-participar-en-el-concurso-nacional-canta-tu-sueno","status":"publish","type":"post","link":"https:\/\/radiorevelacionfm.cl\/?p=5591","title":{"rendered":"Invitan a participar en el concurso nacional \u00abCanta tu Sue\u00f1o\u00bb"},"content":{"rendered":"<div class=\"flex_column av_one_full  flex_column_div av-zero-column-padding first  avia-builder-el-0  el_before_av_one_full  avia-builder-el-first  \" style='border-radius:0px; '><div  class='avia-image-container  av-styling-    avia-builder-el-1  avia-builder-el-no-sibling  avia-align-center '  itemprop=\"image\" itemscope=\"itemscope\" itemtype=\"https:\/\/schema.org\/ImageObject\"  ><div class='avia-image-container-inner'><div class='avia-image-overlay-wrap'><img decoding=\"async\" class='wp-image-0 avia-img-lazy-loading-not-0 avia_image' src=\"https:\/\/radiorevelacionfm.cl\/wp-content\/uploads\/2021\/06\/imagen-para-post_RRSS1-1-1.png\" alt='' title=''   itemprop=\"thumbnailUrl\"  \/><\/div><\/div><\/div><\/div><div class=\"flex_column av_one_full  flex_column_div av-zero-column-padding first  avia-builder-el-2  el_after_av_one_full  el_before_av_one_full  column-top-margin\" style='border-radius:0px; '><section class=\"av_textblock_section \"  itemscope=\"itemscope\" itemtype=\"https:\/\/schema.org\/BlogPosting\" itemprop=\"blogPost\" ><div class='avia_textblock  '   itemprop=\"text\" ><p style=\"text-align: center;\"><strong><span style=\"font-size: 18pt;\">Invitan a participar en el concurso nacional \u00abCanta tu Sue\u00f1o\u00bb <\/span><\/strong><\/p>\n<div id=\"gtx-trans\" style=\"position: absolute; left: -50px; top: 4.31534px;\">\n<div class=\"gtx-trans-icon\"><\/div>\n<\/div>\n<\/div><\/section><\/div><div class=\"flex_column av_one_full  flex_column_div av-zero-column-padding first  avia-builder-el-4  el_after_av_one_full  el_before_av_hr  column-top-margin\" style='border-radius:0px; '><section class=\"av_textblock_section \"  itemscope=\"itemscope\" itemtype=\"https:\/\/schema.org\/BlogPosting\" itemprop=\"blogPost\" ><div class='avia_textblock  '   itemprop=\"text\" ><p>La convocatoria del concurso \u00abCanta tu Sue\u00f1o\u00bb, permanecer\u00e1 abierta hasta el d\u00eda lunes 12 de Julio.<\/p>\n<p style=\"text-align: justify;\">Con el objetivo de contribuir a la creaci\u00f3n de nuevos imaginarios para el pa\u00eds que queremos construir, la<a href=\"https:\/\/3xi.cl\/\"> Corporaci\u00f3n 3xi <\/a>invita a participar en el concurso Canta tu Sue\u00f1o. A trav\u00e9s de esta iniciativa, cantautores profesionales y aficionados pueden expresar sus anhelos personales o colectivos a trav\u00e9s de una creaci\u00f3n musical y po\u00e9tica que convoque a so\u00f1ar. Las canciones pueden ser de cualquier estilo o g\u00e9nero musical, ejecutadas por cualquier tipo de instrumento y su letra o interpretaci\u00f3n debe ser en castellano o en alguna lengua correspondiente a las etnias nacionales.<\/p>\n<p style=\"text-align: justify;\">En <a href=\"http:\/\/www.cantatusueno.cl\/\">Canta tu Sue\u00f1o, <\/a>pueden participar personas de manera individual o grupal, sin importar la edad. Quienes se inscriban deben ser chilenas y chilenos residentes dentro o fuera del pa\u00eds y, en caso de ser extranjero, debe contar con un m\u00ednimo de dos a\u00f1os de residencia en Chile, de acuerdo a las bases.<\/p>\n<p style=\"text-align: justify;\">Andrea Brandes, directora de 3xi, explica que esta iniciativa busca contribuir al encuentro humano y personal: \u00abQuisi\u00e9ramos construir entre todas y todos un mejor lugar en el mundo y pensamos que conocer los sue\u00f1os de otras personas nos ayuda a comprenderlas, a comprender sus motivaciones y nos ayuda a identificarnos con ellas\u2019\u2019. Asimismo, agrega que \u201cotra cosa que nos gustar\u00eda mucho es darle un fuerte impulso a la m\u00fasica nacional; que surjan talentos nuevos en todo Chile. Que este llamado a cantar ayude a crear cultura contempor\u00e1nea y que terminemos llenos de la riqueza inmaterial que nace de la creaci\u00f3n de belleza\u00bb.<\/p>\n<p style=\"text-align: justify;\">Canta tu Sue\u00f1o tiene un jurado compuesto por 10 m\u00fasicos de distintos estilos musicales, pero con una historia profesional ligada a la identidad cultural de Chile. Lo integran Gast\u00f3n Soublette, Juanita Parra, Horacio Salinas, Augusto Schuster, Manuel Garc\u00eda, Francisca Straube, \u00c1lvaro Henr\u00edquez, Francisca Valenzuela, Marisol Garc\u00eda y Mahani Teave. Con ellos, trabajar\u00e1 tambi\u00e9n un equipo seleccionador que decidir\u00e1 -luego de un exhaustivo proceso- cu\u00e1les ser\u00e1n las 30 canciones finalistas. La elecci\u00f3n considerar\u00e1 distintos aspectos, como la letra, originalidad, calidad musical e interpretaci\u00f3n.<\/p>\n<p style=\"text-align: justify;\">El jurado tendr\u00e1 la misi\u00f3n de elegir 10 canciones ganadoras, las que obtendr\u00e1n un mill\u00f3n de pesos como premio cada una. El p\u00fablico tambi\u00e9n podr\u00e1 escoger su canci\u00f3n favorita, la cual obtendr\u00e1 un premio de tres millones de pesos.<\/p>\n<p style=\"text-align: justify;\">Para postular a Canta tu Sue\u00f1o, los participantes deben subir su canci\u00f3n a YouTube e inscribirse en <a href=\"http:\/\/www.cantatusueno.cl\/\">www.cantatusueno.cl.<\/a> Puedes conocer m\u00e1s en las redes sociales del concurso: <a href=\"https:\/\/www.instagram.com\/cantatusueno_3xi\/\">Instagram:<\/a> <a href=\"https:\/\/www.instagram.com\/cantatusueno_3xi\/\">@cantatusueno_3xi <\/a>y<a href=\"https:\/\/www.facebook.com\/Canta-tu-sue%C3%B1o-3xi-107891751475716\/\"> Facebook: Canta tu Sue\u00f1o 3xi.<\/a><\/p>\n<\/div><\/section><\/div><div  style='height:50px' class='hr hr-invisible   avia-builder-el-6  el_after_av_one_full  el_before_av_social_share '><span class='hr-inner ' ><span class='hr-inner-style'><\/span><\/span><\/div><\/p>\n<div  class='av-social-sharing-box  avia-builder-el-7  el_after_av_hr  el_before_av_hr  '><div class='av-share-box'><h5 class='av-share-link-description av-no-toc '>Compartir esta noticia<\/h5><ul class='av-share-box-list noLightbox'><li class='av-share-link av-social-link-facebook' ><a target=\"_blank\" aria-label=\"Compartir en Facebook\" href='https:\/\/www.facebook.com\/sharer.php?u=https:\/\/radiorevelacionfm.cl\/?p=5591&#038;t=Invitan%20a%20participar%20en%20el%20concurso%20nacional%20%C2%ABCanta%20tu%20Sue%C3%B1o%C2%BB' aria-hidden='false' data-av_icon='\ue8f3' data-av_iconfont='entypo-fontello' title='' data-avia-related-tooltip='Compartir en Facebook' rel=\"noopener\"><span class='avia_hidden_link_text'>Compartir en Facebook<\/span><\/a><\/li><li class='av-share-link av-social-link-twitter' ><a target=\"_blank\" aria-label=\"Compartir en Twitter\" href='https:\/\/twitter.com\/share?text=Invitan%20a%20participar%20en%20el%20concurso%20nacional%20%C2%ABCanta%20tu%20Sue%C3%B1o%C2%BB&#038;url=https:\/\/radiorevelacionfm.cl\/?p=5591' aria-hidden='false' data-av_icon='\ue8f1' data-av_iconfont='entypo-fontello' title='' data-avia-related-tooltip='Compartir en Twitter' rel=\"noopener\"><span class='avia_hidden_link_text'>Compartir en Twitter<\/span><\/a><\/li><li class='av-share-link av-social-link-whatsapp' ><a target=\"_blank\" aria-label=\"Compartir en Whatsapp\" href='https:\/\/api.whatsapp.com\/send?text=https:\/\/radiorevelacionfm.cl\/?p=5591' aria-hidden='false' data-av_icon='\uf232' data-av_iconfont='entypo-fontello' title='' data-avia-related-tooltip='Compartir en Whatsapp' rel=\"noopener\"><span class='avia_hidden_link_text'>Compartir en Whatsapp<\/span><\/a><\/li><li class='av-share-link av-social-link-linkedin' ><a target=\"_blank\" aria-label=\"Compartir en LinkedIn\" href='https:\/\/linkedin.com\/shareArticle?mini=true&#038;title=Invitan%20a%20participar%20en%20el%20concurso%20nacional%20%C2%ABCanta%20tu%20Sue%C3%B1o%C2%BB&#038;url=https:\/\/radiorevelacionfm.cl\/?p=5591' aria-hidden='false' data-av_icon='\ue8fc' data-av_iconfont='entypo-fontello' title='' data-avia-related-tooltip='Compartir en LinkedIn' rel=\"noopener\"><span class='avia_hidden_link_text'>Compartir en LinkedIn<\/span><\/a><\/li><li class='av-share-link av-social-link-mail' ><a  aria-label=\"Compartir por correo\" href='mailto:?subject=Invitan%20a%20participar%20en%20el%20concurso%20nacional%20%C2%ABCanta%20tu%20Sue%C3%B1o%C2%BB&#038;body=https:\/\/radiorevelacionfm.cl\/?p=5591' aria-hidden='false' data-av_icon='\ue805' data-av_iconfont='entypo-fontello' title='' data-avia-related-tooltip='Compartir por correo'><span class='avia_hidden_link_text'>Compartir por correo<\/span><\/a><\/li><\/ul><\/div><\/div>\n<div  style='height:50px' class='hr hr-invisible   avia-builder-el-8  el_after_av_social_share  el_before_av_comments_list '><span class='hr-inner ' ><span class='hr-inner-style'><\/span><\/span><\/div>\n<div  class='av-buildercomment  av-blog-meta-html-info-disabled av-blog-meta-tag-disabled  '><\/div>\n","protected":false},"excerpt":{"rendered":"","protected":false},"author":1,"featured_media":0,"comment_status":"open","ping_status":"open","sticky":false,"template":"","format":"standard","meta":{"footnotes":""},"categories":[52],"tags":[],"class_list":["post-5591","post","type-post","status-publish","format-standard","hentry","category-cultura"],"jetpack_featured_media_url":"","_links":{"self":[{"href":"https:\/\/radiorevelacionfm.cl\/index.php?rest_route=\/wp\/v2\/posts\/5591","targetHints":{"allow":["GET"]}}],"collection":[{"href":"https:\/\/radiorevelacionfm.cl\/index.php?rest_route=\/wp\/v2\/posts"}],"about":[{"href":"https:\/\/radiorevelacionfm.cl\/index.php?rest_route=\/wp\/v2\/types\/post"}],"author":[{"embeddable":true,"href":"https:\/\/radiorevelacionfm.cl\/index.php?rest_route=\/wp\/v2\/users\/1"}],"replies":[{"embeddable":true,"href":"https:\/\/radiorevelacionfm.cl\/index.php?rest_route=%2Fwp%2Fv2%2Fcomments&post=5591"}],"version-history":[{"count":1,"href":"https:\/\/radiorevelacionfm.cl\/index.php?rest_route=\/wp\/v2\/posts\/5591\/revisions"}],"predecessor-version":[{"id":5593,"href":"https:\/\/radiorevelacionfm.cl\/index.php?rest_route=\/wp\/v2\/posts\/5591\/revisions\/5593"}],"wp:attachment":[{"href":"https:\/\/radiorevelacionfm.cl\/index.php?rest_route=%2Fwp%2Fv2%2Fmedia&parent=5591"}],"wp:term":[{"taxonomy":"category","embeddable":true,"href":"https:\/\/radiorevelacionfm.cl\/index.php?rest_route=%2Fwp%2Fv2%2Fcategories&post=5591"},{"taxonomy":"post_tag","embeddable":true,"href":"https:\/\/radiorevelacionfm.cl\/index.php?rest_route=%2Fwp%2Fv2%2Ftags&post=5591"}],"curies":[{"name":"wp","href":"https:\/\/api.w.org\/{rel}","templated":true}]}}