{"id":55908,"date":"2025-07-01T12:34:50","date_gmt":"2025-07-01T15:34:50","guid":{"rendered":"https:\/\/radiorevelacionfm.cl\/?p=55908"},"modified":"2025-07-01T12:34:50","modified_gmt":"2025-07-01T15:34:50","slug":"senda-extiende-plazo-del-tercer-estudio-de-drogas-en-educacion-superior-estara-disponible-hasta-el-15-de-julio","status":"publish","type":"post","link":"https:\/\/radiorevelacionfm.cl\/?p=55908","title":{"rendered":"Senda extiende plazo del tercer estudio de drogas en educaci\u00f3n superior: estar\u00e1 disponible hasta el 15 de julio"},"content":{"rendered":"<div class=\"flex_column av_one_full  flex_column_div av-zero-column-padding first  avia-builder-el-0  el_before_av_one_full  avia-builder-el-first  \" style='border-radius:0px; '><div  class='avia-image-container  av-styling-    avia-builder-el-1  avia-builder-el-no-sibling  avia-align-center '  itemprop=\"image\" itemscope=\"itemscope\" itemtype=\"https:\/\/schema.org\/ImageObject\"  ><div class='avia-image-container-inner'><div class='avia-image-overlay-wrap'><img decoding=\"async\" class='wp-image-55909 avia-img-lazy-loading-not-55909 avia_image' src=\"https:\/\/radiorevelacionfm.cl\/wp-content\/uploads\/2025\/06\/EStudio-Educacion-Superior-1-1.jpg\" alt='' title='EStudio Educaci\u00f3n Superior (1) (1)' height=\"600\" width=\"900\"  itemprop=\"thumbnailUrl\" srcset=\"https:\/\/radiorevelacionfm.cl\/wp-content\/uploads\/2025\/06\/EStudio-Educacion-Superior-1-1.jpg 900w, https:\/\/radiorevelacionfm.cl\/wp-content\/uploads\/2025\/06\/EStudio-Educacion-Superior-1-1-300x200.jpg 300w, https:\/\/radiorevelacionfm.cl\/wp-content\/uploads\/2025\/06\/EStudio-Educacion-Superior-1-1-768x512.jpg 768w, https:\/\/radiorevelacionfm.cl\/wp-content\/uploads\/2025\/06\/EStudio-Educacion-Superior-1-1-705x470.jpg 705w, https:\/\/radiorevelacionfm.cl\/wp-content\/uploads\/2025\/06\/EStudio-Educacion-Superior-1-1-450x300.jpg 450w, https:\/\/radiorevelacionfm.cl\/wp-content\/uploads\/2025\/06\/EStudio-Educacion-Superior-1-1-600x400.jpg 600w\" sizes=\"(max-width: 900px) 100vw, 900px\" \/><\/div><\/div><\/div><\/div><div class=\"flex_column av_one_full  flex_column_div av-zero-column-padding first  avia-builder-el-2  el_after_av_one_full  el_before_av_one_full  column-top-margin\" style='border-radius:0px; '><section class=\"av_textblock_section \"  itemscope=\"itemscope\" itemtype=\"https:\/\/schema.org\/BlogPosting\" itemprop=\"blogPost\" ><div class='avia_textblock  '   itemprop=\"text\" ><p style=\"text-align: center;\"><strong><span style=\"font-size: 18pt;\">Senda extiende plazo del tercer estudio de drogas en educaci\u00f3n superior: estar\u00e1 disponible hasta el 15 de julio<\/span><\/strong><\/p>\n<div id=\"gtx-trans\" style=\"position: absolute; left: -50px; top: 4.31534px;\">\n<div class=\"gtx-trans-icon\"><\/div>\n<\/div>\n<\/div><\/section><\/div><div class=\"flex_column av_one_full  flex_column_div av-zero-column-padding first  avia-builder-el-4  el_after_av_one_full  el_before_av_hr  column-top-margin\" style='border-radius:0px; '><section class=\"av_textblock_section \"  itemscope=\"itemscope\" itemtype=\"https:\/\/schema.org\/BlogPosting\" itemprop=\"blogPost\" ><div class='avia_textblock  '   itemprop=\"text\" ><p style=\"font-weight: 400; text-align: justify;\"><em>La encuesta, que originalmente finalizaba el 30 de junio, podr\u00e1 ser respondida en m\u00e1s de 60 instituciones de educaci\u00f3n superior del pa\u00eds.<\/em><\/p>\n<p style=\"font-weight: 400; text-align: justify;\">Hasta el 15 de julio se extendi\u00f3 el plazo para responder el Tercer Estudio de Drogas en Educaci\u00f3n Superior, impulsado por el Servicio Nacional para la Prevenci\u00f3n y Rehabilitaci\u00f3n del Consumo de Drogas y Alcohol (SENDA).<\/p>\n<p style=\"font-weight: 400; text-align: justify;\">Con la participaci\u00f3n de m\u00e1s de 60 casas de estudio y m\u00e1s de 200 sedes a lo largo del pa\u00eds, este estudio busca actualizar y ampliar la informaci\u00f3n sobre el consumo de alcohol y otras drogas entre estudiantes de educaci\u00f3n superior, fortaleciendo as\u00ed las estrategias de prevenci\u00f3n y los factores de cuidado dentro de los espacios educativos.<\/p>\n<p style=\"font-weight: 400; text-align: justify;\">La encuesta online, que es 100% an\u00f3nima y confidencial, considera preguntas relacionadas no solo con el consumo de sustancias, sino tambi\u00e9n con percepci\u00f3n de riesgo, entre otros, lo que permite comprender el fen\u00f3meno de forma integral.<\/p>\n<p style=\"font-weight: 400; text-align: justify;\">Cada instituci\u00f3n recibir\u00e1 un informe personalizado con sus propios resultados, para que puedan dise\u00f1ar acciones preventivas internas, programas de apoyo y estrategias de acompa\u00f1amiento ajustadas a sus necesidades. Adem\u00e1s, el an\u00e1lisis permitir\u00e1 orientar la respuesta del Estado y mejorar las pol\u00edticas p\u00fablicas dirigidas a esta poblaci\u00f3n.<\/p>\n<p style=\"font-weight: 400; text-align: justify;\">Aunque m\u00e1s de 28 mil estudiantes han contestado la encuesta, la directora de SENDA, Natalia Riffo, explic\u00f3 que la extensi\u00f3n del plazo busca asegurar la participaci\u00f3n de un n\u00famero a\u00fan mayor de estudiantes de las distintas casas de estudio a lo largo del pa\u00eds, ampliando la representatividad de los resultados.<\/p>\n<p style=\"font-weight: 400; text-align: justify;\">\u201cLa encuesta permite conocer los contextos en que los estudiantes consumen alg\u00fan tipo de sustancia, y as\u00ed poder dise\u00f1ar pol\u00edticas de prevenci\u00f3n en conjunto con las m\u00e1s de 60 instituciones de educaci\u00f3n superior que est\u00e1n colaborando\u201d, agreg\u00f3 Riffo.<\/p>\n<p style=\"font-weight: 400; text-align: justify;\">En el sitio web de SENDA (<a href=\"http:\/\/www.senda.gob.cl\/\" data-saferedirecturl=\"https:\/\/www.google.com\/url?q=http:\/\/www.senda.gob.cl&amp;source=gmail&amp;ust=1751392369389000&amp;usg=AOvVaw1MQn9TLV9AGMFHOp_vp5gl\">www.senda.gob.cl<\/a>) est\u00e1 disponible el listado completo de las casas de estudio que est\u00e1n participando en este proceso.<\/p>\n<\/div><\/section><\/div><div  style='height:50px' class='hr hr-invisible   avia-builder-el-6  el_after_av_one_full  el_before_av_social_share '><span class='hr-inner ' ><span class='hr-inner-style'><\/span><\/span><\/div><\/p>\n<div  class='av-social-sharing-box  avia-builder-el-7  el_after_av_hr  el_before_av_hr  '><div class='av-share-box'><h5 class='av-share-link-description av-no-toc '>Compartir esta noticia<\/h5><ul class='av-share-box-list noLightbox'><li class='av-share-link av-social-link-facebook' ><a target=\"_blank\" aria-label=\"Compartir en Facebook\" href='https:\/\/www.facebook.com\/sharer.php?u=https:\/\/radiorevelacionfm.cl\/?p=55908&#038;t=Senda%20extiende%20plazo%20del%20tercer%20estudio%20de%20drogas%20en%20educaci%C3%B3n%20superior%3A%20estar%C3%A1%20disponible%20hasta%20el%2015%20de%20julio' aria-hidden='false' data-av_icon='\ue8f3' data-av_iconfont='entypo-fontello' title='' data-avia-related-tooltip='Compartir en Facebook' rel=\"noopener\"><span class='avia_hidden_link_text'>Compartir en Facebook<\/span><\/a><\/li><li class='av-share-link av-social-link-twitter' ><a target=\"_blank\" aria-label=\"Compartir en Twitter\" href='https:\/\/twitter.com\/share?text=Senda%20extiende%20plazo%20del%20tercer%20estudio%20de%20drogas%20en%20educaci%C3%B3n%20superior%3A%20estar%C3%A1%20disponible%20hasta%20el%2015%20de%20julio&#038;url=https:\/\/radiorevelacionfm.cl\/?p=55908' aria-hidden='false' data-av_icon='\ue8f1' data-av_iconfont='entypo-fontello' title='' data-avia-related-tooltip='Compartir en Twitter' rel=\"noopener\"><span class='avia_hidden_link_text'>Compartir en Twitter<\/span><\/a><\/li><li class='av-share-link av-social-link-whatsapp' ><a target=\"_blank\" aria-label=\"Compartir en Whatsapp\" href='https:\/\/api.whatsapp.com\/send?text=https:\/\/radiorevelacionfm.cl\/?p=55908' aria-hidden='false' data-av_icon='\uf232' data-av_iconfont='entypo-fontello' title='' data-avia-related-tooltip='Compartir en Whatsapp' rel=\"noopener\"><span class='avia_hidden_link_text'>Compartir en Whatsapp<\/span><\/a><\/li><li class='av-share-link av-social-link-linkedin' ><a target=\"_blank\" aria-label=\"Compartir en LinkedIn\" href='https:\/\/linkedin.com\/shareArticle?mini=true&#038;title=Senda%20extiende%20plazo%20del%20tercer%20estudio%20de%20drogas%20en%20educaci%C3%B3n%20superior%3A%20estar%C3%A1%20disponible%20hasta%20el%2015%20de%20julio&#038;url=https:\/\/radiorevelacionfm.cl\/?p=55908' aria-hidden='false' data-av_icon='\ue8fc' data-av_iconfont='entypo-fontello' title='' data-avia-related-tooltip='Compartir en LinkedIn' rel=\"noopener\"><span class='avia_hidden_link_text'>Compartir en LinkedIn<\/span><\/a><\/li><li class='av-share-link av-social-link-mail' ><a  aria-label=\"Compartir por correo\" href='mailto:?subject=Senda%20extiende%20plazo%20del%20tercer%20estudio%20de%20drogas%20en%20educaci%C3%B3n%20superior%3A%20estar%C3%A1%20disponible%20hasta%20el%2015%20de%20julio&#038;body=https:\/\/radiorevelacionfm.cl\/?p=55908' aria-hidden='false' data-av_icon='\ue805' data-av_iconfont='entypo-fontello' title='' data-avia-related-tooltip='Compartir por correo'><span class='avia_hidden_link_text'>Compartir por correo<\/span><\/a><\/li><\/ul><\/div><\/div>\n<div  style='height:50px' class='hr hr-invisible   avia-builder-el-8  el_after_av_social_share  el_before_av_comments_list '><span class='hr-inner ' ><span class='hr-inner-style'><\/span><\/span><\/div>\n<div  class='av-buildercomment  av-blog-meta-html-info-disabled av-blog-meta-tag-disabled  '><\/div>\n","protected":false},"excerpt":{"rendered":"","protected":false},"author":1,"featured_media":55909,"comment_status":"closed","ping_status":"closed","sticky":false,"template":"","format":"standard","meta":{"footnotes":""},"categories":[61],"tags":[],"class_list":["post-55908","post","type-post","status-publish","format-standard","has-post-thumbnail","hentry","category-nacional"],"jetpack_featured_media_url":"https:\/\/radiorevelacionfm.cl\/wp-content\/uploads\/2025\/06\/EStudio-Educacion-Superior-1-1.jpg","_links":{"self":[{"href":"https:\/\/radiorevelacionfm.cl\/index.php?rest_route=\/wp\/v2\/posts\/55908","targetHints":{"allow":["GET"]}}],"collection":[{"href":"https:\/\/radiorevelacionfm.cl\/index.php?rest_route=\/wp\/v2\/posts"}],"about":[{"href":"https:\/\/radiorevelacionfm.cl\/index.php?rest_route=\/wp\/v2\/types\/post"}],"author":[{"embeddable":true,"href":"https:\/\/radiorevelacionfm.cl\/index.php?rest_route=\/wp\/v2\/users\/1"}],"replies":[{"embeddable":true,"href":"https:\/\/radiorevelacionfm.cl\/index.php?rest_route=%2Fwp%2Fv2%2Fcomments&post=55908"}],"version-history":[{"count":2,"href":"https:\/\/radiorevelacionfm.cl\/index.php?rest_route=\/wp\/v2\/posts\/55908\/revisions"}],"predecessor-version":[{"id":55944,"href":"https:\/\/radiorevelacionfm.cl\/index.php?rest_route=\/wp\/v2\/posts\/55908\/revisions\/55944"}],"wp:featuredmedia":[{"embeddable":true,"href":"https:\/\/radiorevelacionfm.cl\/index.php?rest_route=\/wp\/v2\/media\/55909"}],"wp:attachment":[{"href":"https:\/\/radiorevelacionfm.cl\/index.php?rest_route=%2Fwp%2Fv2%2Fmedia&parent=55908"}],"wp:term":[{"taxonomy":"category","embeddable":true,"href":"https:\/\/radiorevelacionfm.cl\/index.php?rest_route=%2Fwp%2Fv2%2Fcategories&post=55908"},{"taxonomy":"post_tag","embeddable":true,"href":"https:\/\/radiorevelacionfm.cl\/index.php?rest_route=%2Fwp%2Fv2%2Ftags&post=55908"}],"curies":[{"name":"wp","href":"https:\/\/api.w.org\/{rel}","templated":true}]}}