{"id":55904,"date":"2025-06-30T17:15:49","date_gmt":"2025-06-30T20:15:49","guid":{"rendered":"https:\/\/radiorevelacionfm.cl\/?p=55904"},"modified":"2025-06-30T17:15:49","modified_gmt":"2025-06-30T20:15:49","slug":"lanzan-campana-patagonia-ponte-las-pilas-2025-desde-jardin-infantil-aiken-yemel-de-coyhaique","status":"publish","type":"post","link":"https:\/\/radiorevelacionfm.cl\/?p=55904","title":{"rendered":"Lanzan campa\u00f1a \u201cPatagonia ponte las pilas\u201d 2025 desde jard\u00edn infantil Aiken Yemel de Coyhaique"},"content":{"rendered":"<div class=\"flex_column av_one_full  flex_column_div av-zero-column-padding first  avia-builder-el-0  el_before_av_one_full  avia-builder-el-first  \" style='border-radius:0px; '><div  class='avia-image-container  av-styling-    avia-builder-el-1  avia-builder-el-no-sibling  avia-align-center '  itemprop=\"image\" itemscope=\"itemscope\" itemtype=\"https:\/\/schema.org\/ImageObject\"  ><div class='avia-image-container-inner'><div class='avia-image-overlay-wrap'><img decoding=\"async\" class='wp-image-55905 avia-img-lazy-loading-not-55905 avia_image' src=\"https:\/\/radiorevelacionfm.cl\/wp-content\/uploads\/2025\/06\/lanzamiento-cpilas-1_optimized-1.jpeg\" alt='' title='lanzamiento-cpilas-(1)_optimized (1)' height=\"600\" width=\"1157\"  itemprop=\"thumbnailUrl\" srcset=\"https:\/\/radiorevelacionfm.cl\/wp-content\/uploads\/2025\/06\/lanzamiento-cpilas-1_optimized-1.jpeg 1157w, https:\/\/radiorevelacionfm.cl\/wp-content\/uploads\/2025\/06\/lanzamiento-cpilas-1_optimized-1-300x156.jpeg 300w, https:\/\/radiorevelacionfm.cl\/wp-content\/uploads\/2025\/06\/lanzamiento-cpilas-1_optimized-1-1030x534.jpeg 1030w, https:\/\/radiorevelacionfm.cl\/wp-content\/uploads\/2025\/06\/lanzamiento-cpilas-1_optimized-1-768x398.jpeg 768w, https:\/\/radiorevelacionfm.cl\/wp-content\/uploads\/2025\/06\/lanzamiento-cpilas-1_optimized-1-705x366.jpeg 705w, https:\/\/radiorevelacionfm.cl\/wp-content\/uploads\/2025\/06\/lanzamiento-cpilas-1_optimized-1-450x233.jpeg 450w, https:\/\/radiorevelacionfm.cl\/wp-content\/uploads\/2025\/06\/lanzamiento-cpilas-1_optimized-1-600x311.jpeg 600w\" sizes=\"(max-width: 1157px) 100vw, 1157px\" \/><\/div><\/div><\/div><\/div><div class=\"flex_column av_one_full  flex_column_div av-zero-column-padding first  avia-builder-el-2  el_after_av_one_full  el_before_av_one_full  column-top-margin\" style='border-radius:0px; '><section class=\"av_textblock_section \"  itemscope=\"itemscope\" itemtype=\"https:\/\/schema.org\/BlogPosting\" itemprop=\"blogPost\" ><div class='avia_textblock  '   itemprop=\"text\" ><p style=\"text-align: center;\"><strong><span style=\"font-size: 18pt;\">Lanzan campa\u00f1a \u201cPatagonia ponte las pilas\u201d 2025 desde jard\u00edn infantil Aiken Yemel de Coyhaique<\/span><\/strong><\/p>\n<div id=\"gtx-trans\" style=\"position: absolute; left: -50px; top: 4.31534px;\">\n<div class=\"gtx-trans-icon\"><\/div>\n<\/div>\n<\/div><\/section><\/div><div class=\"flex_column av_one_full  flex_column_div av-zero-column-padding first  avia-builder-el-4  el_after_av_one_full  el_before_av_hr  column-top-margin\" style='border-radius:0px; '><section class=\"av_textblock_section \"  itemscope=\"itemscope\" itemtype=\"https:\/\/schema.org\/BlogPosting\" itemprop=\"blogPost\" ><div class='avia_textblock  '   itemprop=\"text\" ><ul>\n<li style=\"text-align: justify;\"><em>La iniciativa de busca fomentar la recolecci\u00f3n de pilas en desuso, altamente contaminantes si no se manejan adecuadamente. <\/em><\/li>\n<\/ul>\n<p style=\"text-align: justify;\"><em>\u00a0<\/em>Con una did\u00e1ctica actividad en el jard\u00edn infantil Aiken Yemel, Edelaysen inici\u00f3 una nueva versi\u00f3n de la campa\u00f1a \u201cPatagonia ponte las pilas\u201d, una cruzada ambiental que promueve el correcto almacenamiento de pilas en desuso, en colaboraci\u00f3n con la Tesorer\u00eda General de la Rep\u00fablica, la Seremi de Medio Ambiente y el programa Quiero mi Barrio de la Municipalidad de Coyhaique.<\/p>\n<p style=\"text-align: justify;\">La actividad cont\u00f3 con la participaci\u00f3n de autoridades, educadoras y ni\u00f1os del establecimiento, quienes conocieron m\u00e1s sobre los efectos negativos de estos residuos si son mal gestionados. Las pilas contienen metales pesados como mercurio, cadmio y plomo, donde solo una pila puede contaminar miles de libros de agua si no es dispuesta adecuadamente.<\/p>\n<p style=\"text-align: justify;\">Daniela Pell\u00f3n, encargada del comit\u00e9 del medio ambiente del Jard\u00edn Infantil coment\u00f3: \u201cNosotros tenemos un sello medio ambiental que busca fomentar en la primera infancia una conciencia ecol\u00f3gica por lo que, para nosotros fue una gran sorpresa que en Edelaysen nos eligieran como el punto de inicio en la campa\u00f1a de las pilas, ya que siempre hacemos la campa\u00f1a en el jard\u00edn y esto fue como un orgullo para nosotros que seamos los seleccionados para este inicio tan importante. Los ni\u00f1os participaron felices ese d\u00eda de la campa\u00f1a, se aprendieron una canci\u00f3n y trajeron tambi\u00e9n pilas para comenzar a llenar nuestros contenedores con este elemento que tambi\u00e9n ese d\u00eda, aprendieron que era muy contaminante y que tray\u00e9ndolo al jard\u00edn estamos cuidando nuestra tierra\u201d.<\/p>\n<p style=\"text-align: justify;\">En su versi\u00f3n anterior, la campa\u00f1a logr\u00f3 reunir m\u00e1s de una tonelada de pilas en la regi\u00f3n, las que fueron almacenadas correctamente y luego trasladas hasta la empresa Hidronor en Concepci\u00f3n, encargada de su disposici\u00f3n final bajo est\u00e1ndares de seguridad ambiental.<\/p>\n<p style=\"text-align: justify;\">Desde Edelaysen destacaron el valor de sumar nuevas instituciones a este esfuerzo, y especialmente el compromiso del jard\u00edn infantil Aiken Yemel, reconocido por su enfoque en educaci\u00f3n ambiental desde la primera infancia.<\/p>\n<p style=\"text-align: justify;\">\u201cEstamos muy agradecidos del compromiso que han demostrado instituciones como el jard\u00edn Aiken Yemel, la Tesorer\u00eda General de la Rep\u00fablica, la Seremi de Medio Ambiente y el programa Quiero mi Barrio de la Municipalidad de Coyhaique. En tal sentido, invitamos a todas las organizaciones que a\u00fan no participan de la campa\u00f1a, a que se puedan sumar y motivar a sus comunidades a recolectar pilas en desuso y a fomentar una cultura ambiental responsable\u201d, enfatiz\u00f3 Yasna Vera, ejecutiva de relacionamiento de Edelaysen.<\/p>\n<p style=\"text-align: justify;\">La campa\u00f1a se mantendr\u00e1 activa durante todo el a\u00f1o, con puntos de acopio disponibles en oficinas de Edelaysen y en distintas organizaciones participantes, hasta el 30 de noviembre que es cuando finaliza la campa\u00f1a de este 2025.<\/p>\n<\/div><\/section><\/div><div  style='height:50px' class='hr hr-invisible   avia-builder-el-6  el_after_av_one_full  el_before_av_social_share '><span class='hr-inner ' ><span class='hr-inner-style'><\/span><\/span><\/div><\/p>\n<div  class='av-social-sharing-box  avia-builder-el-7  el_after_av_hr  el_before_av_hr  '><div class='av-share-box'><h5 class='av-share-link-description av-no-toc '>Compartir esta noticia<\/h5><ul class='av-share-box-list noLightbox'><li class='av-share-link av-social-link-facebook' ><a target=\"_blank\" aria-label=\"Compartir en Facebook\" href='https:\/\/www.facebook.com\/sharer.php?u=https:\/\/radiorevelacionfm.cl\/?p=55904&#038;t=Lanzan%20campa%C3%B1a%20%E2%80%9CPatagonia%20ponte%20las%20pilas%E2%80%9D%202025%20desde%20jard%C3%ADn%20infantil%20Aiken%20Yemel%20de%20Coyhaique' aria-hidden='false' data-av_icon='\ue8f3' data-av_iconfont='entypo-fontello' title='' data-avia-related-tooltip='Compartir en Facebook' rel=\"noopener\"><span class='avia_hidden_link_text'>Compartir en Facebook<\/span><\/a><\/li><li class='av-share-link av-social-link-twitter' ><a target=\"_blank\" aria-label=\"Compartir en Twitter\" href='https:\/\/twitter.com\/share?text=Lanzan%20campa%C3%B1a%20%E2%80%9CPatagonia%20ponte%20las%20pilas%E2%80%9D%202025%20desde%20jard%C3%ADn%20infantil%20Aiken%20Yemel%20de%20Coyhaique&#038;url=https:\/\/radiorevelacionfm.cl\/?p=55904' aria-hidden='false' data-av_icon='\ue8f1' data-av_iconfont='entypo-fontello' title='' data-avia-related-tooltip='Compartir en Twitter' rel=\"noopener\"><span class='avia_hidden_link_text'>Compartir en Twitter<\/span><\/a><\/li><li class='av-share-link av-social-link-whatsapp' ><a target=\"_blank\" aria-label=\"Compartir en Whatsapp\" href='https:\/\/api.whatsapp.com\/send?text=https:\/\/radiorevelacionfm.cl\/?p=55904' aria-hidden='false' data-av_icon='\uf232' data-av_iconfont='entypo-fontello' title='' data-avia-related-tooltip='Compartir en Whatsapp' rel=\"noopener\"><span class='avia_hidden_link_text'>Compartir en Whatsapp<\/span><\/a><\/li><li class='av-share-link av-social-link-linkedin' ><a target=\"_blank\" aria-label=\"Compartir en LinkedIn\" href='https:\/\/linkedin.com\/shareArticle?mini=true&#038;title=Lanzan%20campa%C3%B1a%20%E2%80%9CPatagonia%20ponte%20las%20pilas%E2%80%9D%202025%20desde%20jard%C3%ADn%20infantil%20Aiken%20Yemel%20de%20Coyhaique&#038;url=https:\/\/radiorevelacionfm.cl\/?p=55904' aria-hidden='false' data-av_icon='\ue8fc' data-av_iconfont='entypo-fontello' title='' data-avia-related-tooltip='Compartir en LinkedIn' rel=\"noopener\"><span class='avia_hidden_link_text'>Compartir en LinkedIn<\/span><\/a><\/li><li class='av-share-link av-social-link-mail' ><a  aria-label=\"Compartir por correo\" href='mailto:?subject=Lanzan%20campa%C3%B1a%20%E2%80%9CPatagonia%20ponte%20las%20pilas%E2%80%9D%202025%20desde%20jard%C3%ADn%20infantil%20Aiken%20Yemel%20de%20Coyhaique&#038;body=https:\/\/radiorevelacionfm.cl\/?p=55904' aria-hidden='false' data-av_icon='\ue805' data-av_iconfont='entypo-fontello' title='' data-avia-related-tooltip='Compartir por correo'><span class='avia_hidden_link_text'>Compartir por correo<\/span><\/a><\/li><\/ul><\/div><\/div>\n<div  style='height:50px' class='hr hr-invisible   avia-builder-el-8  el_after_av_social_share  el_before_av_comments_list '><span class='hr-inner ' ><span class='hr-inner-style'><\/span><\/span><\/div>\n<div  class='av-buildercomment  av-blog-meta-html-info-disabled av-blog-meta-tag-disabled  '><\/div>\n","protected":false},"excerpt":{"rendered":"","protected":false},"author":1,"featured_media":55905,"comment_status":"closed","ping_status":"closed","sticky":false,"template":"","format":"standard","meta":{"footnotes":""},"categories":[38],"tags":[],"class_list":["post-55904","post","type-post","status-publish","format-standard","has-post-thumbnail","hentry","category-regional"],"jetpack_featured_media_url":"https:\/\/radiorevelacionfm.cl\/wp-content\/uploads\/2025\/06\/lanzamiento-cpilas-1_optimized-1.jpeg","_links":{"self":[{"href":"https:\/\/radiorevelacionfm.cl\/index.php?rest_route=\/wp\/v2\/posts\/55904","targetHints":{"allow":["GET"]}}],"collection":[{"href":"https:\/\/radiorevelacionfm.cl\/index.php?rest_route=\/wp\/v2\/posts"}],"about":[{"href":"https:\/\/radiorevelacionfm.cl\/index.php?rest_route=\/wp\/v2\/types\/post"}],"author":[{"embeddable":true,"href":"https:\/\/radiorevelacionfm.cl\/index.php?rest_route=\/wp\/v2\/users\/1"}],"replies":[{"embeddable":true,"href":"https:\/\/radiorevelacionfm.cl\/index.php?rest_route=%2Fwp%2Fv2%2Fcomments&post=55904"}],"version-history":[{"count":2,"href":"https:\/\/radiorevelacionfm.cl\/index.php?rest_route=\/wp\/v2\/posts\/55904\/revisions"}],"predecessor-version":[{"id":55918,"href":"https:\/\/radiorevelacionfm.cl\/index.php?rest_route=\/wp\/v2\/posts\/55904\/revisions\/55918"}],"wp:featuredmedia":[{"embeddable":true,"href":"https:\/\/radiorevelacionfm.cl\/index.php?rest_route=\/wp\/v2\/media\/55905"}],"wp:attachment":[{"href":"https:\/\/radiorevelacionfm.cl\/index.php?rest_route=%2Fwp%2Fv2%2Fmedia&parent=55904"}],"wp:term":[{"taxonomy":"category","embeddable":true,"href":"https:\/\/radiorevelacionfm.cl\/index.php?rest_route=%2Fwp%2Fv2%2Fcategories&post=55904"},{"taxonomy":"post_tag","embeddable":true,"href":"https:\/\/radiorevelacionfm.cl\/index.php?rest_route=%2Fwp%2Fv2%2Ftags&post=55904"}],"curies":[{"name":"wp","href":"https:\/\/api.w.org\/{rel}","templated":true}]}}