{"id":55901,"date":"2025-06-30T14:43:25","date_gmt":"2025-06-30T17:43:25","guid":{"rendered":"https:\/\/radiorevelacionfm.cl\/?p=55901"},"modified":"2025-06-30T14:43:25","modified_gmt":"2025-06-30T17:43:25","slug":"campamento-divisadero-oriente-de-coyhaique-tendra-conexion-electrica-de-forma-transitoria","status":"publish","type":"post","link":"https:\/\/radiorevelacionfm.cl\/?p=55901","title":{"rendered":"Campamento Divisadero Oriente de Coyhaique tendr\u00e1 conexi\u00f3n el\u00e9ctrica de forma transitoria"},"content":{"rendered":"<div class=\"flex_column av_one_full  flex_column_div av-zero-column-padding first  avia-builder-el-0  el_before_av_one_full  avia-builder-el-first  \" style='border-radius:0px; '><div  class='avia-image-container  av-styling-    avia-builder-el-1  avia-builder-el-no-sibling  avia-align-center '  itemprop=\"image\" itemscope=\"itemscope\" itemtype=\"https:\/\/schema.org\/ImageObject\"  ><div class='avia-image-container-inner'><div class='avia-image-overlay-wrap'><img decoding=\"async\" class='wp-image-55902 avia-img-lazy-loading-not-55902 avia_image' src=\"https:\/\/radiorevelacionfm.cl\/wp-content\/uploads\/2025\/06\/20250611_155314-1-1.jpg\" alt='' title='20250611_155314 (1) (1)' height=\"600\" width=\"800\"  itemprop=\"thumbnailUrl\" srcset=\"https:\/\/radiorevelacionfm.cl\/wp-content\/uploads\/2025\/06\/20250611_155314-1-1.jpg 800w, https:\/\/radiorevelacionfm.cl\/wp-content\/uploads\/2025\/06\/20250611_155314-1-1-300x225.jpg 300w, https:\/\/radiorevelacionfm.cl\/wp-content\/uploads\/2025\/06\/20250611_155314-1-1-768x576.jpg 768w, https:\/\/radiorevelacionfm.cl\/wp-content\/uploads\/2025\/06\/20250611_155314-1-1-705x529.jpg 705w, https:\/\/radiorevelacionfm.cl\/wp-content\/uploads\/2025\/06\/20250611_155314-1-1-450x338.jpg 450w, https:\/\/radiorevelacionfm.cl\/wp-content\/uploads\/2025\/06\/20250611_155314-1-1-600x450.jpg 600w\" sizes=\"(max-width: 800px) 100vw, 800px\" \/><\/div><\/div><\/div><\/div><div class=\"flex_column av_one_full  flex_column_div av-zero-column-padding first  avia-builder-el-2  el_after_av_one_full  el_before_av_one_full  column-top-margin\" style='border-radius:0px; '><section class=\"av_textblock_section \"  itemscope=\"itemscope\" itemtype=\"https:\/\/schema.org\/BlogPosting\" itemprop=\"blogPost\" ><div class='avia_textblock  '   itemprop=\"text\" ><p style=\"text-align: center;\"><strong><span style=\"font-size: 18pt;\">Campamento Divisadero Oriente de Coyhaique tendr\u00e1 conexi\u00f3n el\u00e9ctrica de forma transitoria<\/span><\/strong><\/p>\n<div id=\"gtx-trans\" style=\"position: absolute; left: -50px; top: 4.31534px;\">\n<div class=\"gtx-trans-icon\"><\/div>\n<\/div>\n<\/div><\/section><\/div><div class=\"flex_column av_one_full  flex_column_div av-zero-column-padding first  avia-builder-el-4  el_after_av_one_full  el_before_av_hr  column-top-margin\" style='border-radius:0px; '><section class=\"av_textblock_section \"  itemscope=\"itemscope\" itemtype=\"https:\/\/schema.org\/BlogPosting\" itemprop=\"blogPost\" ><div class='avia_textblock  '   itemprop=\"text\" ><p style=\"text-align: justify;\"><em>La Seremi de Bienes Nacionales junto a la empresa Edelays\u00e9n definieron un permiso excepcional y transitorio para que los vecinos puedan tener luz y pagar su consumo mensual, dado que desde el a\u00f1o 2022 forman parte del catastro nacional del Programa Campamentos.<\/em><\/p>\n<p style=\"text-align: justify;\">Tras los reiterados cortes por sobrecarga en el sistema el\u00e9ctrico de las poblaciones aleda\u00f1as, los vecinos del Campamento Divisadero Oriente de Coyhaique, finalmente fueron desconectados del suministro el\u00e9ctrico permaneciendo sin luz desde hace varios d\u00edas. En ese contexto y tras una primera reuni\u00f3n convocada por la dirigenta de la poblaci\u00f3n Villa Divisadero, Edith Alarc\u00f3n, la Seremi de Gobierno, \u00darsula Mix, propici\u00f3 instancias de trabajo entre los vecinos y la cartera de Bienes Nacionales, puesto que el Campamento est\u00e1 emplazado en la proyecci\u00f3n de la avenida Divisadero, retazo fiscal en el cual a\u00fan no se ha materializaci\u00f3n el bien nacional de uso p\u00fablico.<\/p>\n<p style=\"text-align: justify;\">Luego de diferentes reuniones con la Superintendencia de Energ\u00eda y Combustible, la empresa Edelays\u00e9n y los voceros del campamento, se lleg\u00f3 a la conclusi\u00f3n de que el propietario del inmueble -Bienes Nacionales- deb\u00eda emitir un permiso excepcional para que las y los vecinos puedan conectarse formalmente a la red el\u00e9ctrica de la empresa, y as\u00ed evitar los constantes riesgos de incendio u otros incidentes con consecuencias fatales, en este reducido sector donde habitan m\u00e1s de veinte familias.<\/p>\n<p style=\"text-align: justify;\"><u>Campamento y no una toma ilegal<\/u><\/p>\n<p style=\"text-align: justify;\">Si bien, inicialmente, este peque\u00f1o sector naci\u00f3 como una toma ilegal de terreno fiscal (calle proyectada), el asentamiento humano fue catastrato en el a\u00f1o 2022, quedando registrado en el Programa Nacional de Campamentos del Ministerio de Vivienda, con el fin de relocalizar al grupo de vecinos hacia otro sector, mejorando su calidad de vida mediante una soluci\u00f3n habitacional definitiva y digna, donde cuenten con los servicios escenciales como agua, alcantarillado, electricidad y otros, dando paso finalmente a la materializaci\u00f3n de la Av. Divisadero, tal como lo define el Plan Regulador de Coyhaique.<\/p>\n<p style=\"text-align: justify;\"><u>Permiso excepcional<\/u><\/p>\n<p style=\"text-align: justify;\">Con la informaci\u00f3n de que los vecinos se encuentran amparados por el programa de Campamentos, tras visita en terreno del pasado 11 de junio, de forma colaborativa y en conjunto con la empresa privada, desde la Seremi de Bienes Nacionales, se analiz\u00f3 la posibilidad de autorizar de forma excepcional a las y los vecinos catastrados para que puedan solicitar a la empresa Edelays\u00e9n, la conexi\u00f3n formal y transitoria al sistema el\u00e9ctrico, y as\u00ed, evitar acentuar la precariedad en la que habitan.<\/p>\n<p style=\"text-align: justify;\"><em>\u201cEste sector ya no es una toma ilegal, los vecinos -desde el a\u00f1o 2022- est\u00e1n siendo atentidos por una pol\u00edtica p\u00fablica del Estado, son parte del Programa Nacional de Campamentos y eso es lo que nos dio posibilidad a nosotros, como Ministerio de Bienes Nacionales, de poder autorizar a que ellos se conecten al servicio de energ\u00eda el\u00e9ctrica. Est\u00e1n emplazados en un retazo fiscal que es calle proyectada que en el corto plazo no se va a materializar, por lo tanto, dado que es una ocupaci\u00f3n transitoria y est\u00e1n en el programa Campamentos, que busca relocalizar a los vecinos hasta que obtengan sus soluciones habitacionales, esta excepcionalidad nos permite autorizar\u2026\u201d,<\/em> expres\u00f3 la autoridad regional de Bienes Nacionales, Irina Morend Valdebenito.<\/p>\n<p style=\"text-align: justify;\"><em>\u201cEs importante se\u00f1alar que este es un permiso transitorio\u201d<\/em>, recalc\u00f3 Morend, para dejar en claro que la situaci\u00f3n del Campamento Divisadero Oriente es particular y transitoria, <em>\u201cdebido a que est\u00e1n siendo atendidos por el programa, y quiero ser enf\u00e1tica, nosotros no estamos avalando ocupaciones ilegales, sino que estamos tomando medidas excepcionales, principalmente para resguardar la vida y la seguridad de las familias que est\u00e1n ubicadas en ese sector\u201d<\/em>, afirm\u00f3.<\/p>\n<p style=\"text-align: justify;\">Desde Edelays\u00e9n, el supervisor y encargado de Oficina Comercial, Roberto Pe\u00f1a, refiri\u00f3 que ya han iniciado con trabajo en terreno para tener un panorama de c\u00f3mo operar\u00e1 el sistema de conexi\u00f3n, <em>\u201cpartimos con el acercamiento a los vecinos\u2026despu\u00e9s, avanzamos en desarrollar un proyecto que pudiese entregar soluciones a los vecinos, y nos encontramos en la etapa de consolidar el proyecto y en una subetapa de normalizar la cantidad de clientes que vamos a tener, quienes van a quedar conectados con una condici\u00f3n estandar como corresponde, tanto por autorizaci\u00f3n SEC, y por nuestra parte, con estandar de cliente VT1 de Edelays\u00e9n<\/em>\u201d, coment\u00f3, a\u00f1adiendo que con esta acci\u00f3n se busca ayudar a los vecinos <em>\u201ctanto a los que ya est\u00e1n conectados y por supuesto, ampliar esa ayuda a quienes lo necesitan, ya que cuentan con la autorizaci\u00f3n de quienes hacen esto posible, porque no todo depende de Edelays\u00e9n, sino que en este caso tambi\u00e9n de Bienes Nacionales, que va a entregar la autorizaci\u00f3n para que los vecinos se puedan conectar y nosotros hacer este proyecto f\u00edsicamente viable\u201d.\u00a0 <\/em><\/p>\n<p style=\"text-align: justify;\">Por su parte, Edith Alarc\u00f3n, vecina y dirigente de la poblaci\u00f3n Villa Divisadero, se\u00f1al\u00f3 que como vecinos cercanos, <em>\u201csiempre estamos con toda la voluntad de poder arreglar esta situaci\u00f3n que se estaba generando con la poblaci\u00f3n Ampliaci\u00f3n Bernardo O\u00b4Higgins por los cortes de luz que ocurrieron durante mucho tiempo. Le busqu\u00e9 la soluci\u00f3n al problema, cit\u00e9 a muchas autoridades hace un tiempo atr\u00e1s y ahora estamos felices de que se est\u00e1n haciendo las cosas de buena manera\u201d,<\/em> expres\u00f3, a\u00f1adiendo que los vecinos del campamento est\u00e1n muy expectantes a los resultados.<\/p>\n<p style=\"text-align: justify;\">Edelays\u00e9n inform\u00f3 que los vecinos ya est\u00e1n trabajando internamente para adaptar sus conexiones, en ese sentido, el permiso excepcional de Bienes Nacionales es clave para que la empresa pueda instalar los empalmes y realizar la postaci\u00f3n necesaria, proceso que estar\u00e1 desarroll\u00e1ndose en los pr\u00f3ximos d\u00edas, el que de todas formas, estar\u00e1 sujeto a las condiciones clim\u00e1ticas.<\/p>\n<\/div><\/section><\/div><div  style='height:50px' class='hr hr-invisible   avia-builder-el-6  el_after_av_one_full  el_before_av_social_share '><span class='hr-inner ' ><span class='hr-inner-style'><\/span><\/span><\/div><\/p>\n<div  class='av-social-sharing-box  avia-builder-el-7  el_after_av_hr  el_before_av_hr  '><div class='av-share-box'><h5 class='av-share-link-description av-no-toc '>Compartir esta noticia<\/h5><ul class='av-share-box-list noLightbox'><li class='av-share-link av-social-link-facebook' ><a target=\"_blank\" aria-label=\"Compartir en Facebook\" href='https:\/\/www.facebook.com\/sharer.php?u=https:\/\/radiorevelacionfm.cl\/?p=55901&#038;t=Campamento%20Divisadero%20Oriente%20de%20Coyhaique%20tendr%C3%A1%20conexi%C3%B3n%20el%C3%A9ctrica%20de%20forma%20transitoria' aria-hidden='false' data-av_icon='\ue8f3' data-av_iconfont='entypo-fontello' title='' data-avia-related-tooltip='Compartir en Facebook' rel=\"noopener\"><span class='avia_hidden_link_text'>Compartir en Facebook<\/span><\/a><\/li><li class='av-share-link av-social-link-twitter' ><a target=\"_blank\" aria-label=\"Compartir en Twitter\" href='https:\/\/twitter.com\/share?text=Campamento%20Divisadero%20Oriente%20de%20Coyhaique%20tendr%C3%A1%20conexi%C3%B3n%20el%C3%A9ctrica%20de%20forma%20transitoria&#038;url=https:\/\/radiorevelacionfm.cl\/?p=55901' aria-hidden='false' data-av_icon='\ue8f1' data-av_iconfont='entypo-fontello' title='' data-avia-related-tooltip='Compartir en Twitter' rel=\"noopener\"><span class='avia_hidden_link_text'>Compartir en Twitter<\/span><\/a><\/li><li class='av-share-link av-social-link-whatsapp' ><a target=\"_blank\" aria-label=\"Compartir en Whatsapp\" href='https:\/\/api.whatsapp.com\/send?text=https:\/\/radiorevelacionfm.cl\/?p=55901' aria-hidden='false' data-av_icon='\uf232' data-av_iconfont='entypo-fontello' title='' data-avia-related-tooltip='Compartir en Whatsapp' rel=\"noopener\"><span class='avia_hidden_link_text'>Compartir en Whatsapp<\/span><\/a><\/li><li class='av-share-link av-social-link-linkedin' ><a target=\"_blank\" aria-label=\"Compartir en LinkedIn\" href='https:\/\/linkedin.com\/shareArticle?mini=true&#038;title=Campamento%20Divisadero%20Oriente%20de%20Coyhaique%20tendr%C3%A1%20conexi%C3%B3n%20el%C3%A9ctrica%20de%20forma%20transitoria&#038;url=https:\/\/radiorevelacionfm.cl\/?p=55901' aria-hidden='false' data-av_icon='\ue8fc' data-av_iconfont='entypo-fontello' title='' data-avia-related-tooltip='Compartir en LinkedIn' rel=\"noopener\"><span class='avia_hidden_link_text'>Compartir en LinkedIn<\/span><\/a><\/li><li class='av-share-link av-social-link-mail' ><a  aria-label=\"Compartir por correo\" href='mailto:?subject=Campamento%20Divisadero%20Oriente%20de%20Coyhaique%20tendr%C3%A1%20conexi%C3%B3n%20el%C3%A9ctrica%20de%20forma%20transitoria&#038;body=https:\/\/radiorevelacionfm.cl\/?p=55901' aria-hidden='false' data-av_icon='\ue805' data-av_iconfont='entypo-fontello' title='' data-avia-related-tooltip='Compartir por correo'><span class='avia_hidden_link_text'>Compartir por correo<\/span><\/a><\/li><\/ul><\/div><\/div>\n<div  style='height:50px' class='hr hr-invisible   avia-builder-el-8  el_after_av_social_share  el_before_av_comments_list '><span class='hr-inner ' ><span class='hr-inner-style'><\/span><\/span><\/div>\n<div  class='av-buildercomment  av-blog-meta-html-info-disabled av-blog-meta-tag-disabled  '><\/div>\n","protected":false},"excerpt":{"rendered":"","protected":false},"author":1,"featured_media":55902,"comment_status":"closed","ping_status":"closed","sticky":false,"template":"","format":"standard","meta":{"footnotes":""},"categories":[38],"tags":[],"class_list":["post-55901","post","type-post","status-publish","format-standard","has-post-thumbnail","hentry","category-regional"],"jetpack_featured_media_url":"https:\/\/radiorevelacionfm.cl\/wp-content\/uploads\/2025\/06\/20250611_155314-1-1.jpg","_links":{"self":[{"href":"https:\/\/radiorevelacionfm.cl\/index.php?rest_route=\/wp\/v2\/posts\/55901","targetHints":{"allow":["GET"]}}],"collection":[{"href":"https:\/\/radiorevelacionfm.cl\/index.php?rest_route=\/wp\/v2\/posts"}],"about":[{"href":"https:\/\/radiorevelacionfm.cl\/index.php?rest_route=\/wp\/v2\/types\/post"}],"author":[{"embeddable":true,"href":"https:\/\/radiorevelacionfm.cl\/index.php?rest_route=\/wp\/v2\/users\/1"}],"replies":[{"embeddable":true,"href":"https:\/\/radiorevelacionfm.cl\/index.php?rest_route=%2Fwp%2Fv2%2Fcomments&post=55901"}],"version-history":[{"count":2,"href":"https:\/\/radiorevelacionfm.cl\/index.php?rest_route=\/wp\/v2\/posts\/55901\/revisions"}],"predecessor-version":[{"id":55907,"href":"https:\/\/radiorevelacionfm.cl\/index.php?rest_route=\/wp\/v2\/posts\/55901\/revisions\/55907"}],"wp:featuredmedia":[{"embeddable":true,"href":"https:\/\/radiorevelacionfm.cl\/index.php?rest_route=\/wp\/v2\/media\/55902"}],"wp:attachment":[{"href":"https:\/\/radiorevelacionfm.cl\/index.php?rest_route=%2Fwp%2Fv2%2Fmedia&parent=55901"}],"wp:term":[{"taxonomy":"category","embeddable":true,"href":"https:\/\/radiorevelacionfm.cl\/index.php?rest_route=%2Fwp%2Fv2%2Fcategories&post=55901"},{"taxonomy":"post_tag","embeddable":true,"href":"https:\/\/radiorevelacionfm.cl\/index.php?rest_route=%2Fwp%2Fv2%2Ftags&post=55901"}],"curies":[{"name":"wp","href":"https:\/\/api.w.org\/{rel}","templated":true}]}}