{"id":55897,"date":"2025-06-30T13:30:02","date_gmt":"2025-06-30T16:30:02","guid":{"rendered":"https:\/\/radiorevelacionfm.cl\/?p=55897"},"modified":"2025-06-30T13:30:02","modified_gmt":"2025-06-30T16:30:02","slug":"rupu-mawun-2025-se-consolida-como-hito-deportivo-bajo-temperaturas-extremas-y-con-historica-convocatoria-comunitaria","status":"publish","type":"post","link":"https:\/\/radiorevelacionfm.cl\/?p=55897","title":{"rendered":"Rupu Mawun 2025 se consolida como hito deportivo bajo temperaturas extremas y con hist\u00f3rica convocatoria comunitaria"},"content":{"rendered":"<div class=\"flex_column av_one_full  flex_column_div av-zero-column-padding first  avia-builder-el-0  el_before_av_one_full  avia-builder-el-first  \" style='border-radius:0px; '><div  class='avia-image-container  av-styling-    avia-builder-el-1  avia-builder-el-no-sibling  avia-align-center '  itemprop=\"image\" itemscope=\"itemscope\" itemtype=\"https:\/\/schema.org\/ImageObject\"  ><div class='avia-image-container-inner'><div class='avia-image-overlay-wrap'><img decoding=\"async\" class='wp-image-55898 avia-img-lazy-loading-not-55898 avia_image' src=\"https:\/\/radiorevelacionfm.cl\/wp-content\/uploads\/2025\/06\/felipecaballero_optimized.cl-129-1.jpg\" alt='' title='felipecaballero_optimized.cl-129-(1)' height=\"600\" width=\"900\"  itemprop=\"thumbnailUrl\" srcset=\"https:\/\/radiorevelacionfm.cl\/wp-content\/uploads\/2025\/06\/felipecaballero_optimized.cl-129-1.jpg 900w, https:\/\/radiorevelacionfm.cl\/wp-content\/uploads\/2025\/06\/felipecaballero_optimized.cl-129-1-300x200.jpg 300w, https:\/\/radiorevelacionfm.cl\/wp-content\/uploads\/2025\/06\/felipecaballero_optimized.cl-129-1-768x512.jpg 768w, https:\/\/radiorevelacionfm.cl\/wp-content\/uploads\/2025\/06\/felipecaballero_optimized.cl-129-1-705x470.jpg 705w, https:\/\/radiorevelacionfm.cl\/wp-content\/uploads\/2025\/06\/felipecaballero_optimized.cl-129-1-450x300.jpg 450w, https:\/\/radiorevelacionfm.cl\/wp-content\/uploads\/2025\/06\/felipecaballero_optimized.cl-129-1-600x400.jpg 600w\" sizes=\"(max-width: 900px) 100vw, 900px\" \/><\/div><\/div><\/div><\/div><div class=\"flex_column av_one_full  flex_column_div av-zero-column-padding first  avia-builder-el-2  el_after_av_one_full  el_before_av_one_full  column-top-margin\" style='border-radius:0px; '><section class=\"av_textblock_section \"  itemscope=\"itemscope\" itemtype=\"https:\/\/schema.org\/BlogPosting\" itemprop=\"blogPost\" ><div class='avia_textblock  '   itemprop=\"text\" ><p style=\"text-align: center;\"><span style=\"font-size: 18pt;\"><strong>Rupu Mawun 2025 se consolida como hito deportivo bajo temperaturas extremas y con hist\u00f3rica convocatoria comunitaria<\/strong><\/span><\/p>\n<div id=\"gtx-trans\" style=\"position: absolute; left: -50px; top: 4.31534px;\">\n<div class=\"gtx-trans-icon\"><\/div>\n<\/div>\n<\/div><\/section><\/div><div class=\"flex_column av_one_full  flex_column_div av-zero-column-padding first  avia-builder-el-4  el_after_av_one_full  el_before_av_hr  column-top-margin\" style='border-radius:0px; '><section class=\"av_textblock_section \"  itemscope=\"itemscope\" itemtype=\"https:\/\/schema.org\/BlogPosting\" itemprop=\"blogPost\" ><div class='avia_textblock  '   itemprop=\"text\" ><p style=\"text-align: justify;\">Con temperaturas que no superaron los cero grados, Bah\u00eda Acantilada recibi\u00f3 este s\u00e1bado a m\u00e1s de 90 ciclistas de diversas localidades de la regi\u00f3n de Ays\u00e9n, quienes desafiaron el clima invernal para ser parte de la tercera edici\u00f3n del Rupu Mawun. A pesar de las duras condiciones, la jornada se vivi\u00f3 con entusiasmo, esp\u00edritu deportivo y una participaci\u00f3n que confirm\u00f3 el creciente inter\u00e9s de la comunidad por el ciclismo.<\/p>\n<p style=\"text-align: justify;\">La ruta oficial del evento contempl\u00f3 un recorrido esc\u00e9nico y exigente: Partiendo desde el Centro Recreacional Bah\u00eda Acantilada, pasando por la Ruta X-520, luego bordeando el R\u00edo y Lago Los Palos v\u00eda Ruta X-528 , hasta llegar al Sector \u201cEl Tabo\u201d, con retorno por el mismo camino hasta el punto de partida. Cabe destacar que el Centro Recreacional Bah\u00eda Acantilada, punto de largada y llegada, es administrado por la Corporaci\u00f3n Municipal de Deportes y Recreaci\u00f3n de Ays\u00e9n, entidad que adem\u00e1s estuvo a cargo de la log\u00edstica general, el cronometraje electr\u00f3nico y el respaldo comunicacional, elementos claves para garantizar la seguridad, transparencia y visibilidad del evento.<\/p>\n<p style=\"text-align: justify;\">Familias, j\u00f3venes, clubes y nuevos talentos se sumaron a esta fiesta del deporte pedal, demostrando que en Ays\u00e9n no hay clima que enfr\u00ede las ganas de hacer comunidad, de encontrarse a trav\u00e9s del deporte y de posicionar a la comuna como un referente regional. Uno de los ejemplos m\u00e1s notables fue el del joven Tom\u00e1s Matus Alfaro, de tan solo 12 a\u00f1os, quien logr\u00f3 el segundo lugar en la categor\u00eda Juveniles 40K con un tiempo sobresaliente de 1 hora, 41 minutos y 8 segundos.<\/p>\n<p style=\"text-align: justify;\">\u201cHab\u00eda mucho fr\u00edo al principio, pero despu\u00e9s entr\u00e9 en ritmo. Me gusta mucho este deporte y me motiva ver a otros j\u00f3venes participando. Ojal\u00e1 m\u00e1s se animen, porque el ciclismo te ense\u00f1a y te hace parte de algo importante\u201d, expres\u00f3 Tom\u00e1s, una de las revelaciones del evento.<\/p>\n<p style=\"text-align: justify;\"><strong>Participaci\u00f3n femenina que inspira<\/strong><\/p>\n<p style=\"text-align: justify;\">Una vez m\u00e1s, las mujeres fueron protagonistas esenciales en el Rupu Mawun, demostrando que el ciclismo en Ays\u00e9n tambi\u00e9n avanza con fuerza en clave femenina. En la exigente categor\u00eda Damas 60K, el primer lugar fue para la experimentada ciclista Camila Andrade, quien cronometr\u00f3 2 horas, 23 minutos y 7 segundos en un circuito marcado por escarcha y temperatura bajo cero.<\/p>\n<p style=\"text-align: justify;\">\u201cLa carrera fue r\u00e1pida y dura, el fr\u00edo la hizo a\u00fan m\u00e1s desafiante. Hace dos a\u00f1os la corr\u00ed con lluvia y ahora con escarcha, as\u00ed que he vivido sus dos extremos. Lo que m\u00e1s valoro es ver c\u00f3mo el ciclismo crece en Ays\u00e9n, especialmente entre ni\u00f1as y j\u00f3venes. Estas competencias no solo promueven el deporte, tambi\u00e9n inspiran estilos de vida m\u00e1s sanos y activos\u201d, coment\u00f3 Andrade.<\/p>\n<p style=\"text-align: justify;\">El evento no solo destaca por su nivel competitivo, sino por su capacidad de integrar a mujeres, j\u00f3venes y familias, ampliando cada a\u00f1o su impacto comunitario.<\/p>\n<p style=\"text-align: justify;\"><strong>Jos\u00e9 Luis \u201cPipo\u201d Rodr\u00edguez: primer lugar, nueva casa y embajador deportivo<\/strong><\/p>\n<p style=\"text-align: justify;\">Entre los competidores, una figura destac\u00f3 por partida triple. Jos\u00e9 Luis \u201cPipo\u201d Rodr\u00edguez, reconocido ciclista nacional y miembro de la Selecci\u00f3n Chilena de Ciclismo, se qued\u00f3 con el primer lugar en la categor\u00eda Varones 60K, demostrando su alto nivel competitivo con un tiempo de 1 hora, 42 minutos y 49 segundos. Pero su presencia en Puerto Ays\u00e9n va mucho m\u00e1s all\u00e1 de la competencia.<\/p>\n<p style=\"text-align: justify;\">Desde julio, Jos\u00e9 Luis Rodr\u00edguez pasar\u00e1 a residir en la comuna de Ays\u00e9n, donde comenzar\u00e1 oficialmente su trabajo como Embajador Deportivo de la Corporaci\u00f3n Municipal de Deportes y Recreaci\u00f3n. Esta designaci\u00f3n, impulsada por el presidente de la corporaci\u00f3n y alcalde de la comuna, Luis Mart\u00ednez Gallardo, marca el inicio de un proyecto in\u00e9dito en el sur austral: poner al servicio de la comunidad a un deportista de alto rendimiento para formar, motivar y proyectar a nuevas generaciones desde Ays\u00e9n hacia el pa\u00eds y el mundo.<\/p>\n<p style=\"text-align: justify;\">\u201cFue una carrera maravillosa, con gran convocatoria. Estoy feliz de estar ac\u00e1, no solo como competidor, sino como parte del proyecto de crecimiento del ciclismo en Ays\u00e9n. Mi rol ser\u00e1 apoyar la formaci\u00f3n t\u00e9cnica de j\u00f3venes, desarrollar talleres en todo el territorio y representar a esta hermosa comuna en el alto rendimiento\u201d, indic\u00f3 Rodr\u00edguez, quien ya prepara su ciclo ol\u00edmpico hacia los Juegos de Los \u00c1ngeles 2028.<\/p>\n<p style=\"text-align: justify;\">Desde el Club de Ciclismo de Ays\u00e9n, su secretario Sebasti\u00e1n Steinmeyer celebr\u00f3 la llegada de Rodr\u00edguez como una oportunidad hist\u00f3rica:\u00a0 \u201cPipo nos ha acompa\u00f1ado desde la primera edici\u00f3n del Rupu Mawun, y ahora ser\u00e1 parte estable de nuestra comunidad. Entrenar\u00e1 a nuestros j\u00f3venes, compartir\u00e1 su experiencia y nos ayudar\u00e1 a crecer como club. Su presencia nos fortalece no solo en lo deportivo, sino en lo humano y formativo\u201d.<\/p>\n<p style=\"text-align: justify;\">Este trabajo estar\u00e1 adem\u00e1s respaldado por un fondo FNDR 8% que permitir\u00e1 financiar un proceso de entrenamiento competitivo para j\u00f3venes del club, con miras a los Juegos Escolares, la Araucan\u00eda y otros campeonatos regionales.<\/p>\n<p style=\"text-align: justify;\">Resultados oficiales \u2013 Rupu Mawun 2025<\/p>\n<p style=\"text-align: justify;\">Juveniles 40K<\/p>\n<ol style=\"text-align: justify;\">\n<li>Martino Schafer \u2013 01:30:38<\/li>\n<li>Tom\u00e1s Matus Alfaro\u00a0 \u2013 01:41:08<\/li>\n<li>Rodrigo Caidane V\u00e1squez \u2013 01:42:48<\/li>\n<\/ol>\n<p style=\"text-align: justify;\">Damas 40K<\/p>\n<ol style=\"text-align: justify;\">\n<li>Macarena Rivera Araneda \u2013 02:04:16<\/li>\n<li>Natalia Vergara \u2013 02:12:22<\/li>\n<li>Alejandra Henr\u00edquez Salda\u00f1a \u2013 02:15:05<\/li>\n<\/ol>\n<p style=\"text-align: justify;\">Varones 40K<\/p>\n<ol style=\"text-align: justify;\">\n<li>Juan Manuel Fern\u00e1ndez Real \u2013 01:30:39<\/li>\n<li>Richar D\u00edaz \u2013 01:37:37<\/li>\n<li>\u00c1lvaro Mu\u00f1oz \u2013 01:41:17<\/li>\n<\/ol>\n<p style=\"text-align: justify;\">Damas 60K<\/p>\n<ol style=\"text-align: justify;\">\n<li>Camila Andrade \u2013 02:23:07<\/li>\n<li>B\u00e1rbara Jara Subiabre \u2013 02:28:06<\/li>\n<li>Paulina Guzm\u00e1n \u2013 02:33:58<\/li>\n<\/ol>\n<p style=\"text-align: justify;\">Varones 60K<\/p>\n<ol>\n<li style=\"text-align: justify;\">Jos\u00e9 Luis Rodr\u00edguez \u2013 01:42:49<\/li>\n<li style=\"text-align: justify;\">Thomas Rodr\u00edguez Levin \u2013 01:48:22<\/li>\n<li style=\"text-align: justify;\">Claudio Gaete \u2013 01:56:12<\/li>\n<li style=\"text-align: justify;\">Francisco Rojas Torres \u2013 01:56:13<\/li>\n<\/ol>\n<\/div><\/section><\/div><div  style='height:50px' class='hr hr-invisible   avia-builder-el-6  el_after_av_one_full  el_before_av_social_share '><span class='hr-inner ' ><span class='hr-inner-style'><\/span><\/span><\/div><\/p>\n<div  class='av-social-sharing-box  avia-builder-el-7  el_after_av_hr  el_before_av_hr  '><div class='av-share-box'><h5 class='av-share-link-description av-no-toc '>Compartir esta noticia<\/h5><ul class='av-share-box-list noLightbox'><li class='av-share-link av-social-link-facebook' ><a target=\"_blank\" aria-label=\"Compartir en Facebook\" href='https:\/\/www.facebook.com\/sharer.php?u=https:\/\/radiorevelacionfm.cl\/?p=55897&#038;t=Rupu%20Mawun%202025%20se%20consolida%20como%20hito%20deportivo%20bajo%20temperaturas%20extremas%20y%20con%20hist%C3%B3rica%20convocatoria%20comunitaria' aria-hidden='false' data-av_icon='\ue8f3' data-av_iconfont='entypo-fontello' title='' data-avia-related-tooltip='Compartir en Facebook' rel=\"noopener\"><span class='avia_hidden_link_text'>Compartir en Facebook<\/span><\/a><\/li><li class='av-share-link av-social-link-twitter' ><a target=\"_blank\" aria-label=\"Compartir en Twitter\" href='https:\/\/twitter.com\/share?text=Rupu%20Mawun%202025%20se%20consolida%20como%20hito%20deportivo%20bajo%20temperaturas%20extremas%20y%20con%20hist%C3%B3rica%20convocatoria%20comunitaria&#038;url=https:\/\/radiorevelacionfm.cl\/?p=55897' aria-hidden='false' data-av_icon='\ue8f1' data-av_iconfont='entypo-fontello' title='' data-avia-related-tooltip='Compartir en Twitter' rel=\"noopener\"><span class='avia_hidden_link_text'>Compartir en Twitter<\/span><\/a><\/li><li class='av-share-link av-social-link-whatsapp' ><a target=\"_blank\" aria-label=\"Compartir en Whatsapp\" href='https:\/\/api.whatsapp.com\/send?text=https:\/\/radiorevelacionfm.cl\/?p=55897' aria-hidden='false' data-av_icon='\uf232' data-av_iconfont='entypo-fontello' title='' data-avia-related-tooltip='Compartir en Whatsapp' rel=\"noopener\"><span class='avia_hidden_link_text'>Compartir en Whatsapp<\/span><\/a><\/li><li class='av-share-link av-social-link-linkedin' ><a target=\"_blank\" aria-label=\"Compartir en LinkedIn\" href='https:\/\/linkedin.com\/shareArticle?mini=true&#038;title=Rupu%20Mawun%202025%20se%20consolida%20como%20hito%20deportivo%20bajo%20temperaturas%20extremas%20y%20con%20hist%C3%B3rica%20convocatoria%20comunitaria&#038;url=https:\/\/radiorevelacionfm.cl\/?p=55897' aria-hidden='false' data-av_icon='\ue8fc' data-av_iconfont='entypo-fontello' title='' data-avia-related-tooltip='Compartir en LinkedIn' rel=\"noopener\"><span class='avia_hidden_link_text'>Compartir en LinkedIn<\/span><\/a><\/li><li class='av-share-link av-social-link-mail' ><a  aria-label=\"Compartir por correo\" href='mailto:?subject=Rupu%20Mawun%202025%20se%20consolida%20como%20hito%20deportivo%20bajo%20temperaturas%20extremas%20y%20con%20hist%C3%B3rica%20convocatoria%20comunitaria&#038;body=https:\/\/radiorevelacionfm.cl\/?p=55897' aria-hidden='false' data-av_icon='\ue805' data-av_iconfont='entypo-fontello' title='' data-avia-related-tooltip='Compartir por correo'><span class='avia_hidden_link_text'>Compartir por correo<\/span><\/a><\/li><\/ul><\/div><\/div>\n<div  style='height:50px' class='hr hr-invisible   avia-builder-el-8  el_after_av_social_share  el_before_av_comments_list '><span class='hr-inner ' ><span class='hr-inner-style'><\/span><\/span><\/div>\n<div  class='av-buildercomment  av-blog-meta-html-info-disabled av-blog-meta-tag-disabled  '><\/div>\n","protected":false},"excerpt":{"rendered":"","protected":false},"author":1,"featured_media":55898,"comment_status":"closed","ping_status":"closed","sticky":false,"template":"","format":"standard","meta":{"footnotes":""},"categories":[40],"tags":[],"class_list":["post-55897","post","type-post","status-publish","format-standard","has-post-thumbnail","hentry","category-deportes"],"jetpack_featured_media_url":"https:\/\/radiorevelacionfm.cl\/wp-content\/uploads\/2025\/06\/felipecaballero_optimized.cl-129-1.jpg","_links":{"self":[{"href":"https:\/\/radiorevelacionfm.cl\/index.php?rest_route=\/wp\/v2\/posts\/55897","targetHints":{"allow":["GET"]}}],"collection":[{"href":"https:\/\/radiorevelacionfm.cl\/index.php?rest_route=\/wp\/v2\/posts"}],"about":[{"href":"https:\/\/radiorevelacionfm.cl\/index.php?rest_route=\/wp\/v2\/types\/post"}],"author":[{"embeddable":true,"href":"https:\/\/radiorevelacionfm.cl\/index.php?rest_route=\/wp\/v2\/users\/1"}],"replies":[{"embeddable":true,"href":"https:\/\/radiorevelacionfm.cl\/index.php?rest_route=%2Fwp%2Fv2%2Fcomments&post=55897"}],"version-history":[{"count":2,"href":"https:\/\/radiorevelacionfm.cl\/index.php?rest_route=\/wp\/v2\/posts\/55897\/revisions"}],"predecessor-version":[{"id":55900,"href":"https:\/\/radiorevelacionfm.cl\/index.php?rest_route=\/wp\/v2\/posts\/55897\/revisions\/55900"}],"wp:featuredmedia":[{"embeddable":true,"href":"https:\/\/radiorevelacionfm.cl\/index.php?rest_route=\/wp\/v2\/media\/55898"}],"wp:attachment":[{"href":"https:\/\/radiorevelacionfm.cl\/index.php?rest_route=%2Fwp%2Fv2%2Fmedia&parent=55897"}],"wp:term":[{"taxonomy":"category","embeddable":true,"href":"https:\/\/radiorevelacionfm.cl\/index.php?rest_route=%2Fwp%2Fv2%2Fcategories&post=55897"},{"taxonomy":"post_tag","embeddable":true,"href":"https:\/\/radiorevelacionfm.cl\/index.php?rest_route=%2Fwp%2Fv2%2Ftags&post=55897"}],"curies":[{"name":"wp","href":"https:\/\/api.w.org\/{rel}","templated":true}]}}