{"id":55894,"date":"2025-07-01T12:29:35","date_gmt":"2025-07-01T15:29:35","guid":{"rendered":"https:\/\/radiorevelacionfm.cl\/?p=55894"},"modified":"2025-07-01T12:29:35","modified_gmt":"2025-07-01T15:29:35","slug":"taller-abierto-invita-a-dialogar-sobre-capacidades-para-desarrollar-la-ciencia-tecnologia-e-innovacion-subantarticas-en-aysen-y-magallanes","status":"publish","type":"post","link":"https:\/\/radiorevelacionfm.cl\/?p=55894","title":{"rendered":"Taller abierto invita a dialogar sobre capacidades para desarrollar la ciencia, tecnolog\u00eda e innovaci\u00f3n subant\u00e1rticas en Ays\u00e9n y Magallanes"},"content":{"rendered":"<div class=\"flex_column av_one_full  flex_column_div av-zero-column-padding first  avia-builder-el-0  el_before_av_one_full  avia-builder-el-first  \" style='border-radius:0px; '><div  class='avia-image-container  av-styling-    avia-builder-el-1  avia-builder-el-no-sibling  avia-align-center '  itemprop=\"image\" itemscope=\"itemscope\" itemtype=\"https:\/\/schema.org\/ImageObject\"  ><div class='avia-image-container-inner'><div class='avia-image-overlay-wrap'><img decoding=\"async\" class='wp-image-55895 avia-img-lazy-loading-not-55895 avia_image' src=\"https:\/\/radiorevelacionfm.cl\/wp-content\/uploads\/2025\/06\/ciencia-en-terreno-3-1-1_optimized.jpg\" alt='' title='ciencia-en-terreno-3-(1)-(1)_optimized' height=\"600\" width=\"1067\"  itemprop=\"thumbnailUrl\" srcset=\"https:\/\/radiorevelacionfm.cl\/wp-content\/uploads\/2025\/06\/ciencia-en-terreno-3-1-1_optimized.jpg 1067w, https:\/\/radiorevelacionfm.cl\/wp-content\/uploads\/2025\/06\/ciencia-en-terreno-3-1-1_optimized-300x169.jpg 300w, https:\/\/radiorevelacionfm.cl\/wp-content\/uploads\/2025\/06\/ciencia-en-terreno-3-1-1_optimized-1030x579.jpg 1030w, https:\/\/radiorevelacionfm.cl\/wp-content\/uploads\/2025\/06\/ciencia-en-terreno-3-1-1_optimized-768x432.jpg 768w, https:\/\/radiorevelacionfm.cl\/wp-content\/uploads\/2025\/06\/ciencia-en-terreno-3-1-1_optimized-705x396.jpg 705w, https:\/\/radiorevelacionfm.cl\/wp-content\/uploads\/2025\/06\/ciencia-en-terreno-3-1-1_optimized-450x253.jpg 450w, https:\/\/radiorevelacionfm.cl\/wp-content\/uploads\/2025\/06\/ciencia-en-terreno-3-1-1_optimized-600x337.jpg 600w\" sizes=\"(max-width: 1067px) 100vw, 1067px\" \/><\/div><\/div><\/div><\/div><div class=\"flex_column av_one_full  flex_column_div av-zero-column-padding first  avia-builder-el-2  el_after_av_one_full  el_before_av_one_full  column-top-margin\" style='border-radius:0px; '><section class=\"av_textblock_section \"  itemscope=\"itemscope\" itemtype=\"https:\/\/schema.org\/BlogPosting\" itemprop=\"blogPost\" ><div class='avia_textblock  '   itemprop=\"text\" ><p style=\"text-align: center;\"><span style=\"font-size: 18pt;\"><strong>Taller abierto invita a dialogar sobre capacidades para desarrollar la ciencia, tecnolog\u00eda e innovaci\u00f3n subant\u00e1rticas en Ays\u00e9n y Magallanes<\/strong><\/span><\/p>\n<div id=\"gtx-trans\" style=\"position: absolute; left: -50px; top: 4.31534px;\">\n<div class=\"gtx-trans-icon\"><\/div>\n<\/div>\n<\/div><\/section><\/div><div class=\"flex_column av_one_full  flex_column_div av-zero-column-padding first  avia-builder-el-4  el_after_av_one_full  el_before_av_hr  column-top-margin\" style='border-radius:0px; '><section class=\"av_textblock_section \"  itemscope=\"itemscope\" itemtype=\"https:\/\/schema.org\/BlogPosting\" itemprop=\"blogPost\" ><div class='avia_textblock  '   itemprop=\"text\" ><p style=\"text-align: justify;\">Este mi\u00e9rcoles 2 de julio de 2025, entre las 18:00 y 20:00 horas v\u00eda Zoom, se realizar\u00e1 el Taller Online Abierto \u00abGiros Socioterritoriales en la CTCI Subant\u00e1rtica\u00bb, organizado por el Nodo Laboratorio Natural Subant\u00e1rtico. La actividad es gratuita y est\u00e1 dirigida a personas e instituciones interesadas en generar y aplicar conocimiento cient\u00edfico sobre las singularidades\u00a0 de la zona subant\u00e1rtica de Chile.<\/p>\n<p style=\"text-align: justify;\">En la jornada se presentar\u00e1n los principales hallazgos del Diagn\u00f3stico 2025, iniciativa liderada por el Nodo para conocer en profundidad las capacidades cient\u00edficas y tecnol\u00f3gicas presentes en los ecosistemas subant\u00e1rticos, as\u00ed como los desaf\u00edos y oportunidades para avanzar hacia una ciencia m\u00e1s conectada con las realidades locales.<\/p>\n<p style=\"text-align: justify;\">El encuentro contempla la revisi\u00f3n de l\u00edneas de investigaci\u00f3n, procesos de internacionalizaci\u00f3n y herramientas como el geoportal. \u00abEn este taller, que es el primero de una serie de talleres participativos que realizaremos como durante este a\u00f1o 2025, vamos a actualizarnos y poner en discusi\u00f3n las \u00e1reas y l\u00edneas de investigaci\u00f3n en las que se concreta el conocimiento subant\u00e1rtico. Est\u00e1 dirigido tanto a investigadores como a la sociedad en general, a servicios p\u00fablicos y tambi\u00e9n a actores privados que est\u00e9n interesados en la investigaci\u00f3n o la difusi\u00f3n del conocimiento que se desarrolla en las regiones de Ays\u00e9n y Magallanes con todas sus particularidades\u00bb, destac\u00f3 la Dra. Laura S\u00e1nchez Jard\u00f3n, directora del Nodo Laboratorio Natural Subant\u00e1rtico.<\/p>\n<p style=\"text-align: justify;\">Por su parte, Dr. Ronald Cancino, qui\u00e9n lidera este levantamiento de informaci\u00f3n, detall\u00f3 sobre la metodolog\u00eda del encuentro, \u00abvamos a discutir varias cosas, unas son formas de internacionalizaci\u00f3n de la ciencia subant\u00e1rtica que son interesantes de conocer, las l\u00edneas de investigaci\u00f3n que se vienen desarrollando, es muy importante que se conozcan porque tienen una relaci\u00f3n directa con especificidades territoriales, y eso es muy importante, y adem\u00e1s una forma espec\u00edfica de vinculaci\u00f3n de la ciencia subant\u00e1rtica que es la divulgaci\u00f3n de la ciencia, entonces nos interesa mucho mostrar esos resultados, discutirlos, recibir comentarios, levantar alguna idea, alguna iniciativa.<\/p>\n<p style=\"text-align: justify;\">Este taller representa una oportunidad concreta para aportar a una visi\u00f3n compartida sobre c\u00f3mo avanzar hacia una ciencia m\u00e1s conectada con el territorio, sus saberes y desaf\u00edos. Quienes deseen participar pueden inscribirse directamente en el siguiente enlace:<a href=\"https:\/\/forms.gle\/DtyoTmgk9b4jQWaE8\">\u00a0https:\/\/forms.gle\/DtyoTmgk9b4jQWaE8<\/a><\/p>\n<\/div><\/section><\/div><div  style='height:50px' class='hr hr-invisible   avia-builder-el-6  el_after_av_one_full  el_before_av_social_share '><span class='hr-inner ' ><span class='hr-inner-style'><\/span><\/span><\/div><\/p>\n<div  class='av-social-sharing-box  avia-builder-el-7  el_after_av_hr  el_before_av_hr  '><div class='av-share-box'><h5 class='av-share-link-description av-no-toc '>Compartir esta noticia<\/h5><ul class='av-share-box-list noLightbox'><li class='av-share-link av-social-link-facebook' ><a target=\"_blank\" aria-label=\"Compartir en Facebook\" href='https:\/\/www.facebook.com\/sharer.php?u=https:\/\/radiorevelacionfm.cl\/?p=55894&#038;t=Taller%20abierto%20invita%20a%20dialogar%20sobre%20capacidades%20para%20desarrollar%20la%20ciencia%2C%20tecnolog%C3%ADa%20e%20innovaci%C3%B3n%20subant%C3%A1rticas%20en%20Ays%C3%A9n%20y%20Magallanes' aria-hidden='false' data-av_icon='\ue8f3' data-av_iconfont='entypo-fontello' title='' data-avia-related-tooltip='Compartir en Facebook' rel=\"noopener\"><span class='avia_hidden_link_text'>Compartir en Facebook<\/span><\/a><\/li><li class='av-share-link av-social-link-twitter' ><a target=\"_blank\" aria-label=\"Compartir en Twitter\" href='https:\/\/twitter.com\/share?text=Taller%20abierto%20invita%20a%20dialogar%20sobre%20capacidades%20para%20desarrollar%20la%20ciencia%2C%20tecnolog%C3%ADa%20e%20innovaci%C3%B3n%20subant%C3%A1rticas%20en%20Ays%C3%A9n%20y%20Magallanes&#038;url=https:\/\/radiorevelacionfm.cl\/?p=55894' aria-hidden='false' data-av_icon='\ue8f1' data-av_iconfont='entypo-fontello' title='' data-avia-related-tooltip='Compartir en Twitter' rel=\"noopener\"><span class='avia_hidden_link_text'>Compartir en Twitter<\/span><\/a><\/li><li class='av-share-link av-social-link-whatsapp' ><a target=\"_blank\" aria-label=\"Compartir en Whatsapp\" href='https:\/\/api.whatsapp.com\/send?text=https:\/\/radiorevelacionfm.cl\/?p=55894' aria-hidden='false' data-av_icon='\uf232' data-av_iconfont='entypo-fontello' title='' data-avia-related-tooltip='Compartir en Whatsapp' rel=\"noopener\"><span class='avia_hidden_link_text'>Compartir en Whatsapp<\/span><\/a><\/li><li class='av-share-link av-social-link-linkedin' ><a target=\"_blank\" aria-label=\"Compartir en LinkedIn\" href='https:\/\/linkedin.com\/shareArticle?mini=true&#038;title=Taller%20abierto%20invita%20a%20dialogar%20sobre%20capacidades%20para%20desarrollar%20la%20ciencia%2C%20tecnolog%C3%ADa%20e%20innovaci%C3%B3n%20subant%C3%A1rticas%20en%20Ays%C3%A9n%20y%20Magallanes&#038;url=https:\/\/radiorevelacionfm.cl\/?p=55894' aria-hidden='false' data-av_icon='\ue8fc' data-av_iconfont='entypo-fontello' title='' data-avia-related-tooltip='Compartir en LinkedIn' rel=\"noopener\"><span class='avia_hidden_link_text'>Compartir en LinkedIn<\/span><\/a><\/li><li class='av-share-link av-social-link-mail' ><a  aria-label=\"Compartir por correo\" href='mailto:?subject=Taller%20abierto%20invita%20a%20dialogar%20sobre%20capacidades%20para%20desarrollar%20la%20ciencia%2C%20tecnolog%C3%ADa%20e%20innovaci%C3%B3n%20subant%C3%A1rticas%20en%20Ays%C3%A9n%20y%20Magallanes&#038;body=https:\/\/radiorevelacionfm.cl\/?p=55894' aria-hidden='false' data-av_icon='\ue805' data-av_iconfont='entypo-fontello' title='' data-avia-related-tooltip='Compartir por correo'><span class='avia_hidden_link_text'>Compartir por correo<\/span><\/a><\/li><\/ul><\/div><\/div>\n<div  style='height:50px' class='hr hr-invisible   avia-builder-el-8  el_after_av_social_share  el_before_av_comments_list '><span class='hr-inner ' ><span class='hr-inner-style'><\/span><\/span><\/div>\n<div  class='av-buildercomment  av-blog-meta-html-info-disabled av-blog-meta-tag-disabled  '><\/div>\n","protected":false},"excerpt":{"rendered":"","protected":false},"author":1,"featured_media":55895,"comment_status":"closed","ping_status":"closed","sticky":false,"template":"","format":"standard","meta":{"footnotes":""},"categories":[53],"tags":[],"class_list":["post-55894","post","type-post","status-publish","format-standard","has-post-thumbnail","hentry","category-ciencia"],"jetpack_featured_media_url":"https:\/\/radiorevelacionfm.cl\/wp-content\/uploads\/2025\/06\/ciencia-en-terreno-3-1-1_optimized.jpg","_links":{"self":[{"href":"https:\/\/radiorevelacionfm.cl\/index.php?rest_route=\/wp\/v2\/posts\/55894","targetHints":{"allow":["GET"]}}],"collection":[{"href":"https:\/\/radiorevelacionfm.cl\/index.php?rest_route=\/wp\/v2\/posts"}],"about":[{"href":"https:\/\/radiorevelacionfm.cl\/index.php?rest_route=\/wp\/v2\/types\/post"}],"author":[{"embeddable":true,"href":"https:\/\/radiorevelacionfm.cl\/index.php?rest_route=\/wp\/v2\/users\/1"}],"replies":[{"embeddable":true,"href":"https:\/\/radiorevelacionfm.cl\/index.php?rest_route=%2Fwp%2Fv2%2Fcomments&post=55894"}],"version-history":[{"count":2,"href":"https:\/\/radiorevelacionfm.cl\/index.php?rest_route=\/wp\/v2\/posts\/55894\/revisions"}],"predecessor-version":[{"id":55943,"href":"https:\/\/radiorevelacionfm.cl\/index.php?rest_route=\/wp\/v2\/posts\/55894\/revisions\/55943"}],"wp:featuredmedia":[{"embeddable":true,"href":"https:\/\/radiorevelacionfm.cl\/index.php?rest_route=\/wp\/v2\/media\/55895"}],"wp:attachment":[{"href":"https:\/\/radiorevelacionfm.cl\/index.php?rest_route=%2Fwp%2Fv2%2Fmedia&parent=55894"}],"wp:term":[{"taxonomy":"category","embeddable":true,"href":"https:\/\/radiorevelacionfm.cl\/index.php?rest_route=%2Fwp%2Fv2%2Fcategories&post=55894"},{"taxonomy":"post_tag","embeddable":true,"href":"https:\/\/radiorevelacionfm.cl\/index.php?rest_route=%2Fwp%2Fv2%2Ftags&post=55894"}],"curies":[{"name":"wp","href":"https:\/\/api.w.org\/{rel}","templated":true}]}}