{"id":55890,"date":"2025-06-30T12:11:52","date_gmt":"2025-06-30T15:11:52","guid":{"rendered":"https:\/\/radiorevelacionfm.cl\/?p=55890"},"modified":"2025-06-30T12:11:52","modified_gmt":"2025-06-30T15:11:52","slug":"la-tasa-de-desocupacion-en-la-region-de-aysen-fue-43-en-el-trimestre-marzo-mayo-2025","status":"publish","type":"post","link":"https:\/\/radiorevelacionfm.cl\/?p=55890","title":{"rendered":"La tasa de desocupaci\u00f3n en la Regi\u00f3n de Ays\u00e9n fue 4,3% en el trimestre marzo-mayo 2025"},"content":{"rendered":"<div class=\"flex_column av_one_full  flex_column_div av-zero-column-padding first  avia-builder-el-0  el_before_av_one_full  avia-builder-el-first  \" style='border-radius:0px; '><div  class='avia-image-container  av-styling-    avia-builder-el-1  avia-builder-el-no-sibling  avia-align-center '  itemprop=\"image\" itemscope=\"itemscope\" itemtype=\"https:\/\/schema.org\/ImageObject\"  ><div class='avia-image-container-inner'><div class='avia-image-overlay-wrap'><img decoding=\"async\" class='wp-image-33930 avia-img-lazy-loading-not-33930 avia_image' src=\"https:\/\/radiorevelacionfm.cl\/wp-content\/uploads\/2023\/08\/Trabajadores-en-obra-1-1.jpg\" alt='' title='Trabajadores en obra (1) (1)' height=\"600\" width=\"920\"  itemprop=\"thumbnailUrl\" srcset=\"https:\/\/radiorevelacionfm.cl\/wp-content\/uploads\/2023\/08\/Trabajadores-en-obra-1-1.jpg 920w, https:\/\/radiorevelacionfm.cl\/wp-content\/uploads\/2023\/08\/Trabajadores-en-obra-1-1-300x196.jpg 300w, https:\/\/radiorevelacionfm.cl\/wp-content\/uploads\/2023\/08\/Trabajadores-en-obra-1-1-768x501.jpg 768w, https:\/\/radiorevelacionfm.cl\/wp-content\/uploads\/2023\/08\/Trabajadores-en-obra-1-1-705x460.jpg 705w, https:\/\/radiorevelacionfm.cl\/wp-content\/uploads\/2023\/08\/Trabajadores-en-obra-1-1-450x293.jpg 450w, https:\/\/radiorevelacionfm.cl\/wp-content\/uploads\/2023\/08\/Trabajadores-en-obra-1-1-600x391.jpg 600w\" sizes=\"(max-width: 920px) 100vw, 920px\" \/><\/div><\/div><\/div><\/div><div class=\"flex_column av_one_full  flex_column_div av-zero-column-padding first  avia-builder-el-2  el_after_av_one_full  el_before_av_one_full  column-top-margin\" style='border-radius:0px; '><section class=\"av_textblock_section \"  itemscope=\"itemscope\" itemtype=\"https:\/\/schema.org\/BlogPosting\" itemprop=\"blogPost\" ><div class='avia_textblock  '   itemprop=\"text\" ><p style=\"text-align: center;\"><span style=\"font-size: 18pt;\"><b>La tasa de desocupaci\u00f3n en la Regi\u00f3n de Ays\u00e9n fue 4,3% en el trimestre\u00a0marzo-mayo 2025<\/b><\/span><\/p>\n<div id=\"gtx-trans\" style=\"position: absolute; left: -50px; top: 4.31534px;\">\n<div class=\"gtx-trans-icon\"><\/div>\n<\/div>\n<\/div><\/section><\/div><div class=\"flex_column av_one_full  flex_column_div av-zero-column-padding first  avia-builder-el-4  el_after_av_one_full  el_before_av_hr  column-top-margin\" style='border-radius:0px; '><section class=\"av_textblock_section \"  itemscope=\"itemscope\" itemtype=\"https:\/\/schema.org\/BlogPosting\" itemprop=\"blogPost\" ><div class='avia_textblock  '   itemprop=\"text\" ><p style=\"text-align: justify;\"><em>En doce meses se registr\u00f3 un descenso de 0,9 puntos porcentuales (pp.), explicado por el alza de la fuerza de trabajo (2,2%), menor a la presentada por las personas ocupadas (3,2%).<\/em><\/p>\n<p style=\"text-align: justify;\">En 4,3% se ubic\u00f3 la tasa de desocupaci\u00f3n en la Regi\u00f3n de Ays\u00e9n durante el trimestre marzo &#8211; mayo 2025 (MAM 2025), de acuerdo con la informaci\u00f3n entregada por la Encuesta Nacional de Empleo (ENE), elaborada por el Instituto Nacional de Estad\u00edsticas de Chile (INE).<\/p>\n<p style=\"text-align: justify;\">La cifra signific\u00f3 un descenso de 0,9 pp. en doce meses, debido a que el alza de la fuerza de trabajo (2,2%) fue menor a la presentada por las personas ocupadas (3,2%).<\/p>\n<p style=\"text-align: justify;\">Respecto al mismo periodo del a\u00f1o anterior, las tasas de participaci\u00f3n y de ocupaci\u00f3n se situaron en 71,7% y 68,6%, creciendo 1,0 pp. y 1,6 pp., respectivamente. Por otra parte, la poblaci\u00f3n fuera de la fuerza de trabajo disminuy\u00f3 2,7%, influida por la poblaci\u00f3n inactiva habitual (-9,5%).<\/p>\n<p style=\"text-align: justify;\">En las mujeres, la tasa de desocupaci\u00f3n se situ\u00f3 en 5,9%, con un incremento de 1,3 pp. en doce meses; mientras que, en los hombres, la tasa de desocupaci\u00f3n fue 3,0%, con una disminuci\u00f3n de 2,7 pp. en el mismo per\u00edodo.<\/p>\n<p style=\"text-align: justify;\"><strong>Alza de personas ocupadas\u00a0 \u00a0<\/strong><\/p>\n<p style=\"text-align: justify;\">En doce meses, la estimaci\u00f3n del total de personas ocupadas experiment\u00f3 un crecimiento de 3,2%, incidido tanto por los hombres (4,3%) como por las mujeres (1,8%).<\/p>\n<p style=\"text-align: justify;\">Por categor\u00eda ocupacional, el alza se observ\u00f3 \u00a0principalmente en personas asalariadas formales (5,5%) y trabajadoras por cuenta propia (8,4%).<\/p>\n<p style=\"text-align: justify;\"><strong>Informalidad<\/strong><\/p>\n<p style=\"text-align: justify;\">La tasa de ocupaci\u00f3n informal se ubic\u00f3 en 30,2%, con una baja de 2,2 pp. en un a\u00f1o. Las personas ocupadas informales disminuyeron 3,8%, incididas por hombres (-9,4%).<\/p>\n<\/div><\/section><\/div><div  style='height:50px' class='hr hr-invisible   avia-builder-el-6  el_after_av_one_full  el_before_av_social_share '><span class='hr-inner ' ><span class='hr-inner-style'><\/span><\/span><\/div><\/p>\n<div  class='av-social-sharing-box  avia-builder-el-7  el_after_av_hr  el_before_av_hr  '><div class='av-share-box'><h5 class='av-share-link-description av-no-toc '>Compartir esta noticia<\/h5><ul class='av-share-box-list noLightbox'><li class='av-share-link av-social-link-facebook' ><a target=\"_blank\" aria-label=\"Compartir en Facebook\" href='https:\/\/www.facebook.com\/sharer.php?u=https:\/\/radiorevelacionfm.cl\/?p=55890&#038;t=La%20tasa%20de%20desocupaci%C3%B3n%20en%20la%20Regi%C3%B3n%20de%20Ays%C3%A9n%20fue%204%2C3%25%20en%20el%20trimestre%20marzo-mayo%202025' aria-hidden='false' data-av_icon='\ue8f3' data-av_iconfont='entypo-fontello' title='' data-avia-related-tooltip='Compartir en Facebook' rel=\"noopener\"><span class='avia_hidden_link_text'>Compartir en Facebook<\/span><\/a><\/li><li class='av-share-link av-social-link-twitter' ><a target=\"_blank\" aria-label=\"Compartir en Twitter\" href='https:\/\/twitter.com\/share?text=La%20tasa%20de%20desocupaci%C3%B3n%20en%20la%20Regi%C3%B3n%20de%20Ays%C3%A9n%20fue%204%2C3%25%20en%20el%20trimestre%20marzo-mayo%202025&#038;url=https:\/\/radiorevelacionfm.cl\/?p=55890' aria-hidden='false' data-av_icon='\ue8f1' data-av_iconfont='entypo-fontello' title='' data-avia-related-tooltip='Compartir en Twitter' rel=\"noopener\"><span class='avia_hidden_link_text'>Compartir en Twitter<\/span><\/a><\/li><li class='av-share-link av-social-link-whatsapp' ><a target=\"_blank\" aria-label=\"Compartir en Whatsapp\" href='https:\/\/api.whatsapp.com\/send?text=https:\/\/radiorevelacionfm.cl\/?p=55890' aria-hidden='false' data-av_icon='\uf232' data-av_iconfont='entypo-fontello' title='' data-avia-related-tooltip='Compartir en Whatsapp' rel=\"noopener\"><span class='avia_hidden_link_text'>Compartir en Whatsapp<\/span><\/a><\/li><li class='av-share-link av-social-link-linkedin' ><a target=\"_blank\" aria-label=\"Compartir en LinkedIn\" href='https:\/\/linkedin.com\/shareArticle?mini=true&#038;title=La%20tasa%20de%20desocupaci%C3%B3n%20en%20la%20Regi%C3%B3n%20de%20Ays%C3%A9n%20fue%204%2C3%25%20en%20el%20trimestre%20marzo-mayo%202025&#038;url=https:\/\/radiorevelacionfm.cl\/?p=55890' aria-hidden='false' data-av_icon='\ue8fc' data-av_iconfont='entypo-fontello' title='' data-avia-related-tooltip='Compartir en LinkedIn' rel=\"noopener\"><span class='avia_hidden_link_text'>Compartir en LinkedIn<\/span><\/a><\/li><li class='av-share-link av-social-link-mail' ><a  aria-label=\"Compartir por correo\" href='mailto:?subject=La%20tasa%20de%20desocupaci%C3%B3n%20en%20la%20Regi%C3%B3n%20de%20Ays%C3%A9n%20fue%204%2C3%25%20en%20el%20trimestre%20marzo-mayo%202025&#038;body=https:\/\/radiorevelacionfm.cl\/?p=55890' aria-hidden='false' data-av_icon='\ue805' data-av_iconfont='entypo-fontello' title='' data-avia-related-tooltip='Compartir por correo'><span class='avia_hidden_link_text'>Compartir por correo<\/span><\/a><\/li><\/ul><\/div><\/div>\n<div  style='height:50px' class='hr hr-invisible   avia-builder-el-8  el_after_av_social_share  el_before_av_comments_list '><span class='hr-inner ' ><span class='hr-inner-style'><\/span><\/span><\/div>\n<div  class='av-buildercomment  av-blog-meta-html-info-disabled av-blog-meta-tag-disabled  '><\/div>\n","protected":false},"excerpt":{"rendered":"","protected":false},"author":1,"featured_media":33930,"comment_status":"closed","ping_status":"closed","sticky":false,"template":"","format":"standard","meta":{"footnotes":""},"categories":[38],"tags":[],"class_list":["post-55890","post","type-post","status-publish","format-standard","has-post-thumbnail","hentry","category-regional"],"jetpack_featured_media_url":"https:\/\/radiorevelacionfm.cl\/wp-content\/uploads\/2023\/08\/Trabajadores-en-obra-1-1.jpg","_links":{"self":[{"href":"https:\/\/radiorevelacionfm.cl\/index.php?rest_route=\/wp\/v2\/posts\/55890","targetHints":{"allow":["GET"]}}],"collection":[{"href":"https:\/\/radiorevelacionfm.cl\/index.php?rest_route=\/wp\/v2\/posts"}],"about":[{"href":"https:\/\/radiorevelacionfm.cl\/index.php?rest_route=\/wp\/v2\/types\/post"}],"author":[{"embeddable":true,"href":"https:\/\/radiorevelacionfm.cl\/index.php?rest_route=\/wp\/v2\/users\/1"}],"replies":[{"embeddable":true,"href":"https:\/\/radiorevelacionfm.cl\/index.php?rest_route=%2Fwp%2Fv2%2Fcomments&post=55890"}],"version-history":[{"count":2,"href":"https:\/\/radiorevelacionfm.cl\/index.php?rest_route=\/wp\/v2\/posts\/55890\/revisions"}],"predecessor-version":[{"id":55893,"href":"https:\/\/radiorevelacionfm.cl\/index.php?rest_route=\/wp\/v2\/posts\/55890\/revisions\/55893"}],"wp:featuredmedia":[{"embeddable":true,"href":"https:\/\/radiorevelacionfm.cl\/index.php?rest_route=\/wp\/v2\/media\/33930"}],"wp:attachment":[{"href":"https:\/\/radiorevelacionfm.cl\/index.php?rest_route=%2Fwp%2Fv2%2Fmedia&parent=55890"}],"wp:term":[{"taxonomy":"category","embeddable":true,"href":"https:\/\/radiorevelacionfm.cl\/index.php?rest_route=%2Fwp%2Fv2%2Fcategories&post=55890"},{"taxonomy":"post_tag","embeddable":true,"href":"https:\/\/radiorevelacionfm.cl\/index.php?rest_route=%2Fwp%2Fv2%2Ftags&post=55890"}],"curies":[{"name":"wp","href":"https:\/\/api.w.org\/{rel}","templated":true}]}}