{"id":55887,"date":"2025-06-30T11:54:08","date_gmt":"2025-06-30T14:54:08","guid":{"rendered":"https:\/\/radiorevelacionfm.cl\/?p=55887"},"modified":"2025-06-30T11:54:08","modified_gmt":"2025-06-30T14:54:08","slug":"condenan-a-12-anos-de-presidio-a-autor-de-homicidio-ocurrido-en-centro-de-eventos-quilantal","status":"publish","type":"post","link":"https:\/\/radiorevelacionfm.cl\/?p=55887","title":{"rendered":"Condenan a 12 a\u00f1os de presidio a autor de homicidio ocurrido en centro de eventos Quilantal"},"content":{"rendered":"<div class=\"flex_column av_one_full  flex_column_div av-zero-column-padding first  avia-builder-el-0  el_before_av_one_full  avia-builder-el-first  \" style='border-radius:0px; '><div  class='avia-image-container  av-styling-    avia-builder-el-1  avia-builder-el-no-sibling  avia-align-center '  itemprop=\"image\" itemscope=\"itemscope\" itemtype=\"https:\/\/schema.org\/ImageObject\"  ><div class='avia-image-container-inner'><div class='avia-image-overlay-wrap'><img decoding=\"async\" class='wp-image-41886 avia-img-lazy-loading-not-41886 avia_image' src=\"https:\/\/radiorevelacionfm.cl\/wp-content\/uploads\/2024\/05\/gmwgvgexiaaxmti-1_optimized-1.jpg\" alt='' title='gmwgvgexiaaxmti-(1)_optimized (1)' height=\"600\" width=\"1039\"  itemprop=\"thumbnailUrl\" srcset=\"https:\/\/radiorevelacionfm.cl\/wp-content\/uploads\/2024\/05\/gmwgvgexiaaxmti-1_optimized-1.jpg 1039w, https:\/\/radiorevelacionfm.cl\/wp-content\/uploads\/2024\/05\/gmwgvgexiaaxmti-1_optimized-1-300x173.jpg 300w, https:\/\/radiorevelacionfm.cl\/wp-content\/uploads\/2024\/05\/gmwgvgexiaaxmti-1_optimized-1-1030x595.jpg 1030w, https:\/\/radiorevelacionfm.cl\/wp-content\/uploads\/2024\/05\/gmwgvgexiaaxmti-1_optimized-1-768x444.jpg 768w, https:\/\/radiorevelacionfm.cl\/wp-content\/uploads\/2024\/05\/gmwgvgexiaaxmti-1_optimized-1-705x407.jpg 705w, https:\/\/radiorevelacionfm.cl\/wp-content\/uploads\/2024\/05\/gmwgvgexiaaxmti-1_optimized-1-450x260.jpg 450w, https:\/\/radiorevelacionfm.cl\/wp-content\/uploads\/2024\/05\/gmwgvgexiaaxmti-1_optimized-1-600x346.jpg 600w\" sizes=\"(max-width: 1039px) 100vw, 1039px\" \/><\/div><\/div><\/div><\/div><div class=\"flex_column av_one_full  flex_column_div av-zero-column-padding first  avia-builder-el-2  el_after_av_one_full  el_before_av_one_full  column-top-margin\" style='border-radius:0px; '><section class=\"av_textblock_section \"  itemscope=\"itemscope\" itemtype=\"https:\/\/schema.org\/BlogPosting\" itemprop=\"blogPost\" ><div class='avia_textblock  '   itemprop=\"text\" ><p style=\"text-align: center;\"><strong><span style=\"font-size: 18pt;\">Condenan a 12 a\u00f1os de presidio a autor de homicidio ocurrido en centro de eventos Quilantal<\/span><\/strong><\/p>\n<div id=\"gtx-trans\" style=\"position: absolute; left: -50px; top: 4.31534px;\">\n<div class=\"gtx-trans-icon\"><\/div>\n<\/div>\n<\/div><\/section><\/div><div class=\"flex_column av_one_full  flex_column_div av-zero-column-padding first  avia-builder-el-4  el_after_av_one_full  el_before_av_hr  column-top-margin\" style='border-radius:0px; '><section class=\"av_textblock_section \"  itemscope=\"itemscope\" itemtype=\"https:\/\/schema.org\/BlogPosting\" itemprop=\"blogPost\" ><div class='avia_textblock  '   itemprop=\"text\" ><div>\n<p class=\"v1MsoNormal\" style=\"text-align: justify;\">El Tribunal de Juicio Oral en lo Penal de Coyhaique conden\u00f3 a Jos\u00e9 Luis Caniull\u00e1n Saldivia a la pena de cumplimiento efectivo de 12 a\u00f1os\u00a0de presidio, m\u00e1s las accesorias legales de inhabilitaci\u00f3n absoluta perpetua para cargos y oficios p\u00fablicos y derechos pol\u00edticos y la inhabilitaci\u00f3n absoluta para profesiones titulares mientras dure la condena, en calidad de autor del delito consumado de homicidio simple. Il\u00edcito perpetrado en mayo del a\u00f1o pasado, en la ciudad.<\/p>\n<p class=\"v1MsoNormal\" style=\"text-align: justify;\">En fallo un\u00e1nime (causa rol 18-2025), el tribunal \u2013integrado por los magistrados Rosal\u00eda Mansilla Quiroz (presidenta), Pablo Freire Gavil\u00e1n y Patricio Z\u00fa\u00f1iga Valenzuela (redactor)\u2013 conden\u00f3 al acusado C\u00e9sar Gonzalo Tranamil Tipaina a 5 a\u00f1os y un d\u00eda de presidio y accesorias de inhabilitaci\u00f3n absoluta perpetua para cargos y oficios p\u00fablicos y derechos pol\u00edticos y la inhabilitaci\u00f3n absoluta para profesiones titulares mientras dure la condena, como c\u00f3mplice del delito.<\/p>\n<p class=\"v1MsoNormal\" style=\"text-align: justify;\">Una vez que el fallo quede ejecutoriado, el tribunal dispuso que se proceda a la toma de muestras biol\u00f3gicas de los sentenciados para determinar\u00a0sus respectivas huellas gen\u00e9ticas\u00a0e incorporaci\u00f3n en el registro nacional de ADN de condenados. Adem\u00e1s, se orden\u00f3 el comiso y destrucci\u00f3n de las especies incautadas en el procedimiento.<\/p>\n<p class=\"v1MsoNormal\" style=\"text-align: justify;\">El tribunal dio por acreditado, que en horas de la madrugada del 4 de mayo de 2024, Caniull\u00e1n Saldivia y Tranamil Tipaina se encontraban compartiendo y bebiendo bebidas alcoh\u00f3licas en el sal\u00f3n de eventos Quilantal, de la comuna de Coyhaique.<\/p>\n<p class=\"v1MsoNormal\" style=\"text-align: justify;\">En una mesa contigua, se encontraba la v\u00edctima, Jorge Alejandro Becerra P\u00e9rez, quien comenz\u00f3 a insultar y realizar gestos obscenos a los condenados, gener\u00e1ndose un altercado, en medio del cual la v\u00edctima golpe\u00f3 a Caniull\u00e1n Saldivia y le lanz\u00f3 una silla, quien respondi\u00f3 sacando un arma blanca. En medio del enfrentamiento, Tranamil Tipaina empuj\u00f3 a Becerra P\u00e9rez, lo que aprovech\u00f3 Caniull\u00e1n Saldivia para apu\u00f1alarlo. La v\u00edctima intent\u00f3 escapar, pero fue alcanzado y agredido en reiteradas ocasiones por Caniull\u00e1n Saldivia con el arma blanca.<\/p>\n<p class=\"v1MsoNormal\" style=\"text-align: justify;\">Becerra P\u00e9rez falleci\u00f3 en el lugar, pese a recibir atenci\u00f3n m\u00e9dica, por un shock hemorr\u00e1gico causado por m\u00faltiples heridas cortantes.<\/p>\n<p class=\"v1MsoNormal\" style=\"text-align: justify;\">\n<\/div>\n<div style=\"text-align: justify;\"><\/div>\n<\/div><\/section><\/div><div  style='height:50px' class='hr hr-invisible   avia-builder-el-6  el_after_av_one_full  el_before_av_social_share '><span class='hr-inner ' ><span class='hr-inner-style'><\/span><\/span><\/div><\/p>\n<div  class='av-social-sharing-box  avia-builder-el-7  el_after_av_hr  el_before_av_hr  '><div class='av-share-box'><h5 class='av-share-link-description av-no-toc '>Compartir esta noticia<\/h5><ul class='av-share-box-list noLightbox'><li class='av-share-link av-social-link-facebook' ><a target=\"_blank\" aria-label=\"Compartir en Facebook\" href='https:\/\/www.facebook.com\/sharer.php?u=https:\/\/radiorevelacionfm.cl\/?p=55887&#038;t=Condenan%20a%2012%20a%C3%B1os%20de%20presidio%20a%20autor%20de%20homicidio%20ocurrido%20en%20centro%20de%20eventos%20Quilantal' aria-hidden='false' data-av_icon='\ue8f3' data-av_iconfont='entypo-fontello' title='' data-avia-related-tooltip='Compartir en Facebook' rel=\"noopener\"><span class='avia_hidden_link_text'>Compartir en Facebook<\/span><\/a><\/li><li class='av-share-link av-social-link-twitter' ><a target=\"_blank\" aria-label=\"Compartir en Twitter\" href='https:\/\/twitter.com\/share?text=Condenan%20a%2012%20a%C3%B1os%20de%20presidio%20a%20autor%20de%20homicidio%20ocurrido%20en%20centro%20de%20eventos%20Quilantal&#038;url=https:\/\/radiorevelacionfm.cl\/?p=55887' aria-hidden='false' data-av_icon='\ue8f1' data-av_iconfont='entypo-fontello' title='' data-avia-related-tooltip='Compartir en Twitter' rel=\"noopener\"><span class='avia_hidden_link_text'>Compartir en Twitter<\/span><\/a><\/li><li class='av-share-link av-social-link-whatsapp' ><a target=\"_blank\" aria-label=\"Compartir en Whatsapp\" href='https:\/\/api.whatsapp.com\/send?text=https:\/\/radiorevelacionfm.cl\/?p=55887' aria-hidden='false' data-av_icon='\uf232' data-av_iconfont='entypo-fontello' title='' data-avia-related-tooltip='Compartir en Whatsapp' rel=\"noopener\"><span class='avia_hidden_link_text'>Compartir en Whatsapp<\/span><\/a><\/li><li class='av-share-link av-social-link-linkedin' ><a target=\"_blank\" aria-label=\"Compartir en LinkedIn\" href='https:\/\/linkedin.com\/shareArticle?mini=true&#038;title=Condenan%20a%2012%20a%C3%B1os%20de%20presidio%20a%20autor%20de%20homicidio%20ocurrido%20en%20centro%20de%20eventos%20Quilantal&#038;url=https:\/\/radiorevelacionfm.cl\/?p=55887' aria-hidden='false' data-av_icon='\ue8fc' data-av_iconfont='entypo-fontello' title='' data-avia-related-tooltip='Compartir en LinkedIn' rel=\"noopener\"><span class='avia_hidden_link_text'>Compartir en LinkedIn<\/span><\/a><\/li><li class='av-share-link av-social-link-mail' ><a  aria-label=\"Compartir por correo\" href='mailto:?subject=Condenan%20a%2012%20a%C3%B1os%20de%20presidio%20a%20autor%20de%20homicidio%20ocurrido%20en%20centro%20de%20eventos%20Quilantal&#038;body=https:\/\/radiorevelacionfm.cl\/?p=55887' aria-hidden='false' data-av_icon='\ue805' data-av_iconfont='entypo-fontello' title='' data-avia-related-tooltip='Compartir por correo'><span class='avia_hidden_link_text'>Compartir por correo<\/span><\/a><\/li><\/ul><\/div><\/div>\n<div  style='height:50px' class='hr hr-invisible   avia-builder-el-8  el_after_av_social_share  el_before_av_comments_list '><span class='hr-inner ' ><span class='hr-inner-style'><\/span><\/span><\/div>\n<div  class='av-buildercomment  av-blog-meta-html-info-disabled av-blog-meta-tag-disabled  '><\/div>\n","protected":false},"excerpt":{"rendered":"","protected":false},"author":1,"featured_media":41886,"comment_status":"closed","ping_status":"closed","sticky":false,"template":"","format":"standard","meta":{"footnotes":""},"categories":[55],"tags":[],"class_list":["post-55887","post","type-post","status-publish","format-standard","has-post-thumbnail","hentry","category-justicia"],"jetpack_featured_media_url":"https:\/\/radiorevelacionfm.cl\/wp-content\/uploads\/2024\/05\/gmwgvgexiaaxmti-1_optimized-1.jpg","_links":{"self":[{"href":"https:\/\/radiorevelacionfm.cl\/index.php?rest_route=\/wp\/v2\/posts\/55887","targetHints":{"allow":["GET"]}}],"collection":[{"href":"https:\/\/radiorevelacionfm.cl\/index.php?rest_route=\/wp\/v2\/posts"}],"about":[{"href":"https:\/\/radiorevelacionfm.cl\/index.php?rest_route=\/wp\/v2\/types\/post"}],"author":[{"embeddable":true,"href":"https:\/\/radiorevelacionfm.cl\/index.php?rest_route=\/wp\/v2\/users\/1"}],"replies":[{"embeddable":true,"href":"https:\/\/radiorevelacionfm.cl\/index.php?rest_route=%2Fwp%2Fv2%2Fcomments&post=55887"}],"version-history":[{"count":2,"href":"https:\/\/radiorevelacionfm.cl\/index.php?rest_route=\/wp\/v2\/posts\/55887\/revisions"}],"predecessor-version":[{"id":55889,"href":"https:\/\/radiorevelacionfm.cl\/index.php?rest_route=\/wp\/v2\/posts\/55887\/revisions\/55889"}],"wp:featuredmedia":[{"embeddable":true,"href":"https:\/\/radiorevelacionfm.cl\/index.php?rest_route=\/wp\/v2\/media\/41886"}],"wp:attachment":[{"href":"https:\/\/radiorevelacionfm.cl\/index.php?rest_route=%2Fwp%2Fv2%2Fmedia&parent=55887"}],"wp:term":[{"taxonomy":"category","embeddable":true,"href":"https:\/\/radiorevelacionfm.cl\/index.php?rest_route=%2Fwp%2Fv2%2Fcategories&post=55887"},{"taxonomy":"post_tag","embeddable":true,"href":"https:\/\/radiorevelacionfm.cl\/index.php?rest_route=%2Fwp%2Fv2%2Ftags&post=55887"}],"curies":[{"name":"wp","href":"https:\/\/api.w.org\/{rel}","templated":true}]}}