{"id":55882,"date":"2025-06-30T10:21:33","date_gmt":"2025-06-30T13:21:33","guid":{"rendered":"https:\/\/radiorevelacionfm.cl\/?p=55882"},"modified":"2025-06-30T10:21:33","modified_gmt":"2025-06-30T13:21:33","slug":"carteras-del-trabajo-y-de-justicia-llaman-a-pensionados-por-leyes-de-reparacion-a-solicitar-su-pgu","status":"publish","type":"post","link":"https:\/\/radiorevelacionfm.cl\/?p=55882","title":{"rendered":"Carteras del Trabajo y de Justicia llaman a pensionados por leyes de reparaci\u00f3n a solicitar su PGU"},"content":{"rendered":"<div class=\"flex_column av_one_full  flex_column_div av-zero-column-padding first  avia-builder-el-0  el_before_av_one_full  avia-builder-el-first  \" style='border-radius:0px; '><div  class='avia-image-container  av-styling-    avia-builder-el-1  avia-builder-el-no-sibling  avia-align-center '  itemprop=\"image\" itemscope=\"itemscope\" itemtype=\"https:\/\/schema.org\/ImageObject\"  ><div class='avia-image-container-inner'><div class='avia-image-overlay-wrap'><img decoding=\"async\" class='wp-image-55883 avia-img-lazy-loading-not-55883 avia_image' src=\"https:\/\/radiorevelacionfm.cl\/wp-content\/uploads\/2025\/06\/whatsapp-image-2025-06-27-at-16_optimized.01.11-1-1.jpeg\" alt='' title='whatsapp-image-2025-06-27-at-16_optimized.01.11-(1) (1)' height=\"600\" width=\"800\"  itemprop=\"thumbnailUrl\" srcset=\"https:\/\/radiorevelacionfm.cl\/wp-content\/uploads\/2025\/06\/whatsapp-image-2025-06-27-at-16_optimized.01.11-1-1.jpeg 800w, https:\/\/radiorevelacionfm.cl\/wp-content\/uploads\/2025\/06\/whatsapp-image-2025-06-27-at-16_optimized.01.11-1-1-300x225.jpeg 300w, https:\/\/radiorevelacionfm.cl\/wp-content\/uploads\/2025\/06\/whatsapp-image-2025-06-27-at-16_optimized.01.11-1-1-768x576.jpeg 768w, https:\/\/radiorevelacionfm.cl\/wp-content\/uploads\/2025\/06\/whatsapp-image-2025-06-27-at-16_optimized.01.11-1-1-705x529.jpeg 705w, https:\/\/radiorevelacionfm.cl\/wp-content\/uploads\/2025\/06\/whatsapp-image-2025-06-27-at-16_optimized.01.11-1-1-450x338.jpeg 450w, https:\/\/radiorevelacionfm.cl\/wp-content\/uploads\/2025\/06\/whatsapp-image-2025-06-27-at-16_optimized.01.11-1-1-600x450.jpeg 600w\" sizes=\"(max-width: 800px) 100vw, 800px\" \/><\/div><\/div><\/div><\/div><div class=\"flex_column av_one_full  flex_column_div av-zero-column-padding first  avia-builder-el-2  el_after_av_one_full  el_before_av_one_full  column-top-margin\" style='border-radius:0px; '><section class=\"av_textblock_section \"  itemscope=\"itemscope\" itemtype=\"https:\/\/schema.org\/BlogPosting\" itemprop=\"blogPost\" ><div class='avia_textblock  '   itemprop=\"text\" ><p style=\"text-align: center;\"><span style=\"font-size: 18pt;\"><strong>Carteras del Trabajo y de Justicia llaman a pensionados por leyes de reparaci\u00f3n a solicitar su PGU<\/strong><\/span><\/p>\n<div id=\"gtx-trans\" style=\"position: absolute; left: -50px; top: 4.31534px;\">\n<div class=\"gtx-trans-icon\"><\/div>\n<\/div>\n<\/div><\/section><\/div><div class=\"flex_column av_one_full  flex_column_div av-zero-column-padding first  avia-builder-el-4  el_after_av_one_full  el_before_av_hr  column-top-margin\" style='border-radius:0px; '><section class=\"av_textblock_section \"  itemscope=\"itemscope\" itemtype=\"https:\/\/schema.org\/BlogPosting\" itemprop=\"blogPost\" ><div class='avia_textblock  '   itemprop=\"text\" ><p style=\"text-align: justify;\"><em>Gracias a la Reforma, desde septiembre de este a\u00f1o, las personas beneficiarias de pensiones Valech, Rettig y Exoneradas pol\u00edticas, de 82 a\u00f1os y m\u00e1s, que cumplan con los requisitos establecidos por la Ley, podr\u00e1n acceder a la PGU. <\/em><\/p>\n<p style=\"text-align: justify;\">Un llamado conjunto a las personas pensionadas por leyes de reparaci\u00f3n para realizar desde ya la postulaci\u00f3n a la Pensi\u00f3n Garantizada Universal (PGU), realizaron los seremis del Trabajo y Previsi\u00f3n Social, Camila Covarrubias Retamal, y de Justicia y Derechos Humanos, Samuel Navarro Castro, junto al director regional del Instituto de Previsi\u00f3n Social, Rodrigo D\u00edaz Cordaro.<\/p>\n<p style=\"text-align: justify;\">Las autoridades instaron a quienes reciben pensiones de Ley Valech, Rettig y exonerados pol\u00edticos, de 82 a\u00f1os de edad o m\u00e1s, a acercarse\u00a0 a las oficinas del Instituto de Previsi\u00f3n Social y su red ChileAtiende y concretar su postulaci\u00f3n.<\/p>\n<p style=\"text-align: justify;\">\u201cEs fundamental que los pensionados y pensionadas de leyes de reparaci\u00f3n que se encuentran en este tramo de edad se acerquen a nuestras oficinas para ingresar ahora su postulaci\u00f3n. Si postulan en junio y julio, y cumplen con todos los requisitos para obtener la Pensi\u00f3n Garantizada Universal, comenzar\u00e1n a recibir este beneficio en sus pensiones desde septiembre en adelante. En cambio, si realizan su postulaci\u00f3n reci\u00e9n en agosto o septiembre y resultan favorecidos, comenzar\u00e1n a recibir la PGU reci\u00e9n dos o tres meses despu\u00e9s. Por lo tanto, la invitaci\u00f3n es a adelantarse y as\u00ed no perder ning\u00fan mes del beneficio. Nuestros ejecutivos y ejecutivas les est\u00e1n esperando en las sucursales IPS ChileAtiende de Cochrane, Cisnes, Chile Chico, Puerto Ays\u00e9n y, por supuesto tambi\u00e9n en Coyhaique\u201d, se\u00f1al\u00f3 D\u00edaz Cordaro.<\/p>\n<p style=\"text-align: justify;\">En este contexto, el seremi de Justicia y Derechos Humanos, Samuel Navarro, reforz\u00f3 el emplazamiento, haciendo hincapi\u00e9 en que, acceder a este beneficio representar\u00e1 una significativa mejora econ\u00f3mica para estos pensionados y pensionadas. \u201cReafirmamos el llamado a todos los beneficiarios y beneficiarias de las pensiones de reparaci\u00f3n, para que acudan a las oficinas de IPS ChileAtiende para hacer su tr\u00e1mite de aumento de la PGU. Este es un beneficio para todas las v\u00edctimas de violaciones a los derechos humanos que pueden hoy d\u00eda incrementar sus ingresos, cumpliendo con los requisitos de la ley\u201d, enfatiz\u00f3 la autoridad regional.<\/p>\n<p style=\"text-align: justify;\">Por su parte, la seremi del Trabajo y Previsi\u00f3n Social, Camila Covarrubias, destac\u00f3 la importancia de esta medida de la Reforma de Pensiones, que permitir\u00e1 que m\u00e1s personas mayores accedan a la PGU. \u201cEsta ampliaci\u00f3n de la cobertura de la Pensi\u00f3n Garantizada Universal que suma a los pensionados de las leyes reparatorias, es un paso m\u00e1s de la \u00a0implementaci\u00f3n de la Reforma de Pensiones, que se suma tambi\u00e9n al Seguro Lagunas Previsionales, que permite seguir cotizando en nuestras cuentas individuales de las AFP y \u00a0acortar las lagunas previsionales en nuestra historia laboral. \u00c9sta es una reforma que entrega mayor justicia social a los chilenos y las chilenas\u201d, asever\u00f3.<\/p>\n<p style=\"text-align: justify;\">Asimismo, Covarrubias Retamal detall\u00f3 que en la regi\u00f3n de Ays\u00e9n, son alrededor de 60 las personas beneficiarias de leyes de reparaci\u00f3n, mayores de 82 a\u00f1os, que podr\u00e1n solicitar la Pensi\u00f3n Garantizada Universal, por lo que es fundamental que se acerquen a las sucursales IPS y su red ChileAtiende para tramitar su solicitud y comenzar a recibir el beneficio en septiembre de este a\u00f1o.<\/p>\n<\/div><\/section><\/div><div  style='height:50px' class='hr hr-invisible   avia-builder-el-6  el_after_av_one_full  el_before_av_social_share '><span class='hr-inner ' ><span class='hr-inner-style'><\/span><\/span><\/div><\/p>\n<div  class='av-social-sharing-box  avia-builder-el-7  el_after_av_hr  el_before_av_hr  '><div class='av-share-box'><h5 class='av-share-link-description av-no-toc '>Compartir esta noticia<\/h5><ul class='av-share-box-list noLightbox'><li class='av-share-link av-social-link-facebook' ><a target=\"_blank\" aria-label=\"Compartir en Facebook\" href='https:\/\/www.facebook.com\/sharer.php?u=https:\/\/radiorevelacionfm.cl\/?p=55882&#038;t=Carteras%20del%20Trabajo%20y%20de%20Justicia%20llaman%20a%20pensionados%20por%20leyes%20de%20reparaci%C3%B3n%20a%20solicitar%20su%20PGU' aria-hidden='false' data-av_icon='\ue8f3' data-av_iconfont='entypo-fontello' title='' data-avia-related-tooltip='Compartir en Facebook' rel=\"noopener\"><span class='avia_hidden_link_text'>Compartir en Facebook<\/span><\/a><\/li><li class='av-share-link av-social-link-twitter' ><a target=\"_blank\" aria-label=\"Compartir en Twitter\" href='https:\/\/twitter.com\/share?text=Carteras%20del%20Trabajo%20y%20de%20Justicia%20llaman%20a%20pensionados%20por%20leyes%20de%20reparaci%C3%B3n%20a%20solicitar%20su%20PGU&#038;url=https:\/\/radiorevelacionfm.cl\/?p=55882' aria-hidden='false' data-av_icon='\ue8f1' data-av_iconfont='entypo-fontello' title='' data-avia-related-tooltip='Compartir en Twitter' rel=\"noopener\"><span class='avia_hidden_link_text'>Compartir en Twitter<\/span><\/a><\/li><li class='av-share-link av-social-link-whatsapp' ><a target=\"_blank\" aria-label=\"Compartir en Whatsapp\" href='https:\/\/api.whatsapp.com\/send?text=https:\/\/radiorevelacionfm.cl\/?p=55882' aria-hidden='false' data-av_icon='\uf232' data-av_iconfont='entypo-fontello' title='' data-avia-related-tooltip='Compartir en Whatsapp' rel=\"noopener\"><span class='avia_hidden_link_text'>Compartir en Whatsapp<\/span><\/a><\/li><li class='av-share-link av-social-link-linkedin' ><a target=\"_blank\" aria-label=\"Compartir en LinkedIn\" href='https:\/\/linkedin.com\/shareArticle?mini=true&#038;title=Carteras%20del%20Trabajo%20y%20de%20Justicia%20llaman%20a%20pensionados%20por%20leyes%20de%20reparaci%C3%B3n%20a%20solicitar%20su%20PGU&#038;url=https:\/\/radiorevelacionfm.cl\/?p=55882' aria-hidden='false' data-av_icon='\ue8fc' data-av_iconfont='entypo-fontello' title='' data-avia-related-tooltip='Compartir en LinkedIn' rel=\"noopener\"><span class='avia_hidden_link_text'>Compartir en LinkedIn<\/span><\/a><\/li><li class='av-share-link av-social-link-mail' ><a  aria-label=\"Compartir por correo\" href='mailto:?subject=Carteras%20del%20Trabajo%20y%20de%20Justicia%20llaman%20a%20pensionados%20por%20leyes%20de%20reparaci%C3%B3n%20a%20solicitar%20su%20PGU&#038;body=https:\/\/radiorevelacionfm.cl\/?p=55882' aria-hidden='false' data-av_icon='\ue805' data-av_iconfont='entypo-fontello' title='' data-avia-related-tooltip='Compartir por correo'><span class='avia_hidden_link_text'>Compartir por correo<\/span><\/a><\/li><\/ul><\/div><\/div>\n<div  style='height:50px' class='hr hr-invisible   avia-builder-el-8  el_after_av_social_share  el_before_av_comments_list '><span class='hr-inner ' ><span class='hr-inner-style'><\/span><\/span><\/div>\n<div  class='av-buildercomment  av-blog-meta-html-info-disabled av-blog-meta-tag-disabled  '><\/div>\n","protected":false},"excerpt":{"rendered":"","protected":false},"author":1,"featured_media":55883,"comment_status":"closed","ping_status":"closed","sticky":false,"template":"","format":"standard","meta":{"footnotes":""},"categories":[56],"tags":[],"class_list":["post-55882","post","type-post","status-publish","format-standard","has-post-thumbnail","hentry","category-trabajo"],"jetpack_featured_media_url":"https:\/\/radiorevelacionfm.cl\/wp-content\/uploads\/2025\/06\/whatsapp-image-2025-06-27-at-16_optimized.01.11-1-1.jpeg","_links":{"self":[{"href":"https:\/\/radiorevelacionfm.cl\/index.php?rest_route=\/wp\/v2\/posts\/55882","targetHints":{"allow":["GET"]}}],"collection":[{"href":"https:\/\/radiorevelacionfm.cl\/index.php?rest_route=\/wp\/v2\/posts"}],"about":[{"href":"https:\/\/radiorevelacionfm.cl\/index.php?rest_route=\/wp\/v2\/types\/post"}],"author":[{"embeddable":true,"href":"https:\/\/radiorevelacionfm.cl\/index.php?rest_route=\/wp\/v2\/users\/1"}],"replies":[{"embeddable":true,"href":"https:\/\/radiorevelacionfm.cl\/index.php?rest_route=%2Fwp%2Fv2%2Fcomments&post=55882"}],"version-history":[{"count":2,"href":"https:\/\/radiorevelacionfm.cl\/index.php?rest_route=\/wp\/v2\/posts\/55882\/revisions"}],"predecessor-version":[{"id":55885,"href":"https:\/\/radiorevelacionfm.cl\/index.php?rest_route=\/wp\/v2\/posts\/55882\/revisions\/55885"}],"wp:featuredmedia":[{"embeddable":true,"href":"https:\/\/radiorevelacionfm.cl\/index.php?rest_route=\/wp\/v2\/media\/55883"}],"wp:attachment":[{"href":"https:\/\/radiorevelacionfm.cl\/index.php?rest_route=%2Fwp%2Fv2%2Fmedia&parent=55882"}],"wp:term":[{"taxonomy":"category","embeddable":true,"href":"https:\/\/radiorevelacionfm.cl\/index.php?rest_route=%2Fwp%2Fv2%2Fcategories&post=55882"},{"taxonomy":"post_tag","embeddable":true,"href":"https:\/\/radiorevelacionfm.cl\/index.php?rest_route=%2Fwp%2Fv2%2Ftags&post=55882"}],"curies":[{"name":"wp","href":"https:\/\/api.w.org\/{rel}","templated":true}]}}