{"id":55880,"date":"2025-06-30T10:44:24","date_gmt":"2025-06-30T13:44:24","guid":{"rendered":"https:\/\/radiorevelacionfm.cl\/?p=55880"},"modified":"2025-06-30T10:44:24","modified_gmt":"2025-06-30T13:44:24","slug":"el-2021-muerte-de-animales-en-alto-manihuales-apuntaban-a-un-ambiente-contaminado-por-material-de-relave","status":"publish","type":"post","link":"https:\/\/radiorevelacionfm.cl\/?p=55880","title":{"rendered":"El 2021 muerte de animales en Alto Ma\u00f1ihuales apuntaban a un \u00abambiente contaminado\u00bb por material de relave"},"content":{"rendered":"<div class=\"flex_column av_one_full  flex_column_div av-zero-column-padding first  avia-builder-el-0  el_before_av_one_full  avia-builder-el-first  \" style='border-radius:0px; '><div  class='avia-image-container  av-styling-    avia-builder-el-1  avia-builder-el-no-sibling  avia-align-center '  itemprop=\"image\" itemscope=\"itemscope\" itemtype=\"https:\/\/schema.org\/ImageObject\"  ><div class='avia-image-container-inner'><div class='avia-image-overlay-wrap'><img decoding=\"async\" class='wp-image-55436 avia-img-lazy-loading-not-55436 avia_image' src=\"https:\/\/radiorevelacionfm.cl\/wp-content\/uploads\/2025\/06\/relave-confluencia-alto-manihuales-1_optimized-1.jpg\" alt='' title='relave-confluencia-alto-ma\u00f1ihuales-(1)_optimized (1)' height=\"600\" width=\"1067\"  itemprop=\"thumbnailUrl\" srcset=\"https:\/\/radiorevelacionfm.cl\/wp-content\/uploads\/2025\/06\/relave-confluencia-alto-manihuales-1_optimized-1.jpg 1067w, https:\/\/radiorevelacionfm.cl\/wp-content\/uploads\/2025\/06\/relave-confluencia-alto-manihuales-1_optimized-1-300x169.jpg 300w, https:\/\/radiorevelacionfm.cl\/wp-content\/uploads\/2025\/06\/relave-confluencia-alto-manihuales-1_optimized-1-1030x579.jpg 1030w, https:\/\/radiorevelacionfm.cl\/wp-content\/uploads\/2025\/06\/relave-confluencia-alto-manihuales-1_optimized-1-768x432.jpg 768w, https:\/\/radiorevelacionfm.cl\/wp-content\/uploads\/2025\/06\/relave-confluencia-alto-manihuales-1_optimized-1-705x396.jpg 705w, https:\/\/radiorevelacionfm.cl\/wp-content\/uploads\/2025\/06\/relave-confluencia-alto-manihuales-1_optimized-1-450x253.jpg 450w, https:\/\/radiorevelacionfm.cl\/wp-content\/uploads\/2025\/06\/relave-confluencia-alto-manihuales-1_optimized-1-600x337.jpg 600w\" sizes=\"(max-width: 1067px) 100vw, 1067px\" \/><\/div><\/div><\/div><\/div><div class=\"flex_column av_one_full  flex_column_div av-zero-column-padding first  avia-builder-el-2  el_after_av_one_full  el_before_av_one_full  column-top-margin\" style='border-radius:0px; '><section class=\"av_textblock_section \"  itemscope=\"itemscope\" itemtype=\"https:\/\/schema.org\/BlogPosting\" itemprop=\"blogPost\" ><div class='avia_textblock  '   itemprop=\"text\" ><p style=\"text-align: center;\"><strong><span style=\"font-size: 18pt;\">El 2021 muerte de animales en Alto Ma\u00f1ihuales apuntaban a un \u00abambiente contaminado\u00bb por material de relave<\/span><\/strong><\/p>\n<div id=\"gtx-trans\" style=\"position: absolute; left: -50px; top: 4.31534px;\">\n<div class=\"gtx-trans-icon\"><\/div>\n<\/div>\n<\/div><\/section><\/div><div class=\"flex_column av_one_full  flex_column_div av-zero-column-padding first  avia-builder-el-4  el_after_av_one_full  el_before_av_hr  column-top-margin\" style='border-radius:0px; '><section class=\"av_textblock_section \"  itemscope=\"itemscope\" itemtype=\"https:\/\/schema.org\/BlogPosting\" itemprop=\"blogPost\" ><div class='avia_textblock  '   itemprop=\"text\" ><p style=\"text-align: justify;\"><i>\u00b7\u00a0 Hace cuatro a\u00f1os el SAG envi\u00f3 un oficio a las seremis de Salud y Medio Ambiente, solicitando constituir una mesa conjunta para definir una estrategia de abordaje de este nuevo evento. Seg\u00fan la informaci\u00f3n disponible, las autoridades del gobierno de Sebasti\u00e1n Pi\u00f1era no acogieron el planteamiento.<\/i><\/p>\n<p style=\"text-align: justify;\">\u00b7\u00a0 <i>Este verano nuevamente se consign\u00f3 fallecimiento de ganado presumiblemente por las mismas causales, sin embargo el delegado regional presidencial se\u00f1al\u00f3 recientemente a la prensa que \u00abse reflot\u00f3 de algo que ocurri\u00f3 el a\u00f1o 2015\u00bb, desconociendo estos antecedentes que, cuando se han solicitado v\u00eda Ley de Transparencia, no han sido entregados por los organismos pertinentes.<\/i><\/p>\n<p class=\"v1MsoNormal\" style=\"text-align: justify;\">Un\u00a0<a href=\"https:\/\/drive.google.com\/file\/d\/1omFJGt7j8DQi90_u9im1bXUbGG9-38MT\/view\" target=\"_blank\" rel=\"noopener noreferrer\">oficio<\/a> del Servicio Agr\u00edcola y Ganadero (SAG) del 21 de diciembre de 2021 consign\u00f3 la muerte de varios equinos en el sector de Alto Ma\u00f1ihuales, indicando como posible causal contaminaci\u00f3n vinculada al tranque de relaves Confluencia de El Toqui. Esto, tras denuncias presentadas por pobladores del \u00e1rea cercana a las operaciones \u00a0del yacimiento que desde 2019 controla <a href=\"https:\/\/minerapacificodelsur.cl\/que-hacemos\/\" target=\"_blank\" rel=\"noopener noreferrer\">Sociedad Minera Pac\u00edfico del Sur<\/a>.<\/p>\n<p class=\"v1MsoNormal\" style=\"text-align: justify;\">En el documento se determinaba que \u00ab<i>los equinos afectados estar\u00edan siendo indicador biol\u00f3gico de un ambiente contaminado que podr\u00eda afectar a las personas, por lo que se sugiere establecer una mesa conjunta para definir una estrategia de abordaje de este nuevo evento<\/i>\u00ab.<\/p>\n<p class=\"v1MsoNormal\" style=\"text-align: justify;\">La comunicaci\u00f3n, firmada por el director regional del organismo Mat\u00edas Vial Orueta, estaba dirigida a los seremis de Salud (s), Jourdan Cabezas Parra, y Medio Ambiente, M\u00f3nica Sald\u00edas de la Guarda, funcionarios de la administraci\u00f3n de Sebasti\u00e1n Pi\u00f1era.<\/p>\n<p class=\"v1MsoNormal\" style=\"text-align: justify;\">A pesar de la gravedad de los hechos constatados y el historial de contaminaci\u00f3n del \u00e1rea, y seg\u00fan la informaci\u00f3n disponible,\u00a0<b>la mesa no se constituy\u00f3<\/b>. El tema sigui\u00f3 sin mayor atenci\u00f3n del Estado hasta que hace algunos meses se relevara tras la muerte de una <a href=\"https:\/\/www.apocalipsisfm.cl\/2025\/05\/26\/en-reunion-realizada-este-viernes-en-la-sede-vecinal-del-sector-muerte-de-animales-problemas-de-salud-y-abandono-del-estado-vecinos-de-alto-manihuales-exponen-sus-dramaticos-testimonios-a-organism\/\" target=\"_blank\" rel=\"noopener noreferrer\">decena de vacunos<\/a>, que organizaciones de la sociedad civil\u00a0<a href=\"https:\/\/www.terram.cl\/metales-pesados-en-alto-manihuales-experto-asegura-hay-material-de-relave-dentro-del-rio\/\" target=\"_blank\" rel=\"noopener noreferrer\">impulsaran la discusi\u00f3n sobre la materia<\/a>\u00a0y que el\u00a0<a href=\"https:\/\/www.terram.cl\/contaminacion-minera-en-aysen-core-investigara-metales-pesados-en-rios-por-impacto-de-el-toqui\/\" target=\"_blank\" rel=\"noopener noreferrer\">Consejo Regional de Ays\u00e9n<\/a>\u00a0constituyera una Comisi\u00f3n Mixta para monitorear la situaci\u00f3n.<\/p>\n<p class=\"v1MsoNormal\" style=\"text-align: justify;\">En los a\u00f1os previos dirigentes de la Corporaci\u00f3n Privada para el Desarrollo de Ays\u00e9n (CODESA) ven\u00edan alertando sistem\u00e1ticamente a las autoridades sobre el problema. Fue en este contexto que en diciembre de 2024 su presidente, Erwin Sandoval Gallardo, expuso sobre la pasividad del Estado en la materia <a href=\"https:\/\/tehuelchenoticias.cl\/nuevo_sitio\/2024\/12\/05\/con-criticas-a-pasividad-del-organismo-en-aysen-codesa-expone-en-camara-de-diputados-propuestas-de-reforma-a-ley-organica-de-la-sma\/\" target=\"_blank\" rel=\"noopener noreferrer\">ante la Comisi\u00f3n de Medio Ambiente de la C\u00e1mara de Diputados<\/a>.<\/p>\n<p class=\"v1MsoNormal\" style=\"text-align: justify;\">El oficio del SAG de 2021 constataba que \u00ab<i>desde el mes de agosto del presente a\u00f1o se han atendido 3 denuncias por mortalidad de equinos, de un total de 5 muertos, en el sector de &#8216;Los Cerritos&#8217;<\/i>\u00ab. Agregasba que \u00ab<i>los signos neurol\u00f3gicos han sido la causa de atenci\u00f3n en los 3 animales. Posteriormente a la necropsia se pueden destacar los siguientes hallazgos: coloraci\u00f3n anormal de \u00f3rganos y acumulaci\u00f3n de contenido alimentario en las diferentes porciones del tracto digestivo<\/i>\u00ab.<\/p>\n<p class=\"v1MsoNormal\" style=\"text-align: justify;\">Los animales no ten\u00edan \u00ab<i>enfermedades infecto contagiosas que pudieran estar causando este evento<\/i>\u00ab, desplegando a continuaci\u00f3n una tabla con los resultados en t\u00e9rminos de plomo, cadmio, cobre, hierro, zinc, cromo, n\u00edquel y manganeso.<\/p>\n<p class=\"v1MsoNormal\" style=\"text-align: justify;\">Ante esto, en el documento se planteaba que a la luz de los resultados de las muestras provenientes de \u00ab<i>un predio que est\u00e1 en l\u00ednea directa de la pluma de dispersi\u00f3n del antiguo tranque de relaves (Confluencia) de la Mina El Toqui, y tomando en cuenta los antecedentes que respaldaron el dictamen sancionatorio del procedimiento administrativo F-057-2015 de la Superintendencia de Medio Ambiente, se ha considerado realizar la presente comunicaci\u00f3n entre las instituciones del Estado que velan por la protecci\u00f3n de la salud de las personas y el medioambiente<\/i>\u00ab.<\/p>\n<p class=\"v1MsoNormal\" style=\"text-align: justify;\">El\u00a0<a href=\"https:\/\/snifa.sma.gob.cl\/RegistroPublico\/Ficha\/1330\" target=\"_blank\" rel=\"noopener noreferrer\">procedimiento de la SMA al que alud\u00eda el documento<\/a>\u00a0se inici\u00f3 en diciembre de 2015 luego de conocerse la muerte de animales tambi\u00e9n por metales pesados, el cual concluy\u00f3 en 2018 con un multa 2.367 UTA (unos $ 1.350 millones) contra El Toqui.<\/p>\n<p class=\"v1MsoNormal\" style=\"text-align: justify;\">Este oficio desmiente las declaraciones del delegado presidencial regional, Jorge D\u00edaz Guzm\u00e1n, quien en\u00a0<a href=\"https:\/\/eldivisadero.cl\/_noticia\/Delegado-Presidencial-Regional-sobre-Alto-Ma%C3%B1ihuales-Nadie-esconde-nada\/NzkwODE=?fbclid=IwY2xjawK_9oVleHRuA2FlbQIxMQBicmlkETE4MmFWenFMUjRkVlBxVm81AR6onGYmf2D8LXn5C-PE1XPy9_3V9AXpfrl-Zy_hzw1cWmrkjNUxDZH7OZqBNQ_aem_FRGg5xJ8VNjAk3uHb0Ukbw\" target=\"_blank\" rel=\"noopener noreferrer\">entrevista a un medio regional<\/a>\u00a0se\u00f1al\u00f3 que \u00ab<i>lo que pasa es que se reflot\u00f3 de algo que ocurri\u00f3 el a\u00f1o 2015<\/i>\u00ab, agregando que \u00ab<i>desde el punto de vista de la salud animal, informes del SAG, de los sectores del agro nosotros, salvo lo que ocurri\u00f3 hace algunos a\u00f1os atr\u00e1s con un animal que, entiendo, ingres\u00f3 al relave, no hemos tenido denuncias de esa naturaleza<\/i>\u00ab.<\/p>\n<p class=\"v1MsoNormal\" style=\"text-align: justify;\">A pesar de se\u00f1alar que \u00ab<i>he instruido a los servicios p\u00fablicos para que (las organizaciones de la sociedad civil) que est\u00e1n preocupados de estos temas ciudadanos tengan la mejor informaci\u00f3n objetiva posible<\/i>\u00ab, ha sido infructuoso contar con estos antecedentes.<\/p>\n<p class=\"v1MsoNormal\" style=\"text-align: justify;\">En mayo de este a\u00f1o desde ONG FIMA se solicitaron al Servicio Nacional de Geolog\u00eda y Miner\u00eda todos los antecedentes con que contaban sobre el caso, sin embargo no se obtuvo respuesta en el plazo establecido. En paralelo se hizo lo propio con el Servicio Agr\u00edcola y Ganadero, el cual no entreg\u00f3 mayor informaci\u00f3n, omitiendo expresamente el oficio de 2021, mientras que la SMA facilit\u00f3 cierta informaci\u00f3n pero no transparent\u00f3 las comunicaciones con otros organismos p\u00fablicos bajo la causal de que acceder a la petici\u00f3n les tomar\u00eda demasiado tiempo.<\/p>\n<p class=\"v1MsoNormal\" style=\"text-align: justify;\">En todos estos requerimientos se recurri\u00f3 al Consejo para la Transparencia para lograr que los servicios a entreguen la documentaci\u00f3n omitida.<\/p>\n<\/div><\/section><\/div><div  style='height:50px' class='hr hr-invisible   avia-builder-el-6  el_after_av_one_full  el_before_av_social_share '><span class='hr-inner ' ><span class='hr-inner-style'><\/span><\/span><\/div><\/p>\n<div  class='av-social-sharing-box  avia-builder-el-7  el_after_av_hr  el_before_av_hr  '><div class='av-share-box'><h5 class='av-share-link-description av-no-toc '>Compartir esta noticia<\/h5><ul class='av-share-box-list noLightbox'><li class='av-share-link av-social-link-facebook' ><a target=\"_blank\" aria-label=\"Compartir en Facebook\" href='https:\/\/www.facebook.com\/sharer.php?u=https:\/\/radiorevelacionfm.cl\/?p=55880&#038;t=El%202021%20muerte%20de%20animales%20en%20Alto%20Ma%C3%B1ihuales%20apuntaban%20a%20un%20%C2%ABambiente%20contaminado%C2%BB%20por%20material%20de%20relave' aria-hidden='false' data-av_icon='\ue8f3' data-av_iconfont='entypo-fontello' title='' data-avia-related-tooltip='Compartir en Facebook' rel=\"noopener\"><span class='avia_hidden_link_text'>Compartir en Facebook<\/span><\/a><\/li><li class='av-share-link av-social-link-twitter' ><a target=\"_blank\" aria-label=\"Compartir en Twitter\" href='https:\/\/twitter.com\/share?text=El%202021%20muerte%20de%20animales%20en%20Alto%20Ma%C3%B1ihuales%20apuntaban%20a%20un%20%C2%ABambiente%20contaminado%C2%BB%20por%20material%20de%20relave&#038;url=https:\/\/radiorevelacionfm.cl\/?p=55880' aria-hidden='false' data-av_icon='\ue8f1' data-av_iconfont='entypo-fontello' title='' data-avia-related-tooltip='Compartir en Twitter' rel=\"noopener\"><span class='avia_hidden_link_text'>Compartir en Twitter<\/span><\/a><\/li><li class='av-share-link av-social-link-whatsapp' ><a target=\"_blank\" aria-label=\"Compartir en Whatsapp\" href='https:\/\/api.whatsapp.com\/send?text=https:\/\/radiorevelacionfm.cl\/?p=55880' aria-hidden='false' data-av_icon='\uf232' data-av_iconfont='entypo-fontello' title='' data-avia-related-tooltip='Compartir en Whatsapp' rel=\"noopener\"><span class='avia_hidden_link_text'>Compartir en Whatsapp<\/span><\/a><\/li><li class='av-share-link av-social-link-linkedin' ><a target=\"_blank\" aria-label=\"Compartir en LinkedIn\" href='https:\/\/linkedin.com\/shareArticle?mini=true&#038;title=El%202021%20muerte%20de%20animales%20en%20Alto%20Ma%C3%B1ihuales%20apuntaban%20a%20un%20%C2%ABambiente%20contaminado%C2%BB%20por%20material%20de%20relave&#038;url=https:\/\/radiorevelacionfm.cl\/?p=55880' aria-hidden='false' data-av_icon='\ue8fc' data-av_iconfont='entypo-fontello' title='' data-avia-related-tooltip='Compartir en LinkedIn' rel=\"noopener\"><span class='avia_hidden_link_text'>Compartir en LinkedIn<\/span><\/a><\/li><li class='av-share-link av-social-link-mail' ><a  aria-label=\"Compartir por correo\" href='mailto:?subject=El%202021%20muerte%20de%20animales%20en%20Alto%20Ma%C3%B1ihuales%20apuntaban%20a%20un%20%C2%ABambiente%20contaminado%C2%BB%20por%20material%20de%20relave&#038;body=https:\/\/radiorevelacionfm.cl\/?p=55880' aria-hidden='false' data-av_icon='\ue805' data-av_iconfont='entypo-fontello' title='' data-avia-related-tooltip='Compartir por correo'><span class='avia_hidden_link_text'>Compartir por correo<\/span><\/a><\/li><\/ul><\/div><\/div>\n<div  style='height:50px' class='hr hr-invisible   avia-builder-el-8  el_after_av_social_share  el_before_av_comments_list '><span class='hr-inner ' ><span class='hr-inner-style'><\/span><\/span><\/div>\n<div  class='av-buildercomment  av-blog-meta-html-info-disabled av-blog-meta-tag-disabled  '><\/div>\n","protected":false},"excerpt":{"rendered":"","protected":false},"author":1,"featured_media":55436,"comment_status":"closed","ping_status":"closed","sticky":false,"template":"","format":"standard","meta":{"footnotes":""},"categories":[38],"tags":[],"class_list":["post-55880","post","type-post","status-publish","format-standard","has-post-thumbnail","hentry","category-regional"],"jetpack_featured_media_url":"https:\/\/radiorevelacionfm.cl\/wp-content\/uploads\/2025\/06\/relave-confluencia-alto-manihuales-1_optimized-1.jpg","_links":{"self":[{"href":"https:\/\/radiorevelacionfm.cl\/index.php?rest_route=\/wp\/v2\/posts\/55880","targetHints":{"allow":["GET"]}}],"collection":[{"href":"https:\/\/radiorevelacionfm.cl\/index.php?rest_route=\/wp\/v2\/posts"}],"about":[{"href":"https:\/\/radiorevelacionfm.cl\/index.php?rest_route=\/wp\/v2\/types\/post"}],"author":[{"embeddable":true,"href":"https:\/\/radiorevelacionfm.cl\/index.php?rest_route=\/wp\/v2\/users\/1"}],"replies":[{"embeddable":true,"href":"https:\/\/radiorevelacionfm.cl\/index.php?rest_route=%2Fwp%2Fv2%2Fcomments&post=55880"}],"version-history":[{"count":2,"href":"https:\/\/radiorevelacionfm.cl\/index.php?rest_route=\/wp\/v2\/posts\/55880\/revisions"}],"predecessor-version":[{"id":55886,"href":"https:\/\/radiorevelacionfm.cl\/index.php?rest_route=\/wp\/v2\/posts\/55880\/revisions\/55886"}],"wp:featuredmedia":[{"embeddable":true,"href":"https:\/\/radiorevelacionfm.cl\/index.php?rest_route=\/wp\/v2\/media\/55436"}],"wp:attachment":[{"href":"https:\/\/radiorevelacionfm.cl\/index.php?rest_route=%2Fwp%2Fv2%2Fmedia&parent=55880"}],"wp:term":[{"taxonomy":"category","embeddable":true,"href":"https:\/\/radiorevelacionfm.cl\/index.php?rest_route=%2Fwp%2Fv2%2Fcategories&post=55880"},{"taxonomy":"post_tag","embeddable":true,"href":"https:\/\/radiorevelacionfm.cl\/index.php?rest_route=%2Fwp%2Fv2%2Ftags&post=55880"}],"curies":[{"name":"wp","href":"https:\/\/api.w.org\/{rel}","templated":true}]}}