{"id":5588,"date":"2021-06-24T11:40:19","date_gmt":"2021-06-24T14:40:19","guid":{"rendered":"https:\/\/radiorevelacionfm.cl\/?p=5588"},"modified":"2021-06-24T11:40:19","modified_gmt":"2021-06-24T14:40:19","slug":"inauguran-cancha-de-basquetbol-y-realizan-entrega-de-terrenos-para-cambios-paisajisticos-en-puerto-aysen","status":"publish","type":"post","link":"https:\/\/radiorevelacionfm.cl\/?p=5588","title":{"rendered":"Inauguran cancha de basquetbol y realizan entrega de terrenos para cambios paisaj\u00edsticos en Puerto Ays\u00e9n"},"content":{"rendered":"<div class=\"flex_column av_one_full  flex_column_div av-zero-column-padding first  avia-builder-el-0  el_before_av_one_full  avia-builder-el-first  \" style='border-radius:0px; '><div  class='avia-image-container  av-styling-    avia-builder-el-1  avia-builder-el-no-sibling  avia-align-center '  itemprop=\"image\" itemscope=\"itemscope\" itemtype=\"https:\/\/schema.org\/ImageObject\"  ><div class='avia-image-container-inner'><div class='avia-image-overlay-wrap'><img decoding=\"async\" class='wp-image-0 avia-img-lazy-loading-not-0 avia_image' src=\"https:\/\/radiorevelacionfm.cl\/wp-content\/uploads\/2021\/06\/IMG-TerrenosDS274-1-1.jpg\" alt='' title=''   itemprop=\"thumbnailUrl\"  \/><\/div><\/div><\/div><\/div><div class=\"flex_column av_one_full  flex_column_div av-zero-column-padding first  avia-builder-el-2  el_after_av_one_full  el_before_av_one_full  column-top-margin\" style='border-radius:0px; '><section class=\"av_textblock_section \"  itemscope=\"itemscope\" itemtype=\"https:\/\/schema.org\/BlogPosting\" itemprop=\"blogPost\" ><div class='avia_textblock  '   itemprop=\"text\" ><p style=\"text-align: center;\"><strong><span style=\"font-size: 18pt;\">Inauguran cancha de basquetbol y realizan entrega de terrenos para cambios paisaj\u00edsticos en Puerto Ays\u00e9n<\/span><\/strong><\/p>\n<div id=\"gtx-trans\" style=\"position: absolute; left: -50px; top: 4.31534px;\">\n<div class=\"gtx-trans-icon\"><\/div>\n<\/div>\n<\/div><\/section><\/div><div class=\"flex_column av_one_full  flex_column_div av-zero-column-padding first  avia-builder-el-4  el_after_av_one_full  el_before_av_hr  column-top-margin\" style='border-radius:0px; '><section class=\"av_textblock_section \"  itemscope=\"itemscope\" itemtype=\"https:\/\/schema.org\/BlogPosting\" itemprop=\"blogPost\" ><div class='avia_textblock  '   itemprop=\"text\" ><p style=\"text-align: justify;\">Con el objetivo de remozar infraestructura e integrar nuevos espacios de convivencia peatonal. El Alcalde de Ays\u00e9n, Luis Mart\u00ednez Gallardo, en compa\u00f1\u00eda del Seremi de Minvu, Diego Silva Barrera y diversos profesionales municipales y gubernamentales se constituyeron en la Cancha Chindo Vera para inaugurar el mejoramiento realizado recientemente y que implic\u00f3 la transformaci\u00f3n del recinto en su funci\u00f3n deportiva. As\u00ed como tambi\u00e9n, realizar la entrega de terrenos correspondientes a los proyectos: Construccio\u0301n Cerro Mirador Norte y Mejoramiento Platabanda Avenida Municipal.<\/p>\n<p style=\"text-align: justify;\">Provistos del apoyo de distintas organizaciones sociales, la Entidad Patrocinante de la Ilustre Municipalidad de Ays\u00e9n tuvo a su tutela la responsabilidad de generar los entendimientos necesarios que permitieron finalmente postular a las agrupaciones: Cultural y Social Az Mapu Lafquenche, Club N\u00e1utico Puerto Ays\u00e9n y Junta de Vecinos N\u00b03 Hospital a los fondos contemplados en el programa Hogar Mejor: Cap\u00edtulo I \u201cProyectos para Equipamiento Comunitario\u201d (DS 27) del Minvu, desarrollando as\u00ed transformaciones importante a Espacios P\u00fablicos de la capital comunal de Ays\u00e9n.<\/p>\n<p style=\"text-align: justify;\">En este sentido, las obras contemplaron para el Mejoramiento de la Multicancha Chindo Vera una inversi\u00f3n de $51.295.717. En tanto, para las iniciativas pr\u00f3ximas a ejecutar como lo son Cerro Mirador Norte y Mejoramiento Platabanda de Avenida Municipal, los dineros alcanzan los $93.177.952 y $94.459.148 respectivamente. Todas estas obras en manos de contratistas locales para impulsar el crecimiento del alica\u00eddo sector de la construcci\u00f3n, el cual genera una importante fuerza de trabajo en la comuna porte\u00f1a.<\/p>\n<p style=\"text-align: justify;\">Al respecto, el Alcalde de Ays\u00e9n, Luis Mart\u00ednez Gallardo, destac\u00f3 las caracter\u00edsticas de las obras a ejecutar, las cuales principalmente tienen una l\u00f3gica paisaj\u00edstica con el entorno que se busca proyectar. As\u00ed mismo, la autoridad dedic\u00f3 especiales palabras para la cancha Chindo Vera o la Javietito, como es conocida en Ribera Sur, esto principalmente porque la intervenci\u00f3n en el lugar permiti\u00f3 dotarla de los mejores equipamientos para la pr\u00e1ctica del basquetbol y ahora en su condici\u00f3n de inaugurada ya es posible su uso para toda la comunidad, agregando \u201cqu\u00e9 puedo decir, fue un a\u00f1o y medio de trabajo, de progreso y en el cual me voy muy feliz\u201d.<\/p>\n<p style=\"text-align: justify;\">En tanto, Diego Silva Barrera, Seremi de Vivienda y Urbanismo de Ays\u00e9n, coment\u00f3 \u201cgran trabajo colaborativo, tremenda pega que hemos estado realizando con el alcalde Mart\u00ednez y el equipo municipal, un tremendo equipo y lo destaco bastante porque para nosotros ha sido super importante desarrollar estos trabajos a los cuales hay que ponerle mucho coraz\u00f3n, m\u00e1s all\u00e1 del tecnicismo que tiene cada proyecto. Efectivamente estuvimos en el Cerro Mirador, ah\u00ed existe un importante proyecto, tambi\u00e9n la Platabanda que es un importante espacio en el coraz\u00f3n de la ciudad, donde tambi\u00e9n se intervino la Plaza Mahuen, as\u00ed es que tambi\u00e9n muy muy agradecidos del municipio y de esta pega que estamos haciendo con el alcalde\u201d.<\/p>\n<p style=\"text-align: justify;\">Finalmente, Marco Gillibrand Mar\u00edn, presidente de la Junta de Vecinos N\u00b03 Hospital, agradeci\u00f3 en tanto al Minvu y a la municipalidad en este trabajo en conjunto para la materializaci\u00f3n del proyecto Cerro Mirador Norte de Puerto Ays\u00e9n. En sus palabras, el dirigente social, destac\u00f3 la nueva perspectiva que entregar\u00e1 esta obra para las familias y j\u00f3venes ayseninos que recorren este lugar, puntualizando que existe la mejor de las expectativas como unidad vecinal en el patrocinio de esta iniciativa en pos del turismo local.<\/p>\n<\/div><\/section><\/div><div  style='height:50px' class='hr hr-invisible   avia-builder-el-6  el_after_av_one_full  el_before_av_social_share '><span class='hr-inner ' ><span class='hr-inner-style'><\/span><\/span><\/div><\/p>\n<div  class='av-social-sharing-box  avia-builder-el-7  el_after_av_hr  el_before_av_hr  '><div class='av-share-box'><h5 class='av-share-link-description av-no-toc '>Compartir esta noticia<\/h5><ul class='av-share-box-list noLightbox'><li class='av-share-link av-social-link-facebook' ><a target=\"_blank\" aria-label=\"Compartir en Facebook\" href='https:\/\/www.facebook.com\/sharer.php?u=https:\/\/radiorevelacionfm.cl\/?p=5588&#038;t=Inauguran%20cancha%20de%20basquetbol%20y%20realizan%20entrega%20de%20terrenos%20para%20cambios%20paisaj%C3%ADsticos%20en%20Puerto%20Ays%C3%A9n' aria-hidden='false' data-av_icon='\ue8f3' data-av_iconfont='entypo-fontello' title='' data-avia-related-tooltip='Compartir en Facebook' rel=\"noopener\"><span class='avia_hidden_link_text'>Compartir en Facebook<\/span><\/a><\/li><li class='av-share-link av-social-link-twitter' ><a target=\"_blank\" aria-label=\"Compartir en Twitter\" href='https:\/\/twitter.com\/share?text=Inauguran%20cancha%20de%20basquetbol%20y%20realizan%20entrega%20de%20terrenos%20para%20cambios%20paisaj%C3%ADsticos%20en%20Puerto%20Ays%C3%A9n&#038;url=https:\/\/radiorevelacionfm.cl\/?p=5588' aria-hidden='false' data-av_icon='\ue8f1' data-av_iconfont='entypo-fontello' title='' data-avia-related-tooltip='Compartir en Twitter' rel=\"noopener\"><span class='avia_hidden_link_text'>Compartir en Twitter<\/span><\/a><\/li><li class='av-share-link av-social-link-whatsapp' ><a target=\"_blank\" aria-label=\"Compartir en Whatsapp\" href='https:\/\/api.whatsapp.com\/send?text=https:\/\/radiorevelacionfm.cl\/?p=5588' aria-hidden='false' data-av_icon='\uf232' data-av_iconfont='entypo-fontello' title='' data-avia-related-tooltip='Compartir en Whatsapp' rel=\"noopener\"><span class='avia_hidden_link_text'>Compartir en Whatsapp<\/span><\/a><\/li><li class='av-share-link av-social-link-linkedin' ><a target=\"_blank\" aria-label=\"Compartir en LinkedIn\" href='https:\/\/linkedin.com\/shareArticle?mini=true&#038;title=Inauguran%20cancha%20de%20basquetbol%20y%20realizan%20entrega%20de%20terrenos%20para%20cambios%20paisaj%C3%ADsticos%20en%20Puerto%20Ays%C3%A9n&#038;url=https:\/\/radiorevelacionfm.cl\/?p=5588' aria-hidden='false' data-av_icon='\ue8fc' data-av_iconfont='entypo-fontello' title='' data-avia-related-tooltip='Compartir en LinkedIn' rel=\"noopener\"><span class='avia_hidden_link_text'>Compartir en LinkedIn<\/span><\/a><\/li><li class='av-share-link av-social-link-mail' ><a  aria-label=\"Compartir por correo\" href='mailto:?subject=Inauguran%20cancha%20de%20basquetbol%20y%20realizan%20entrega%20de%20terrenos%20para%20cambios%20paisaj%C3%ADsticos%20en%20Puerto%20Ays%C3%A9n&#038;body=https:\/\/radiorevelacionfm.cl\/?p=5588' aria-hidden='false' data-av_icon='\ue805' data-av_iconfont='entypo-fontello' title='' data-avia-related-tooltip='Compartir por correo'><span class='avia_hidden_link_text'>Compartir por correo<\/span><\/a><\/li><\/ul><\/div><\/div>\n<div  style='height:50px' class='hr hr-invisible   avia-builder-el-8  el_after_av_social_share  el_before_av_comments_list '><span class='hr-inner ' ><span class='hr-inner-style'><\/span><\/span><\/div>\n<div  class='av-buildercomment  av-blog-meta-html-info-disabled av-blog-meta-tag-disabled  '><\/div>\n","protected":false},"excerpt":{"rendered":"","protected":false},"author":1,"featured_media":0,"comment_status":"open","ping_status":"open","sticky":false,"template":"","format":"standard","meta":{"footnotes":""},"categories":[38],"tags":[],"class_list":["post-5588","post","type-post","status-publish","format-standard","hentry","category-regional"],"jetpack_featured_media_url":"","_links":{"self":[{"href":"https:\/\/radiorevelacionfm.cl\/index.php?rest_route=\/wp\/v2\/posts\/5588","targetHints":{"allow":["GET"]}}],"collection":[{"href":"https:\/\/radiorevelacionfm.cl\/index.php?rest_route=\/wp\/v2\/posts"}],"about":[{"href":"https:\/\/radiorevelacionfm.cl\/index.php?rest_route=\/wp\/v2\/types\/post"}],"author":[{"embeddable":true,"href":"https:\/\/radiorevelacionfm.cl\/index.php?rest_route=\/wp\/v2\/users\/1"}],"replies":[{"embeddable":true,"href":"https:\/\/radiorevelacionfm.cl\/index.php?rest_route=%2Fwp%2Fv2%2Fcomments&post=5588"}],"version-history":[{"count":1,"href":"https:\/\/radiorevelacionfm.cl\/index.php?rest_route=\/wp\/v2\/posts\/5588\/revisions"}],"predecessor-version":[{"id":5590,"href":"https:\/\/radiorevelacionfm.cl\/index.php?rest_route=\/wp\/v2\/posts\/5588\/revisions\/5590"}],"wp:attachment":[{"href":"https:\/\/radiorevelacionfm.cl\/index.php?rest_route=%2Fwp%2Fv2%2Fmedia&parent=5588"}],"wp:term":[{"taxonomy":"category","embeddable":true,"href":"https:\/\/radiorevelacionfm.cl\/index.php?rest_route=%2Fwp%2Fv2%2Fcategories&post=5588"},{"taxonomy":"post_tag","embeddable":true,"href":"https:\/\/radiorevelacionfm.cl\/index.php?rest_route=%2Fwp%2Fv2%2Ftags&post=5588"}],"curies":[{"name":"wp","href":"https:\/\/api.w.org\/{rel}","templated":true}]}}