{"id":55872,"date":"2025-06-29T16:35:15","date_gmt":"2025-06-29T19:35:15","guid":{"rendered":"https:\/\/radiorevelacionfm.cl\/?p=55872"},"modified":"2025-06-29T16:35:15","modified_gmt":"2025-06-29T19:35:15","slug":"municipalidad-de-aysen-presenta-su-calendario-de-actividades-de-julio","status":"publish","type":"post","link":"https:\/\/radiorevelacionfm.cl\/?p=55872","title":{"rendered":"Municipalidad de Ays\u00e9n presenta su calendario de actividades de julio"},"content":{"rendered":"<div class=\"flex_column av_one_full  flex_column_div av-zero-column-padding first  avia-builder-el-0  el_before_av_one_full  avia-builder-el-first  \" style='border-radius:0px; '><div  class='avia-image-container  av-styling-    avia-builder-el-1  avia-builder-el-no-sibling  avia-align-center '  itemprop=\"image\" itemscope=\"itemscope\" itemtype=\"https:\/\/schema.org\/ImageObject\"  ><div class='avia-image-container-inner'><div class='avia-image-overlay-wrap'><img decoding=\"async\" class='wp-image-55873 avia-img-lazy-loading-not-55873 avia_image' src=\"https:\/\/radiorevelacionfm.cl\/wp-content\/uploads\/2025\/06\/20250627_105855-1-1.jpg\" alt='' title='20250627_105855 (1) (1)' height=\"600\" width=\"1066\"  itemprop=\"thumbnailUrl\" srcset=\"https:\/\/radiorevelacionfm.cl\/wp-content\/uploads\/2025\/06\/20250627_105855-1-1.jpg 1066w, https:\/\/radiorevelacionfm.cl\/wp-content\/uploads\/2025\/06\/20250627_105855-1-1-300x169.jpg 300w, https:\/\/radiorevelacionfm.cl\/wp-content\/uploads\/2025\/06\/20250627_105855-1-1-1030x580.jpg 1030w, https:\/\/radiorevelacionfm.cl\/wp-content\/uploads\/2025\/06\/20250627_105855-1-1-768x432.jpg 768w, https:\/\/radiorevelacionfm.cl\/wp-content\/uploads\/2025\/06\/20250627_105855-1-1-705x397.jpg 705w, https:\/\/radiorevelacionfm.cl\/wp-content\/uploads\/2025\/06\/20250627_105855-1-1-450x253.jpg 450w, https:\/\/radiorevelacionfm.cl\/wp-content\/uploads\/2025\/06\/20250627_105855-1-1-600x338.jpg 600w\" sizes=\"(max-width: 1066px) 100vw, 1066px\" \/><\/div><\/div><\/div><\/div><div class=\"flex_column av_one_full  flex_column_div av-zero-column-padding first  avia-builder-el-2  el_after_av_one_full  el_before_av_one_full  column-top-margin\" style='border-radius:0px; '><section class=\"av_textblock_section \"  itemscope=\"itemscope\" itemtype=\"https:\/\/schema.org\/BlogPosting\" itemprop=\"blogPost\" ><div class='avia_textblock  '   itemprop=\"text\" ><p style=\"text-align: center;\"><strong><span style=\"font-size: 18pt;\">Municipalidad de Ays\u00e9n presenta su calendario de actividades de julio<\/span><\/strong><\/p>\n<div id=\"gtx-trans\" style=\"position: absolute; left: -50px; top: 4.31534px;\">\n<div class=\"gtx-trans-icon\"><\/div>\n<\/div>\n<\/div><\/section><\/div><div class=\"flex_column av_one_full  flex_column_div av-zero-column-padding first  avia-builder-el-4  el_after_av_one_full  el_before_av_hr  column-top-margin\" style='border-radius:0px; '><section class=\"av_textblock_section \"  itemscope=\"itemscope\" itemtype=\"https:\/\/schema.org\/BlogPosting\" itemprop=\"blogPost\" ><div class='avia_textblock  '   itemprop=\"text\" ><p style=\"text-align: justify;\"><em>Se prepar\u00f3 una parrilla diversa para que los ni\u00f1os y ni\u00f1as de la comuna puedan participar de jornadas y talleres en la temporada invernal.<\/em><\/p>\n<p style=\"text-align: justify;\">Durante el mes de julio, momento en que se llegan las vacaciones de invierno, el municipio prepar\u00f3 una serie de actividades en toda la comuna de Ays\u00e9n, desde talleres deportivos gratuitos a jornadas de juegos con su propio teatro.<\/p>\n<p style=\"text-align: justify;\">Una parte de las actividades fue preparada por los funcionarios de la Direcci\u00f3n de Desarrollo Comunitario (DIDECO), los cuales realizar\u00e1n una jornada de escalada, una presentaci\u00f3n de teatro de sombras, talleres de periodismo, cocina y manualidades, un show de talentos, tardes de cine y m\u00e1s; varios de estos eventos se repetir\u00e1n en las localidades de Ma\u00f1ihuales, isla Las Huichas, Los Torreones, Chacabuco y Puerto Ays\u00e9n.<\/p>\n<p style=\"text-align: justify;\">La directora de la DIDECO, Karina Montecinos, realiza una invitaci\u00f3n \u201ca todos los ni\u00f1os, ni\u00f1as, adolescentes y j\u00f3venes de nuestra comuna a que puedan disfrutar de estas actividades, algunas van a requerir de inscripci\u00f3n previa o retiro de ticket, lo cual estaremos informando a trav\u00e9s de las redes sociales de la Municipalidad. Nuestro enfoque particularmente, es poder entregarles actividades en esta \u00e9poca invernal a nuestros ni\u00f1os para que puedan pasar tambi\u00e9n unas semanas entretenidas antes de retornar al colegio\u201d.<\/p>\n<p style=\"text-align: justify;\">Las actividades comenzar\u00e1n el s\u00e1bado 5 de julio y terminar\u00e1n con gran cierre el s\u00e1bado 26 del mismo mes en el Polideportivo de Puerto Ays\u00e9n.<\/p>\n<p style=\"text-align: justify;\">Por otro lado, la Corporaci\u00f3n del Deporte y Recreaci\u00f3n tambi\u00e9n se adhiri\u00f3 a la programaci\u00f3n de esta temporada invernal, desarrollando talleres gratuitos de b\u00e1squetbol, futsal, ciclismo y funcional kids; adem\u00e1s del curso de nataci\u00f3n a 40 mil pesos. Gran parte de estas clases son para ni\u00f1os mayores de ocho a\u00f1os, pero tambi\u00e9n las hay desde los cinco, dependiendo del deporte.<\/p>\n<p style=\"text-align: justify;\">Jorge Villegas, el director ejecutivo de la Corporaci\u00f3n, explica que \u201cla idea de nosotros es promover la actividad recreativa de la comuna, uno de los ejes principales que quiere fomentar el alcalde Luis Mart\u00ednez, es dar alternativas saludables a los ni\u00f1os de la comuna. La gran l\u00ednea que queremos trabajar es promover la acci\u00f3n, tratar de desconectar un poco a los ni\u00f1os de las pantallas, que hoy en d\u00eda tanto consumen, y obviamente debido a las condiciones clim\u00e1ticas, tener un espacio adecuado para que los peque\u00f1os puedan generar estas actividades deportivas durante las vacaciones de invierno\u201d.<\/p>\n<p style=\"text-align: justify;\">Igualmente el director explica que estos talleres podr\u00edan repetirse en las dem\u00e1s localidades y est\u00e1n trabajando para que puedan lograr ese objetivo. Las actividades de la Corporaci\u00f3n del Deporte y Recreaci\u00f3n son desde el lunes 7 hasta el viernes 18 de julio, para inscribirse hay que dirigirse el d\u00eda del taller al Polideportivo \u201c21 de abril\u201d.<\/p>\n<p style=\"text-align: justify;\">Todos los detalles en cuanto d\u00edas, edades y horarios de las actividades que prepar\u00f3 la municipalidad de Ays\u00e9n, se encuentran en sus redes sociales.<\/p>\n<\/div><\/section><\/div><div  style='height:50px' class='hr hr-invisible   avia-builder-el-6  el_after_av_one_full  el_before_av_social_share '><span class='hr-inner ' ><span class='hr-inner-style'><\/span><\/span><\/div><\/p>\n<div  class='av-social-sharing-box  avia-builder-el-7  el_after_av_hr  el_before_av_hr  '><div class='av-share-box'><h5 class='av-share-link-description av-no-toc '>Compartir esta noticia<\/h5><ul class='av-share-box-list noLightbox'><li class='av-share-link av-social-link-facebook' ><a target=\"_blank\" aria-label=\"Compartir en Facebook\" href='https:\/\/www.facebook.com\/sharer.php?u=https:\/\/radiorevelacionfm.cl\/?p=55872&#038;t=Municipalidad%20de%20Ays%C3%A9n%20presenta%20su%20calendario%20de%20actividades%20de%20julio' aria-hidden='false' data-av_icon='\ue8f3' data-av_iconfont='entypo-fontello' title='' data-avia-related-tooltip='Compartir en Facebook' rel=\"noopener\"><span class='avia_hidden_link_text'>Compartir en Facebook<\/span><\/a><\/li><li class='av-share-link av-social-link-twitter' ><a target=\"_blank\" aria-label=\"Compartir en Twitter\" href='https:\/\/twitter.com\/share?text=Municipalidad%20de%20Ays%C3%A9n%20presenta%20su%20calendario%20de%20actividades%20de%20julio&#038;url=https:\/\/radiorevelacionfm.cl\/?p=55872' aria-hidden='false' data-av_icon='\ue8f1' data-av_iconfont='entypo-fontello' title='' data-avia-related-tooltip='Compartir en Twitter' rel=\"noopener\"><span class='avia_hidden_link_text'>Compartir en Twitter<\/span><\/a><\/li><li class='av-share-link av-social-link-whatsapp' ><a target=\"_blank\" aria-label=\"Compartir en Whatsapp\" href='https:\/\/api.whatsapp.com\/send?text=https:\/\/radiorevelacionfm.cl\/?p=55872' aria-hidden='false' data-av_icon='\uf232' data-av_iconfont='entypo-fontello' title='' data-avia-related-tooltip='Compartir en Whatsapp' rel=\"noopener\"><span class='avia_hidden_link_text'>Compartir en Whatsapp<\/span><\/a><\/li><li class='av-share-link av-social-link-linkedin' ><a target=\"_blank\" aria-label=\"Compartir en LinkedIn\" href='https:\/\/linkedin.com\/shareArticle?mini=true&#038;title=Municipalidad%20de%20Ays%C3%A9n%20presenta%20su%20calendario%20de%20actividades%20de%20julio&#038;url=https:\/\/radiorevelacionfm.cl\/?p=55872' aria-hidden='false' data-av_icon='\ue8fc' data-av_iconfont='entypo-fontello' title='' data-avia-related-tooltip='Compartir en LinkedIn' rel=\"noopener\"><span class='avia_hidden_link_text'>Compartir en LinkedIn<\/span><\/a><\/li><li class='av-share-link av-social-link-mail' ><a  aria-label=\"Compartir por correo\" href='mailto:?subject=Municipalidad%20de%20Ays%C3%A9n%20presenta%20su%20calendario%20de%20actividades%20de%20julio&#038;body=https:\/\/radiorevelacionfm.cl\/?p=55872' aria-hidden='false' data-av_icon='\ue805' data-av_iconfont='entypo-fontello' title='' data-avia-related-tooltip='Compartir por correo'><span class='avia_hidden_link_text'>Compartir por correo<\/span><\/a><\/li><\/ul><\/div><\/div>\n<div  style='height:50px' class='hr hr-invisible   avia-builder-el-8  el_after_av_social_share  el_before_av_comments_list '><span class='hr-inner ' ><span class='hr-inner-style'><\/span><\/span><\/div>\n<div  class='av-buildercomment  av-blog-meta-html-info-disabled av-blog-meta-tag-disabled  '><\/div>\n","protected":false},"excerpt":{"rendered":"","protected":false},"author":1,"featured_media":55873,"comment_status":"closed","ping_status":"closed","sticky":false,"template":"","format":"standard","meta":{"footnotes":""},"categories":[38],"tags":[],"class_list":["post-55872","post","type-post","status-publish","format-standard","has-post-thumbnail","hentry","category-regional"],"jetpack_featured_media_url":"https:\/\/radiorevelacionfm.cl\/wp-content\/uploads\/2025\/06\/20250627_105855-1-1.jpg","_links":{"self":[{"href":"https:\/\/radiorevelacionfm.cl\/index.php?rest_route=\/wp\/v2\/posts\/55872","targetHints":{"allow":["GET"]}}],"collection":[{"href":"https:\/\/radiorevelacionfm.cl\/index.php?rest_route=\/wp\/v2\/posts"}],"about":[{"href":"https:\/\/radiorevelacionfm.cl\/index.php?rest_route=\/wp\/v2\/types\/post"}],"author":[{"embeddable":true,"href":"https:\/\/radiorevelacionfm.cl\/index.php?rest_route=\/wp\/v2\/users\/1"}],"replies":[{"embeddable":true,"href":"https:\/\/radiorevelacionfm.cl\/index.php?rest_route=%2Fwp%2Fv2%2Fcomments&post=55872"}],"version-history":[{"count":2,"href":"https:\/\/radiorevelacionfm.cl\/index.php?rest_route=\/wp\/v2\/posts\/55872\/revisions"}],"predecessor-version":[{"id":55875,"href":"https:\/\/radiorevelacionfm.cl\/index.php?rest_route=\/wp\/v2\/posts\/55872\/revisions\/55875"}],"wp:featuredmedia":[{"embeddable":true,"href":"https:\/\/radiorevelacionfm.cl\/index.php?rest_route=\/wp\/v2\/media\/55873"}],"wp:attachment":[{"href":"https:\/\/radiorevelacionfm.cl\/index.php?rest_route=%2Fwp%2Fv2%2Fmedia&parent=55872"}],"wp:term":[{"taxonomy":"category","embeddable":true,"href":"https:\/\/radiorevelacionfm.cl\/index.php?rest_route=%2Fwp%2Fv2%2Fcategories&post=55872"},{"taxonomy":"post_tag","embeddable":true,"href":"https:\/\/radiorevelacionfm.cl\/index.php?rest_route=%2Fwp%2Fv2%2Ftags&post=55872"}],"curies":[{"name":"wp","href":"https:\/\/api.w.org\/{rel}","templated":true}]}}