{"id":55868,"date":"2025-06-29T16:18:09","date_gmt":"2025-06-29T19:18:09","guid":{"rendered":"https:\/\/radiorevelacionfm.cl\/?p=55868"},"modified":"2025-06-29T16:18:09","modified_gmt":"2025-06-29T19:18:09","slug":"mas-de-35-familias-de-la-region-son-parte-del-programa-de-acompanamiento-a-la-identidad-de-genero","status":"publish","type":"post","link":"https:\/\/radiorevelacionfm.cl\/?p=55868","title":{"rendered":"M\u00e1s de 35 familias de la regi\u00f3n son parte del Programa de Acompa\u00f1amiento a la Identidad de G\u00e9nero"},"content":{"rendered":"<div class=\"flex_column av_one_full  flex_column_div av-zero-column-padding first  avia-builder-el-0  el_before_av_one_full  avia-builder-el-first  \" style='border-radius:0px; '><div  class='avia-image-container  av-styling-    avia-builder-el-1  avia-builder-el-no-sibling  avia-align-center '  itemprop=\"image\" itemscope=\"itemscope\" itemtype=\"https:\/\/schema.org\/ImageObject\"  ><div class='avia-image-container-inner'><div class='avia-image-overlay-wrap'><img decoding=\"async\" class='wp-image-55869 avia-img-lazy-loading-not-55869 avia_image' src=\"https:\/\/radiorevelacionfm.cl\/wp-content\/uploads\/2025\/06\/paig-3-1_optimized.jpg\" alt='' title='paig-(3)-(1)_optimized' height=\"600\" width=\"1066\"  itemprop=\"thumbnailUrl\" srcset=\"https:\/\/radiorevelacionfm.cl\/wp-content\/uploads\/2025\/06\/paig-3-1_optimized.jpg 1066w, https:\/\/radiorevelacionfm.cl\/wp-content\/uploads\/2025\/06\/paig-3-1_optimized-300x169.jpg 300w, https:\/\/radiorevelacionfm.cl\/wp-content\/uploads\/2025\/06\/paig-3-1_optimized-1030x580.jpg 1030w, https:\/\/radiorevelacionfm.cl\/wp-content\/uploads\/2025\/06\/paig-3-1_optimized-768x432.jpg 768w, https:\/\/radiorevelacionfm.cl\/wp-content\/uploads\/2025\/06\/paig-3-1_optimized-705x397.jpg 705w, https:\/\/radiorevelacionfm.cl\/wp-content\/uploads\/2025\/06\/paig-3-1_optimized-450x253.jpg 450w, https:\/\/radiorevelacionfm.cl\/wp-content\/uploads\/2025\/06\/paig-3-1_optimized-600x338.jpg 600w\" sizes=\"(max-width: 1066px) 100vw, 1066px\" \/><\/div><\/div><\/div><\/div><div class=\"flex_column av_one_full  flex_column_div av-zero-column-padding first  avia-builder-el-2  el_after_av_one_full  el_before_av_one_full  column-top-margin\" style='border-radius:0px; '><section class=\"av_textblock_section \"  itemscope=\"itemscope\" itemtype=\"https:\/\/schema.org\/BlogPosting\" itemprop=\"blogPost\" ><div class='avia_textblock  '   itemprop=\"text\" ><p style=\"text-align: center;\"><span style=\"font-size: 18pt;\"><strong>M\u00e1s de 35 familias de la regi\u00f3n son parte del Programa de Acompa\u00f1amiento a la Identidad de G\u00e9nero<\/strong><\/span><\/p>\n<div id=\"gtx-trans\" style=\"position: absolute; left: -50px; top: 4.31534px;\">\n<div class=\"gtx-trans-icon\"><\/div>\n<\/div>\n<\/div><\/section><\/div><div class=\"flex_column av_one_full  flex_column_div av-zero-column-padding first  avia-builder-el-4  el_after_av_one_full  el_before_av_hr  column-top-margin\" style='border-radius:0px; '><section class=\"av_textblock_section \"  itemscope=\"itemscope\" itemtype=\"https:\/\/schema.org\/BlogPosting\" itemprop=\"blogPost\" ><div class='avia_textblock  '   itemprop=\"text\" ><p style=\"text-align: justify;\"><em>Durante su primer a\u00f1o de funcionamiento, esta estrategia ejecutada por el Hospital Regional Coyhaique ha marcado un precedente por su compromiso con la dignidad, el respeto y el acompa\u00f1amiento integral a ni\u00f1as, ni\u00f1os y adolescentes trans y g\u00e9nero diverso.<\/em><\/p>\n<p style=\"text-align: justify;\">En el marco de la conmemoraci\u00f3n del Mes del Orgullo LGBTIQA+, el Hospital Regional Coyhaique releva el trabajo que viene desarrollando el Programa de Acompa\u00f1amiento a la Identidad de G\u00e9nero (PAIG), iniciativa que ha marcado un precedente en la red asistencial de la Regi\u00f3n de Ays\u00e9n por su compromiso con la dignidad, el respeto y el acompa\u00f1amiento integral a ni\u00f1os, ni\u00f1as y adolescentes (NNA) trans y de g\u00e9nero diverso.<\/p>\n<p style=\"text-align: justify;\">El PAIG del Hospital Regional Coyhaique, tambi\u00e9n conocido como \u201cCrece con Orgullo\u201d, se enmarca en las orientaciones del Ministerio de Salud (MINSAL) y la Ley N\u00b021.120 de Identidad de G\u00e9nero para la atenci\u00f3n de personas con experiencias trans y diversidades sexo-gen\u00e9ricas, y que forma parte de la estrategia de inclusi\u00f3n, equidad de g\u00e9nero y derechos humanos en salud, que inici\u00f3 sus funciones en marzo de 2024 y hoy se encuentra articulado con toda la red de salud de Ays\u00e9n.<\/p>\n<p style=\"text-align: justify;\">\u201cEste programa est\u00e1 dirigido a ni\u00f1as, ni\u00f1os y adolescentes de 3 a 17 a\u00f1os, que se identifiquen como trans, no binarias u otras identidades de g\u00e9nero diversas, y que requieran apoyo en su proceso de tr\u00e1nsito social o legal\u201d explica Fernanda Rom\u00e1n, psic\u00f3loga del PAIG, destacando que el trabajo realizado por este programa se centra en la atenci\u00f3n psicosocial, contenci\u00f3n emocional y orientaci\u00f3n en el proceso de transici\u00f3n de g\u00e9nero a todo el n\u00facleo familiar.<\/p>\n<p style=\"text-align: justify;\">Por su parte Marcela Figueroa, trabajadora social del equipo PAIG, destac\u00f3 que durante el primer a\u00f1o de funcionamiento de este programa \u201catendemos a m\u00e1s de 35 familias de la regi\u00f3n de Ays\u00e9n, considerando que somos una dupla de alcance regional. En este sentido, m\u00e1s del 80% \u2013 90% es residente de la localidad de Coyhaique. Tambi\u00e9n ha sido s\u00faper importante establecer redes, tanto con el sector salud como con el intersector, para poder aumentar los ingresos de otras localidades\u201d.<\/p>\n<p style=\"text-align: justify;\">En ese sentido, la profesional destac\u00f3 que parte del trabajo de esta dupla se centra en la sensibilizaci\u00f3n y capacitaci\u00f3n asociada a tem\u00e1ticas de g\u00e9nero a los equipos de salud y del intersector (educaci\u00f3n, municipios, entre otros) que trabajan con NNA para mejorar la atenci\u00f3n con enfoque de g\u00e9nero, interculturalidad y derechos humanos.<\/p>\n<p style=\"text-align: justify;\">En efecto, justamente con el fin de entregar una atenci\u00f3n en un espacio seguro que brinde contenci\u00f3n tanto a los NNA como a sus familias, las atenciones de la dupla psicosocial son en un espacio fuera del Hospital Regional Coyhaique.<\/p>\n<p style=\"text-align: justify;\">\u201cEn esta sala los recepcionamos con una bandera del orgullo, contamos con material did\u00e1ctico y l\u00fadico para las ni\u00f1eces y adolescentes en todos los rangos etarios. Se trata de una recepci\u00f3n muy diferente de lo que es en el \u00e1mbito cl\u00ednico hospitalario, y eso es lo que intentamos lograr con este programa: conformar un espacio seguro\u201d, precis\u00f3 la psic\u00f3loga.<\/p>\n<p style=\"text-align: justify;\">En lo que respecta al proceso de ingreso de las familias a este programa, la profesional agreg\u00f3 que \u201cse lleva a cabo una entrevista inicial en donde se orienta e informa a estas familias junto a los ni\u00f1os, ni\u00f1as o adolescentes respecto a cu\u00e1les son los objetivos del programa, qu\u00e9 es lo que se quiere lograr y en este caso si la ni\u00f1ez o adolescencia quiere participar, se lleva a cabo el proceso de ingreso, donde se le valida y reafirma que toda aquella actividad que quiera realizar va a ser en torno a sus necesidades personales y familiares\u201d.<\/p>\n<p style=\"text-align: justify;\">En ese sentido, la dupla psicosocial del \u201cCrece con Orgullo\u201d hizo un llamado a los equipos profesionales o instituciones que requieran resolver dudas, recibir orientaci\u00f3n, informaci\u00f3n o conocer m\u00e1s sobre este programa, pueden hacerlo a trav\u00e9s del correo electr\u00f3nico <a href=\"mailto:crececonorgulloaysen@saludaysen.cl\">crececonorgulloaysen@saludaysen.cl<\/a><\/p>\n<\/div><\/section><\/div><div  style='height:50px' class='hr hr-invisible   avia-builder-el-6  el_after_av_one_full  el_before_av_social_share '><span class='hr-inner ' ><span class='hr-inner-style'><\/span><\/span><\/div><\/p>\n<div  class='av-social-sharing-box  avia-builder-el-7  el_after_av_hr  el_before_av_hr  '><div class='av-share-box'><h5 class='av-share-link-description av-no-toc '>Compartir esta noticia<\/h5><ul class='av-share-box-list noLightbox'><li class='av-share-link av-social-link-facebook' ><a target=\"_blank\" aria-label=\"Compartir en Facebook\" href='https:\/\/www.facebook.com\/sharer.php?u=https:\/\/radiorevelacionfm.cl\/?p=55868&#038;t=M%C3%A1s%20de%2035%20familias%20de%20la%20regi%C3%B3n%20son%20parte%20del%20Programa%20de%20Acompa%C3%B1amiento%20a%20la%20Identidad%20de%20G%C3%A9nero' aria-hidden='false' data-av_icon='\ue8f3' data-av_iconfont='entypo-fontello' title='' data-avia-related-tooltip='Compartir en Facebook' rel=\"noopener\"><span class='avia_hidden_link_text'>Compartir en Facebook<\/span><\/a><\/li><li class='av-share-link av-social-link-twitter' ><a target=\"_blank\" aria-label=\"Compartir en Twitter\" href='https:\/\/twitter.com\/share?text=M%C3%A1s%20de%2035%20familias%20de%20la%20regi%C3%B3n%20son%20parte%20del%20Programa%20de%20Acompa%C3%B1amiento%20a%20la%20Identidad%20de%20G%C3%A9nero&#038;url=https:\/\/radiorevelacionfm.cl\/?p=55868' aria-hidden='false' data-av_icon='\ue8f1' data-av_iconfont='entypo-fontello' title='' data-avia-related-tooltip='Compartir en Twitter' rel=\"noopener\"><span class='avia_hidden_link_text'>Compartir en Twitter<\/span><\/a><\/li><li class='av-share-link av-social-link-whatsapp' ><a target=\"_blank\" aria-label=\"Compartir en Whatsapp\" href='https:\/\/api.whatsapp.com\/send?text=https:\/\/radiorevelacionfm.cl\/?p=55868' aria-hidden='false' data-av_icon='\uf232' data-av_iconfont='entypo-fontello' title='' data-avia-related-tooltip='Compartir en Whatsapp' rel=\"noopener\"><span class='avia_hidden_link_text'>Compartir en Whatsapp<\/span><\/a><\/li><li class='av-share-link av-social-link-linkedin' ><a target=\"_blank\" aria-label=\"Compartir en LinkedIn\" href='https:\/\/linkedin.com\/shareArticle?mini=true&#038;title=M%C3%A1s%20de%2035%20familias%20de%20la%20regi%C3%B3n%20son%20parte%20del%20Programa%20de%20Acompa%C3%B1amiento%20a%20la%20Identidad%20de%20G%C3%A9nero&#038;url=https:\/\/radiorevelacionfm.cl\/?p=55868' aria-hidden='false' data-av_icon='\ue8fc' data-av_iconfont='entypo-fontello' title='' data-avia-related-tooltip='Compartir en LinkedIn' rel=\"noopener\"><span class='avia_hidden_link_text'>Compartir en LinkedIn<\/span><\/a><\/li><li class='av-share-link av-social-link-mail' ><a  aria-label=\"Compartir por correo\" href='mailto:?subject=M%C3%A1s%20de%2035%20familias%20de%20la%20regi%C3%B3n%20son%20parte%20del%20Programa%20de%20Acompa%C3%B1amiento%20a%20la%20Identidad%20de%20G%C3%A9nero&#038;body=https:\/\/radiorevelacionfm.cl\/?p=55868' aria-hidden='false' data-av_icon='\ue805' data-av_iconfont='entypo-fontello' title='' data-avia-related-tooltip='Compartir por correo'><span class='avia_hidden_link_text'>Compartir por correo<\/span><\/a><\/li><\/ul><\/div><\/div>\n<div  style='height:50px' class='hr hr-invisible   avia-builder-el-8  el_after_av_social_share  el_before_av_comments_list '><span class='hr-inner ' ><span class='hr-inner-style'><\/span><\/span><\/div>\n<div  class='av-buildercomment  av-blog-meta-html-info-disabled av-blog-meta-tag-disabled  '><\/div>\n","protected":false},"excerpt":{"rendered":"","protected":false},"author":1,"featured_media":55869,"comment_status":"closed","ping_status":"closed","sticky":false,"template":"","format":"standard","meta":{"footnotes":""},"categories":[46],"tags":[],"class_list":["post-55868","post","type-post","status-publish","format-standard","has-post-thumbnail","hentry","category-salud"],"jetpack_featured_media_url":"https:\/\/radiorevelacionfm.cl\/wp-content\/uploads\/2025\/06\/paig-3-1_optimized.jpg","_links":{"self":[{"href":"https:\/\/radiorevelacionfm.cl\/index.php?rest_route=\/wp\/v2\/posts\/55868","targetHints":{"allow":["GET"]}}],"collection":[{"href":"https:\/\/radiorevelacionfm.cl\/index.php?rest_route=\/wp\/v2\/posts"}],"about":[{"href":"https:\/\/radiorevelacionfm.cl\/index.php?rest_route=\/wp\/v2\/types\/post"}],"author":[{"embeddable":true,"href":"https:\/\/radiorevelacionfm.cl\/index.php?rest_route=\/wp\/v2\/users\/1"}],"replies":[{"embeddable":true,"href":"https:\/\/radiorevelacionfm.cl\/index.php?rest_route=%2Fwp%2Fv2%2Fcomments&post=55868"}],"version-history":[{"count":2,"href":"https:\/\/radiorevelacionfm.cl\/index.php?rest_route=\/wp\/v2\/posts\/55868\/revisions"}],"predecessor-version":[{"id":55871,"href":"https:\/\/radiorevelacionfm.cl\/index.php?rest_route=\/wp\/v2\/posts\/55868\/revisions\/55871"}],"wp:featuredmedia":[{"embeddable":true,"href":"https:\/\/radiorevelacionfm.cl\/index.php?rest_route=\/wp\/v2\/media\/55869"}],"wp:attachment":[{"href":"https:\/\/radiorevelacionfm.cl\/index.php?rest_route=%2Fwp%2Fv2%2Fmedia&parent=55868"}],"wp:term":[{"taxonomy":"category","embeddable":true,"href":"https:\/\/radiorevelacionfm.cl\/index.php?rest_route=%2Fwp%2Fv2%2Fcategories&post=55868"},{"taxonomy":"post_tag","embeddable":true,"href":"https:\/\/radiorevelacionfm.cl\/index.php?rest_route=%2Fwp%2Fv2%2Ftags&post=55868"}],"curies":[{"name":"wp","href":"https:\/\/api.w.org\/{rel}","templated":true}]}}