{"id":55864,"date":"2025-06-29T16:04:14","date_gmt":"2025-06-29T19:04:14","guid":{"rendered":"https:\/\/radiorevelacionfm.cl\/?p=55864"},"modified":"2025-06-29T16:04:14","modified_gmt":"2025-06-29T19:04:14","slug":"intenso-frio-balmaceda-registro-176-grados-durante-la-madrugada-de-este-domingo","status":"publish","type":"post","link":"https:\/\/radiorevelacionfm.cl\/?p=55864","title":{"rendered":"Intenso Fr\u00edo: Balmaceda registr\u00f3 -17,6 grados durante la madrugada de este domingo"},"content":{"rendered":"<div class=\"flex_column av_one_full  flex_column_div av-zero-column-padding first  avia-builder-el-0  el_before_av_one_full  avia-builder-el-first  \" style='border-radius:0px; '><div  class='avia-image-container  av-styling-    avia-builder-el-1  avia-builder-el-no-sibling  avia-align-center '  itemprop=\"image\" itemscope=\"itemscope\" itemtype=\"https:\/\/schema.org\/ImageObject\"  ><div class='avia-image-container-inner'><div class='avia-image-overlay-wrap'><img decoding=\"async\" class='wp-image-55865 avia-img-lazy-loading-not-55865 avia_image' src=\"https:\/\/radiorevelacionfm.cl\/wp-content\/uploads\/2025\/06\/IMG-20250629-WA0027-1-1.jpg\" alt='' title='IMG-20250629-WA0027 (1) (1)' height=\"600\" width=\"800\"  itemprop=\"thumbnailUrl\" srcset=\"https:\/\/radiorevelacionfm.cl\/wp-content\/uploads\/2025\/06\/IMG-20250629-WA0027-1-1.jpg 800w, https:\/\/radiorevelacionfm.cl\/wp-content\/uploads\/2025\/06\/IMG-20250629-WA0027-1-1-300x225.jpg 300w, https:\/\/radiorevelacionfm.cl\/wp-content\/uploads\/2025\/06\/IMG-20250629-WA0027-1-1-768x576.jpg 768w, https:\/\/radiorevelacionfm.cl\/wp-content\/uploads\/2025\/06\/IMG-20250629-WA0027-1-1-705x529.jpg 705w, https:\/\/radiorevelacionfm.cl\/wp-content\/uploads\/2025\/06\/IMG-20250629-WA0027-1-1-450x338.jpg 450w, https:\/\/radiorevelacionfm.cl\/wp-content\/uploads\/2025\/06\/IMG-20250629-WA0027-1-1-600x450.jpg 600w\" sizes=\"(max-width: 800px) 100vw, 800px\" \/><\/div><\/div><\/div><\/div><div class=\"flex_column av_one_full  flex_column_div av-zero-column-padding first  avia-builder-el-2  el_after_av_one_full  el_before_av_one_full  column-top-margin\" style='border-radius:0px; '><section class=\"av_textblock_section \"  itemscope=\"itemscope\" itemtype=\"https:\/\/schema.org\/BlogPosting\" itemprop=\"blogPost\" ><div class='avia_textblock  '   itemprop=\"text\" ><p style=\"text-align: center;\"><strong><span style=\"font-size: 18pt;\">Intenso Fr\u00edo: Balmaceda registr\u00f3 -17,6 grados durante la madrugada de este domingo<\/span><\/strong><\/p>\n<div id=\"gtx-trans\" style=\"position: absolute; left: -50px; top: 4.31534px;\">\n<div class=\"gtx-trans-icon\"><\/div>\n<\/div>\n<\/div><\/section><\/div><div class=\"flex_column av_one_full  flex_column_div av-zero-column-padding first  avia-builder-el-4  el_after_av_one_full  el_before_av_hr  column-top-margin\" style='border-radius:0px; '><section class=\"av_textblock_section \"  itemscope=\"itemscope\" itemtype=\"https:\/\/schema.org\/BlogPosting\" itemprop=\"blogPost\" ><div class='avia_textblock  '   itemprop=\"text\" ><p style=\"text-align: justify;\">Intenso fr\u00edo se ha registrado en el sur de Chile, principalmente en la regi\u00f3n de Ays\u00e9n, donde este domingo se registraron -17,6 grados en la localidad de Balmaceda, donde se ubica el principal aer\u00f3dromo de la zona, que es la puerta de entrada v\u00eda a\u00e9rea a la regi\u00f3n.<\/p>\n<div class=\"x14z9mp xat24cr x1lziwak x1vvkbs xtlvy1s x126k92a\">\n<div dir=\"auto\" style=\"text-align: justify;\">La Direcci\u00f3n Meteorol\u00f3gica de Chile emiti\u00f3 una Actualizaci\u00f3n de la Alerta Meteorol\u00f3gica AA55-1\/2025 por HELADAS MODERADAS A INTENSAS, para la zona Patagonia Subandina Norte de la Regi\u00f3n de Ays\u00e9n, pronosticadas entre la madrugada del domingo 29 y la ma\u00f1ana del lunes 30 de junio de 2025, de acuerdo con lo siguiente.<\/div>\n<\/div>\n<div class=\"x14z9mp xat24cr x1lziwak x1vvkbs xtlvy1s x126k92a\">\n<div dir=\"auto\"><\/div>\n<div dir=\"auto\" style=\"text-align: justify;\"><strong>Zona:<\/strong><\/div>\n<div dir=\"auto\" style=\"text-align: justify;\">*Litoral Interior Norte -7 A -5<\/div>\n<div dir=\"auto\" style=\"text-align: justify;\">*Patagonia Subandina Sur -9 A -7<\/div>\n<div dir=\"auto\" style=\"text-align: justify;\">*Patagonia Subandina Norte -15 A -13<\/div>\n<\/div>\n<p style=\"text-align: justify;\">De acuerdo a informaci\u00f3n de la DMC, DGAC, INIA Y AGROMET, las regiones de Ays\u00e9n, Magallanes, Los Lagos y Los R\u00edos registraron las temperaturas m\u00e1s bajas este domingo 29 de Junio de 2025. (hasta las 08:30 horas).<\/p>\n<p style=\"text-align: justify;\">Balmaceda (Ays\u00e9n): -17,6\u00b0 C.<\/p>\n<p style=\"text-align: justify;\">\u00d1irehuao (Ays\u00e9n): -17.2\u00b0 C.<\/p>\n<p style=\"text-align: justify;\">R\u00edo Serrano (Magallanes): -16.1\u00b0 C.<\/p>\n<p style=\"text-align: justify;\">Arroyo El Gato (Ays\u00e9n): -15.9\u00b0 C.<\/p>\n<p style=\"text-align: justify;\">Puerto Natales (Magallanes): -15.7\u00b0 C.<\/p>\n<p style=\"text-align: justify;\">Vista Hermosa (Ays\u00e9n): -15.4\u00b0 C.<\/p>\n<p style=\"text-align: justify;\">Cerro Castillo (Ays\u00e9n): -12.4\u00b0 C.<\/p>\n<p style=\"text-align: justify;\">Villa Tehuelche (Magallanes): -12.1\u00b0 C.<\/p>\n<p style=\"text-align: justify;\">Tierra del Fuego (Magallanes): -10.7\u00b0 C.<\/p>\n<p style=\"text-align: justify;\">Cochrane (Ays\u00e9n): -10.3\u00b0 C.<\/p>\n<p style=\"text-align: justify;\">Coyhaique (Ays\u00e9n): -10.3\u00b0 C.<\/p>\n<p style=\"text-align: justify;\">Futaleuf\u00fa (Los Lagos): -9.9\u00b0 C.<\/p>\n<p style=\"text-align: justify;\">Villa O&#8217;Higgins (Ays\u00e9n): -8.9\u00b0 C.<\/p>\n<p style=\"text-align: justify;\">Chile Chico (Ays\u00e9n): -8.0\u00b0 C.<\/p>\n<p style=\"text-align: justify;\">Osorno (Los Lagos): -7.6\u00b0 C.<\/p>\n<p style=\"text-align: justify;\">Paillaco (Los R\u00edos): -7.1\u00b0 C.<\/p>\n<p style=\"text-align: justify;\">Purranque (Los Lagos): -7.1\u00b0 C.<\/p>\n<p style=\"text-align: justify;\">Quilanto (Los Lagos): -6.9\u00b0 C.<\/p>\n<p style=\"text-align: justify;\">La Uni\u00f3n (Los R\u00edos): -6.3\u00b0 C.<\/p>\n<p style=\"text-align: justify;\">Quell\u00f3n (Los Lagos): -6.1\u00b0 C.<\/p>\n<p style=\"text-align: justify;\">Puerto Montt (Los Lagos): -5.6\u00b0 C.<\/p>\n<\/div><\/section><\/div><div  style='height:50px' class='hr hr-invisible   avia-builder-el-6  el_after_av_one_full  el_before_av_social_share '><span class='hr-inner ' ><span class='hr-inner-style'><\/span><\/span><\/div><\/p>\n<div  class='av-social-sharing-box  avia-builder-el-7  el_after_av_hr  el_before_av_hr  '><div class='av-share-box'><h5 class='av-share-link-description av-no-toc '>Compartir esta noticia<\/h5><ul class='av-share-box-list noLightbox'><li class='av-share-link av-social-link-facebook' ><a target=\"_blank\" aria-label=\"Compartir en Facebook\" href='https:\/\/www.facebook.com\/sharer.php?u=https:\/\/radiorevelacionfm.cl\/?p=55864&#038;t=Intenso%20Fr%C3%ADo%3A%20Balmaceda%20registr%C3%B3%20-17%2C6%20grados%20durante%20la%20madrugada%20de%20este%20domingo' aria-hidden='false' data-av_icon='\ue8f3' data-av_iconfont='entypo-fontello' title='' data-avia-related-tooltip='Compartir en Facebook' rel=\"noopener\"><span class='avia_hidden_link_text'>Compartir en Facebook<\/span><\/a><\/li><li class='av-share-link av-social-link-twitter' ><a target=\"_blank\" aria-label=\"Compartir en Twitter\" href='https:\/\/twitter.com\/share?text=Intenso%20Fr%C3%ADo%3A%20Balmaceda%20registr%C3%B3%20-17%2C6%20grados%20durante%20la%20madrugada%20de%20este%20domingo&#038;url=https:\/\/radiorevelacionfm.cl\/?p=55864' aria-hidden='false' data-av_icon='\ue8f1' data-av_iconfont='entypo-fontello' title='' data-avia-related-tooltip='Compartir en Twitter' rel=\"noopener\"><span class='avia_hidden_link_text'>Compartir en Twitter<\/span><\/a><\/li><li class='av-share-link av-social-link-whatsapp' ><a target=\"_blank\" aria-label=\"Compartir en Whatsapp\" href='https:\/\/api.whatsapp.com\/send?text=https:\/\/radiorevelacionfm.cl\/?p=55864' aria-hidden='false' data-av_icon='\uf232' data-av_iconfont='entypo-fontello' title='' data-avia-related-tooltip='Compartir en Whatsapp' rel=\"noopener\"><span class='avia_hidden_link_text'>Compartir en Whatsapp<\/span><\/a><\/li><li class='av-share-link av-social-link-linkedin' ><a target=\"_blank\" aria-label=\"Compartir en LinkedIn\" href='https:\/\/linkedin.com\/shareArticle?mini=true&#038;title=Intenso%20Fr%C3%ADo%3A%20Balmaceda%20registr%C3%B3%20-17%2C6%20grados%20durante%20la%20madrugada%20de%20este%20domingo&#038;url=https:\/\/radiorevelacionfm.cl\/?p=55864' aria-hidden='false' data-av_icon='\ue8fc' data-av_iconfont='entypo-fontello' title='' data-avia-related-tooltip='Compartir en LinkedIn' rel=\"noopener\"><span class='avia_hidden_link_text'>Compartir en LinkedIn<\/span><\/a><\/li><li class='av-share-link av-social-link-mail' ><a  aria-label=\"Compartir por correo\" href='mailto:?subject=Intenso%20Fr%C3%ADo%3A%20Balmaceda%20registr%C3%B3%20-17%2C6%20grados%20durante%20la%20madrugada%20de%20este%20domingo&#038;body=https:\/\/radiorevelacionfm.cl\/?p=55864' aria-hidden='false' data-av_icon='\ue805' data-av_iconfont='entypo-fontello' title='' data-avia-related-tooltip='Compartir por correo'><span class='avia_hidden_link_text'>Compartir por correo<\/span><\/a><\/li><\/ul><\/div><\/div>\n<div  style='height:50px' class='hr hr-invisible   avia-builder-el-8  el_after_av_social_share  el_before_av_comments_list '><span class='hr-inner ' ><span class='hr-inner-style'><\/span><\/span><\/div>\n<div  class='av-buildercomment  av-blog-meta-html-info-disabled av-blog-meta-tag-disabled  '><\/div>\n","protected":false},"excerpt":{"rendered":"","protected":false},"author":1,"featured_media":55865,"comment_status":"closed","ping_status":"closed","sticky":false,"template":"","format":"standard","meta":{"footnotes":""},"categories":[38],"tags":[],"class_list":["post-55864","post","type-post","status-publish","format-standard","has-post-thumbnail","hentry","category-regional"],"jetpack_featured_media_url":"https:\/\/radiorevelacionfm.cl\/wp-content\/uploads\/2025\/06\/IMG-20250629-WA0027-1-1.jpg","_links":{"self":[{"href":"https:\/\/radiorevelacionfm.cl\/index.php?rest_route=\/wp\/v2\/posts\/55864","targetHints":{"allow":["GET"]}}],"collection":[{"href":"https:\/\/radiorevelacionfm.cl\/index.php?rest_route=\/wp\/v2\/posts"}],"about":[{"href":"https:\/\/radiorevelacionfm.cl\/index.php?rest_route=\/wp\/v2\/types\/post"}],"author":[{"embeddable":true,"href":"https:\/\/radiorevelacionfm.cl\/index.php?rest_route=\/wp\/v2\/users\/1"}],"replies":[{"embeddable":true,"href":"https:\/\/radiorevelacionfm.cl\/index.php?rest_route=%2Fwp%2Fv2%2Fcomments&post=55864"}],"version-history":[{"count":2,"href":"https:\/\/radiorevelacionfm.cl\/index.php?rest_route=\/wp\/v2\/posts\/55864\/revisions"}],"predecessor-version":[{"id":55867,"href":"https:\/\/radiorevelacionfm.cl\/index.php?rest_route=\/wp\/v2\/posts\/55864\/revisions\/55867"}],"wp:featuredmedia":[{"embeddable":true,"href":"https:\/\/radiorevelacionfm.cl\/index.php?rest_route=\/wp\/v2\/media\/55865"}],"wp:attachment":[{"href":"https:\/\/radiorevelacionfm.cl\/index.php?rest_route=%2Fwp%2Fv2%2Fmedia&parent=55864"}],"wp:term":[{"taxonomy":"category","embeddable":true,"href":"https:\/\/radiorevelacionfm.cl\/index.php?rest_route=%2Fwp%2Fv2%2Fcategories&post=55864"},{"taxonomy":"post_tag","embeddable":true,"href":"https:\/\/radiorevelacionfm.cl\/index.php?rest_route=%2Fwp%2Fv2%2Ftags&post=55864"}],"curies":[{"name":"wp","href":"https:\/\/api.w.org\/{rel}","templated":true}]}}