{"id":55856,"date":"2025-06-28T20:55:39","date_gmt":"2025-06-28T23:55:39","guid":{"rendered":"https:\/\/radiorevelacionfm.cl\/?p=55856"},"modified":"2025-06-28T20:55:39","modified_gmt":"2025-06-28T23:55:39","slug":"incendio-ocurrido-esta-manana-en-cochrane-afecto-dependencias-municipales","status":"publish","type":"post","link":"https:\/\/radiorevelacionfm.cl\/?p=55856","title":{"rendered":"Incendio ocurrido esta ma\u00f1ana en Cochrane afect\u00f3 dependencias municipales"},"content":{"rendered":"<div class=\"flex_column av_one_full  flex_column_div av-zero-column-padding first  avia-builder-el-0  el_before_av_one_full  avia-builder-el-first  \" style='border-radius:0px; '><div  class='avia-image-container  av-styling-    avia-builder-el-1  avia-builder-el-no-sibling  avia-align-center '  itemprop=\"image\" itemscope=\"itemscope\" itemtype=\"https:\/\/schema.org\/ImageObject\"  ><div class='avia-image-container-inner'><div class='avia-image-overlay-wrap'><img decoding=\"async\" class='wp-image-55857 avia-img-lazy-loading-not-55857 avia_image' src=\"https:\/\/radiorevelacionfm.cl\/wp-content\/uploads\/2025\/06\/Incendio-Cochrane-1.jpg\" alt='' title='Incendio Cochrane (1)' height=\"600\" width=\"1048\"  itemprop=\"thumbnailUrl\" srcset=\"https:\/\/radiorevelacionfm.cl\/wp-content\/uploads\/2025\/06\/Incendio-Cochrane-1.jpg 1048w, https:\/\/radiorevelacionfm.cl\/wp-content\/uploads\/2025\/06\/Incendio-Cochrane-1-300x172.jpg 300w, https:\/\/radiorevelacionfm.cl\/wp-content\/uploads\/2025\/06\/Incendio-Cochrane-1-1030x590.jpg 1030w, https:\/\/radiorevelacionfm.cl\/wp-content\/uploads\/2025\/06\/Incendio-Cochrane-1-768x440.jpg 768w, https:\/\/radiorevelacionfm.cl\/wp-content\/uploads\/2025\/06\/Incendio-Cochrane-1-705x404.jpg 705w, https:\/\/radiorevelacionfm.cl\/wp-content\/uploads\/2025\/06\/Incendio-Cochrane-1-450x258.jpg 450w, https:\/\/radiorevelacionfm.cl\/wp-content\/uploads\/2025\/06\/Incendio-Cochrane-1-600x344.jpg 600w\" sizes=\"(max-width: 1048px) 100vw, 1048px\" \/><\/div><\/div><\/div><\/div><div class=\"flex_column av_one_full  flex_column_div av-zero-column-padding first  avia-builder-el-2  el_after_av_one_full  el_before_av_one_full  column-top-margin\" style='border-radius:0px; '><section class=\"av_textblock_section \"  itemscope=\"itemscope\" itemtype=\"https:\/\/schema.org\/BlogPosting\" itemprop=\"blogPost\" ><div class='avia_textblock  '   itemprop=\"text\" ><p style=\"text-align: center;\"><strong><span style=\"font-size: 18pt;\">Incendio ocurrido esta ma\u00f1ana en Cochrane afect\u00f3 dependencias municipales<\/span><\/strong><\/p>\n<div id=\"gtx-trans\" style=\"position: absolute; left: -50px; top: 4.31534px;\">\n<div class=\"gtx-trans-icon\"><\/div>\n<\/div>\n<\/div><\/section><\/div><div class=\"flex_column av_one_full  flex_column_div av-zero-column-padding first  avia-builder-el-4  el_after_av_one_full  el_before_av_hr  column-top-margin\" style='border-radius:0px; '><section class=\"av_textblock_section \"  itemscope=\"itemscope\" itemtype=\"https:\/\/schema.org\/BlogPosting\" itemprop=\"blogPost\" ><div class='avia_textblock  '   itemprop=\"text\" ><p style=\"text-align: justify;\">Cerca de las 10:00 horas de esta ma\u00f1ana -28 de junio de 2025- se activ\u00f3 la alarma de Bomberos en la ciudad de Cochrane, por un incendio que afect\u00f3 las dependencias de la Municipalidad.<\/p>\n<p style=\"text-align: justify;\">Desde el propio municipio, se\u00f1alaron que no se registraron personas lesionadas ni trabajadores afectados producto de esta emergencia. Tambi\u00e9n lamentaron profundamente este hecho, que ha generado importantes da\u00f1os materiales cuya magnitud se encuentra en evaluaci\u00f3n. Junto con agradecer el r\u00e1pido y eficaz actuar del Cuerpo de Bomberos de Cochrane, de Carabineros de Chile y de los propios funcionarios municipales, quienes trabajaron coordinadamente para controlar la emergencia y evitar consecuencias mayores.<\/p>\n<p style=\"text-align: justify;\">Adem\u00e1s, informaron que debido a este incidente, algunas labores municipales vinculadas a mantenimiento de \u00e1reas verdes, servicios generales y ejecuci\u00f3n de proyectos FRIL se ver\u00e1n temporalmente pausados mientras se reestablecen las condiciones operativas necesarias para su funcionamiento.<\/p>\n<p style=\"text-align: justify;\">Finalmente se\u00f1alaron que se han iniciado las investigaciones correspondientes para esclarecer el origen del incendio y tomar las medidas que correspondan.<\/p>\n<\/div><\/section><\/div><div  style='height:50px' class='hr hr-invisible   avia-builder-el-6  el_after_av_one_full  el_before_av_social_share '><span class='hr-inner ' ><span class='hr-inner-style'><\/span><\/span><\/div><\/p>\n<div  class='av-social-sharing-box  avia-builder-el-7  el_after_av_hr  el_before_av_hr  '><div class='av-share-box'><h5 class='av-share-link-description av-no-toc '>Compartir esta noticia<\/h5><ul class='av-share-box-list noLightbox'><li class='av-share-link av-social-link-facebook' ><a target=\"_blank\" aria-label=\"Compartir en Facebook\" href='https:\/\/www.facebook.com\/sharer.php?u=https:\/\/radiorevelacionfm.cl\/?p=55856&#038;t=Incendio%20ocurrido%20esta%20ma%C3%B1ana%20en%20Cochrane%20afect%C3%B3%20dependencias%20municipales' aria-hidden='false' data-av_icon='\ue8f3' data-av_iconfont='entypo-fontello' title='' data-avia-related-tooltip='Compartir en Facebook' rel=\"noopener\"><span class='avia_hidden_link_text'>Compartir en Facebook<\/span><\/a><\/li><li class='av-share-link av-social-link-twitter' ><a target=\"_blank\" aria-label=\"Compartir en Twitter\" href='https:\/\/twitter.com\/share?text=Incendio%20ocurrido%20esta%20ma%C3%B1ana%20en%20Cochrane%20afect%C3%B3%20dependencias%20municipales&#038;url=https:\/\/radiorevelacionfm.cl\/?p=55856' aria-hidden='false' data-av_icon='\ue8f1' data-av_iconfont='entypo-fontello' title='' data-avia-related-tooltip='Compartir en Twitter' rel=\"noopener\"><span class='avia_hidden_link_text'>Compartir en Twitter<\/span><\/a><\/li><li class='av-share-link av-social-link-whatsapp' ><a target=\"_blank\" aria-label=\"Compartir en Whatsapp\" href='https:\/\/api.whatsapp.com\/send?text=https:\/\/radiorevelacionfm.cl\/?p=55856' aria-hidden='false' data-av_icon='\uf232' data-av_iconfont='entypo-fontello' title='' data-avia-related-tooltip='Compartir en Whatsapp' rel=\"noopener\"><span class='avia_hidden_link_text'>Compartir en Whatsapp<\/span><\/a><\/li><li class='av-share-link av-social-link-linkedin' ><a target=\"_blank\" aria-label=\"Compartir en LinkedIn\" href='https:\/\/linkedin.com\/shareArticle?mini=true&#038;title=Incendio%20ocurrido%20esta%20ma%C3%B1ana%20en%20Cochrane%20afect%C3%B3%20dependencias%20municipales&#038;url=https:\/\/radiorevelacionfm.cl\/?p=55856' aria-hidden='false' data-av_icon='\ue8fc' data-av_iconfont='entypo-fontello' title='' data-avia-related-tooltip='Compartir en LinkedIn' rel=\"noopener\"><span class='avia_hidden_link_text'>Compartir en LinkedIn<\/span><\/a><\/li><li class='av-share-link av-social-link-mail' ><a  aria-label=\"Compartir por correo\" href='mailto:?subject=Incendio%20ocurrido%20esta%20ma%C3%B1ana%20en%20Cochrane%20afect%C3%B3%20dependencias%20municipales&#038;body=https:\/\/radiorevelacionfm.cl\/?p=55856' aria-hidden='false' data-av_icon='\ue805' data-av_iconfont='entypo-fontello' title='' data-avia-related-tooltip='Compartir por correo'><span class='avia_hidden_link_text'>Compartir por correo<\/span><\/a><\/li><\/ul><\/div><\/div>\n<div  style='height:50px' class='hr hr-invisible   avia-builder-el-8  el_after_av_social_share  el_before_av_comments_list '><span class='hr-inner ' ><span class='hr-inner-style'><\/span><\/span><\/div>\n<div  class='av-buildercomment  av-blog-meta-html-info-disabled av-blog-meta-tag-disabled  '><\/div>\n","protected":false},"excerpt":{"rendered":"","protected":false},"author":1,"featured_media":55857,"comment_status":"closed","ping_status":"closed","sticky":false,"template":"","format":"standard","meta":{"footnotes":""},"categories":[38],"tags":[],"class_list":["post-55856","post","type-post","status-publish","format-standard","has-post-thumbnail","hentry","category-regional"],"jetpack_featured_media_url":"https:\/\/radiorevelacionfm.cl\/wp-content\/uploads\/2025\/06\/Incendio-Cochrane-1.jpg","_links":{"self":[{"href":"https:\/\/radiorevelacionfm.cl\/index.php?rest_route=\/wp\/v2\/posts\/55856","targetHints":{"allow":["GET"]}}],"collection":[{"href":"https:\/\/radiorevelacionfm.cl\/index.php?rest_route=\/wp\/v2\/posts"}],"about":[{"href":"https:\/\/radiorevelacionfm.cl\/index.php?rest_route=\/wp\/v2\/types\/post"}],"author":[{"embeddable":true,"href":"https:\/\/radiorevelacionfm.cl\/index.php?rest_route=\/wp\/v2\/users\/1"}],"replies":[{"embeddable":true,"href":"https:\/\/radiorevelacionfm.cl\/index.php?rest_route=%2Fwp%2Fv2%2Fcomments&post=55856"}],"version-history":[{"count":2,"href":"https:\/\/radiorevelacionfm.cl\/index.php?rest_route=\/wp\/v2\/posts\/55856\/revisions"}],"predecessor-version":[{"id":55859,"href":"https:\/\/radiorevelacionfm.cl\/index.php?rest_route=\/wp\/v2\/posts\/55856\/revisions\/55859"}],"wp:featuredmedia":[{"embeddable":true,"href":"https:\/\/radiorevelacionfm.cl\/index.php?rest_route=\/wp\/v2\/media\/55857"}],"wp:attachment":[{"href":"https:\/\/radiorevelacionfm.cl\/index.php?rest_route=%2Fwp%2Fv2%2Fmedia&parent=55856"}],"wp:term":[{"taxonomy":"category","embeddable":true,"href":"https:\/\/radiorevelacionfm.cl\/index.php?rest_route=%2Fwp%2Fv2%2Fcategories&post=55856"},{"taxonomy":"post_tag","embeddable":true,"href":"https:\/\/radiorevelacionfm.cl\/index.php?rest_route=%2Fwp%2Fv2%2Ftags&post=55856"}],"curies":[{"name":"wp","href":"https:\/\/api.w.org\/{rel}","templated":true}]}}