{"id":55849,"date":"2025-06-28T20:13:19","date_gmt":"2025-06-28T23:13:19","guid":{"rendered":"https:\/\/radiorevelacionfm.cl\/?p=55849"},"modified":"2025-06-28T20:19:47","modified_gmt":"2025-06-28T23:19:47","slug":"carabineros-de-coyhaique-junto-a-seguridad-municipal-detectan-fiesta-clandestina-en-sede-social-y-detienen-a-dj","status":"publish","type":"post","link":"https:\/\/radiorevelacionfm.cl\/?p=55849","title":{"rendered":"Coyhaique: Carabineros junto a Seguridad Municipal detectan fiesta clandestina en sede social y detienen a DJ"},"content":{"rendered":"<div class=\"flex_column av_one_full  flex_column_div av-zero-column-padding first  avia-builder-el-0  el_before_av_one_full  avia-builder-el-first  \" style='border-radius:0px; '><div  class='avia-image-container  av-styling-    avia-builder-el-1  avia-builder-el-no-sibling  avia-align-center '  itemprop=\"image\" itemscope=\"itemscope\" itemtype=\"https:\/\/schema.org\/ImageObject\"  ><div class='avia-image-container-inner'><div class='avia-image-overlay-wrap'><img decoding=\"async\" class='wp-image-55854 avia-img-lazy-loading-not-55854 avia_image' src=\"https:\/\/radiorevelacionfm.cl\/wp-content\/uploads\/2025\/06\/9c5dae76-b222-4354-813d-79c748e422c5-1.jpg\" alt='' title='9c5dae76-b222-4354-813d-79c748e422c5 (1)' height=\"694\" width=\"906\"  itemprop=\"thumbnailUrl\" srcset=\"https:\/\/radiorevelacionfm.cl\/wp-content\/uploads\/2025\/06\/9c5dae76-b222-4354-813d-79c748e422c5-1.jpg 906w, https:\/\/radiorevelacionfm.cl\/wp-content\/uploads\/2025\/06\/9c5dae76-b222-4354-813d-79c748e422c5-1-300x230.jpg 300w, https:\/\/radiorevelacionfm.cl\/wp-content\/uploads\/2025\/06\/9c5dae76-b222-4354-813d-79c748e422c5-1-768x588.jpg 768w, https:\/\/radiorevelacionfm.cl\/wp-content\/uploads\/2025\/06\/9c5dae76-b222-4354-813d-79c748e422c5-1-705x540.jpg 705w, https:\/\/radiorevelacionfm.cl\/wp-content\/uploads\/2025\/06\/9c5dae76-b222-4354-813d-79c748e422c5-1-450x345.jpg 450w, https:\/\/radiorevelacionfm.cl\/wp-content\/uploads\/2025\/06\/9c5dae76-b222-4354-813d-79c748e422c5-1-600x460.jpg 600w\" sizes=\"(max-width: 906px) 100vw, 906px\" \/><\/div><\/div><\/div><\/div><div class=\"flex_column av_one_full  flex_column_div av-zero-column-padding first  avia-builder-el-2  el_after_av_one_full  el_before_av_one_full  column-top-margin\" style='border-radius:0px; '><section class=\"av_textblock_section \"  itemscope=\"itemscope\" itemtype=\"https:\/\/schema.org\/BlogPosting\" itemprop=\"blogPost\" ><div class='avia_textblock  '   itemprop=\"text\" ><p style=\"text-align: center;\"><strong><span style=\"font-size: 18pt;\">Coyhaique: Carabineros junto a Seguridad Municipal detectan fiesta clandestina en sede social y detienen a DJ<\/span><\/strong><\/p>\n<div id=\"gtx-trans\" style=\"position: absolute; left: -50px; top: 4.31534px;\">\n<div class=\"gtx-trans-icon\"><\/div>\n<\/div>\n<\/div><\/section><\/div><\/p>\n<div class=\"flex_column av_one_full  flex_column_div av-zero-column-padding first  avia-builder-el-4  el_after_av_one_full  el_before_av_hr  column-top-margin\" style='border-radius:0px; '><section class=\"av_textblock_section \"  itemscope=\"itemscope\" itemtype=\"https:\/\/schema.org\/BlogPosting\" itemprop=\"blogPost\" ><div class='avia_textblock  '   itemprop=\"text\" ><ul>\n<li dir=\"ltr\">\n<p dir=\"ltr\" style=\"text-align: justify;\"><em>La actividad irregular difundida a trav\u00e9s de redes sociales congreg\u00f3 a m\u00e1s de 150 personas.<\/em><\/p>\n<\/li>\n<li dir=\"ltr\" style=\"text-align: justify;\">\n<p dir=\"ltr\"><em>Desde enero hasta junio de 2025 se registran m\u00e1s de 560 fiscalizaciones, lo que representa un incremento del 12% respecto al mismo periodo del a\u00f1o anterior, siendo cursadas 64 infracciones.<\/em><\/p>\n<\/li>\n<\/ul>\n<p dir=\"ltr\" style=\"text-align: justify;\">En el contexto del plan de fiscalizaci\u00f3n preventiva de la ley de alcoholes, Carabineros de Chile -en la comuna de Coyhaique- y en coordinaci\u00f3n con personal de Seguridad Municipal, se detect\u00f3 durante la noche del viernes una fiesta clandestina, la cual hab\u00eda sido ampliamente difundida a trav\u00e9s de redes sociales, siendo desarrollada de forma irregular en una sede social de esta ciudad.<\/p>\n<p dir=\"ltr\" style=\"text-align: justify;\"><strong>Detenci\u00f3n<\/strong><\/p>\n<p dir=\"ltr\" style=\"text-align: justify;\">Seg\u00fan indic\u00f3 el Comisario de Coyhaique, Mayor Sebasti\u00e1n Casanueva Casanueva, durante el procedimiento, personal policial junto a funcionarios municipales fiscaliz\u00f3 el lugar, entrevistando al encargado del evento, quien autorizaba el ingreso previa pago de 4 mil pesos en dinero en efectivo o v\u00eda transferencia electr\u00f3nica, esto pese a no contar con la debida autorizaci\u00f3n para la realizaci\u00f3n de actividades masivas, tras sorprender a m\u00e1s de 150 j\u00f3venes en esta sede social.<\/p>\n<p dir=\"ltr\" style=\"text-align: justify;\">En el lugar no se detect\u00f3 expendio de alcohol, aunque s\u00ed infracci\u00f3n a normativas de uso del espacio comunitario y derechos de autor. Lo anterior tras identificar al DJ responsable de la m\u00fasica, quien infring\u00eda la Ley N\u00b0 17.336 sobre Propiedad Intelectual al no contar con las autorizaciones correspondientes para el uso de obras musicales protegidas, siendo detenido e incautado un controlador DJ y un computador port\u00e1til, antecedentes que fueron puestos en conocimiento del Ministerio P\u00fablico, indic\u00f3 el Comisario de Coyhaique.<\/p>\n<p dir=\"ltr\" style=\"text-align: justify;\"><strong>Aumento de fiscalizaciones<\/strong><\/p>\n<p dir=\"ltr\" style=\"text-align: justify;\">\u00abEsta acci\u00f3n es parte de un despliegue fiscalizador m\u00e1s amplio, que ha permitido aumentar significativamente los controles en locales de expendio de alcoholes y eventos p\u00fablicos. A la fecha, se registran m\u00e1s de 560 fiscalizaciones hasta junio de 2025, lo que representa un incremento del 12% respecto al mismo periodo del a\u00f1o anterior y, 64 infracciones cursadas, incluyendo dos locales clandestinas, marcando un preocupante aumento del 33% en infracciones asociadas a la Ley de Alcoholes\u00bb, detall\u00f3 el Oficial.<\/p>\n<p dir=\"ltr\" style=\"text-align: justify;\">El trabajo coordinado entre Carabineros y el equipo de Seguridad Municipal ha sido clave en este proceso, consolid\u00e1ndose como una pr\u00e1ctica permanente durante este a\u00f1o, con resultados concretos en la detecci\u00f3n de irregularidades y prevenci\u00f3n de hechos que afectan la tranquilidad p\u00fablica.<\/p>\n<p dir=\"ltr\" style=\"text-align: justify;\">\u00abNo permitiremos la normalizaci\u00f3n de conductas ilegales ni riesgosas. Seguiremos trabajando en terreno, previniendo, fiscalizando y protegiendo a nuestra comuna de Coyhaique\u00bb, a\u00f1adi\u00f3 el Mayor Casanueva.<\/p>\n<p dir=\"ltr\" style=\"text-align: justify;\">Carabineros reiter\u00f3 el compromiso institucional con la seguridad de la comunidad, a\u00f1adiendo que las fiscalizaciones continuar\u00e1n de forma rigurosa y sostenida, tanto en el sectores urbanos como rurales de la comuna.<\/p>\n<\/div><\/section><\/div>\n<div  style='height:50px' class='hr hr-invisible   avia-builder-el-6  el_after_av_one_full  el_before_av_social_share '><span class='hr-inner ' ><span class='hr-inner-style'><\/span><\/span><\/div>\n<div  class='av-social-sharing-box  avia-builder-el-7  el_after_av_hr  el_before_av_hr  '><div class='av-share-box'><h5 class='av-share-link-description av-no-toc '>Compartir esta noticia<\/h5><ul class='av-share-box-list noLightbox'><li class='av-share-link av-social-link-facebook' ><a target=\"_blank\" aria-label=\"Compartir en Facebook\" href='https:\/\/www.facebook.com\/sharer.php?u=https:\/\/radiorevelacionfm.cl\/?p=55849&#038;t=Coyhaique%3A%20Carabineros%20junto%20a%20Seguridad%20Municipal%20detectan%20fiesta%20clandestina%20en%20sede%20social%20y%20detienen%20a%20DJ' aria-hidden='false' data-av_icon='\ue8f3' data-av_iconfont='entypo-fontello' title='' data-avia-related-tooltip='Compartir en Facebook' rel=\"noopener\"><span class='avia_hidden_link_text'>Compartir en Facebook<\/span><\/a><\/li><li class='av-share-link av-social-link-twitter' ><a target=\"_blank\" aria-label=\"Compartir en Twitter\" href='https:\/\/twitter.com\/share?text=Coyhaique%3A%20Carabineros%20junto%20a%20Seguridad%20Municipal%20detectan%20fiesta%20clandestina%20en%20sede%20social%20y%20detienen%20a%20DJ&#038;url=https:\/\/radiorevelacionfm.cl\/?p=55849' aria-hidden='false' data-av_icon='\ue8f1' data-av_iconfont='entypo-fontello' title='' data-avia-related-tooltip='Compartir en Twitter' rel=\"noopener\"><span class='avia_hidden_link_text'>Compartir en Twitter<\/span><\/a><\/li><li class='av-share-link av-social-link-whatsapp' ><a target=\"_blank\" aria-label=\"Compartir en Whatsapp\" href='https:\/\/api.whatsapp.com\/send?text=https:\/\/radiorevelacionfm.cl\/?p=55849' aria-hidden='false' data-av_icon='\uf232' data-av_iconfont='entypo-fontello' title='' data-avia-related-tooltip='Compartir en Whatsapp' rel=\"noopener\"><span class='avia_hidden_link_text'>Compartir en Whatsapp<\/span><\/a><\/li><li class='av-share-link av-social-link-linkedin' ><a target=\"_blank\" aria-label=\"Compartir en LinkedIn\" href='https:\/\/linkedin.com\/shareArticle?mini=true&#038;title=Coyhaique%3A%20Carabineros%20junto%20a%20Seguridad%20Municipal%20detectan%20fiesta%20clandestina%20en%20sede%20social%20y%20detienen%20a%20DJ&#038;url=https:\/\/radiorevelacionfm.cl\/?p=55849' aria-hidden='false' data-av_icon='\ue8fc' data-av_iconfont='entypo-fontello' title='' data-avia-related-tooltip='Compartir en LinkedIn' rel=\"noopener\"><span class='avia_hidden_link_text'>Compartir en LinkedIn<\/span><\/a><\/li><li class='av-share-link av-social-link-mail' ><a  aria-label=\"Compartir por correo\" href='mailto:?subject=Coyhaique%3A%20Carabineros%20junto%20a%20Seguridad%20Municipal%20detectan%20fiesta%20clandestina%20en%20sede%20social%20y%20detienen%20a%20DJ&#038;body=https:\/\/radiorevelacionfm.cl\/?p=55849' aria-hidden='false' data-av_icon='\ue805' data-av_iconfont='entypo-fontello' title='' data-avia-related-tooltip='Compartir por correo'><span class='avia_hidden_link_text'>Compartir por correo<\/span><\/a><\/li><\/ul><\/div><\/div>\n<div  style='height:50px' class='hr hr-invisible   avia-builder-el-8  el_after_av_social_share  el_before_av_comments_list '><span class='hr-inner ' ><span class='hr-inner-style'><\/span><\/span><\/div>\n<div  class='av-buildercomment  av-blog-meta-html-info-disabled av-blog-meta-tag-disabled  '><\/div>\n","protected":false},"excerpt":{"rendered":"","protected":false},"author":1,"featured_media":55854,"comment_status":"closed","ping_status":"closed","sticky":false,"template":"","format":"standard","meta":{"footnotes":""},"categories":[36],"tags":[],"class_list":["post-55849","post","type-post","status-publish","format-standard","has-post-thumbnail","hentry","category-policial"],"jetpack_featured_media_url":"https:\/\/radiorevelacionfm.cl\/wp-content\/uploads\/2025\/06\/9c5dae76-b222-4354-813d-79c748e422c5-1.jpg","_links":{"self":[{"href":"https:\/\/radiorevelacionfm.cl\/index.php?rest_route=\/wp\/v2\/posts\/55849","targetHints":{"allow":["GET"]}}],"collection":[{"href":"https:\/\/radiorevelacionfm.cl\/index.php?rest_route=\/wp\/v2\/posts"}],"about":[{"href":"https:\/\/radiorevelacionfm.cl\/index.php?rest_route=\/wp\/v2\/types\/post"}],"author":[{"embeddable":true,"href":"https:\/\/radiorevelacionfm.cl\/index.php?rest_route=\/wp\/v2\/users\/1"}],"replies":[{"embeddable":true,"href":"https:\/\/radiorevelacionfm.cl\/index.php?rest_route=%2Fwp%2Fv2%2Fcomments&post=55849"}],"version-history":[{"count":4,"href":"https:\/\/radiorevelacionfm.cl\/index.php?rest_route=\/wp\/v2\/posts\/55849\/revisions"}],"predecessor-version":[{"id":55852,"href":"https:\/\/radiorevelacionfm.cl\/index.php?rest_route=\/wp\/v2\/posts\/55849\/revisions\/55852"}],"wp:featuredmedia":[{"embeddable":true,"href":"https:\/\/radiorevelacionfm.cl\/index.php?rest_route=\/wp\/v2\/media\/55854"}],"wp:attachment":[{"href":"https:\/\/radiorevelacionfm.cl\/index.php?rest_route=%2Fwp%2Fv2%2Fmedia&parent=55849"}],"wp:term":[{"taxonomy":"category","embeddable":true,"href":"https:\/\/radiorevelacionfm.cl\/index.php?rest_route=%2Fwp%2Fv2%2Fcategories&post=55849"},{"taxonomy":"post_tag","embeddable":true,"href":"https:\/\/radiorevelacionfm.cl\/index.php?rest_route=%2Fwp%2Fv2%2Ftags&post=55849"}],"curies":[{"name":"wp","href":"https:\/\/api.w.org\/{rel}","templated":true}]}}