{"id":55840,"date":"2025-06-28T17:16:53","date_gmt":"2025-06-28T20:16:53","guid":{"rendered":"https:\/\/radiorevelacionfm.cl\/?p=55840"},"modified":"2025-06-28T17:16:53","modified_gmt":"2025-06-28T20:16:53","slug":"balance-migraciones-y-policia-internacional-pdi-fortalece-control-migratorio-y-fiscalizacion-de-extranjeros-durante-ano-2024","status":"publish","type":"post","link":"https:\/\/radiorevelacionfm.cl\/?p=55840","title":{"rendered":"Balance Migraciones y Polic\u00eda Internacional: PDI fortalece control migratorio y fiscalizaci\u00f3n de extranjeros durante a\u00f1o 2024"},"content":{"rendered":"<div class=\"flex_column av_one_full  flex_column_div av-zero-column-padding first  avia-builder-el-0  el_before_av_one_full  avia-builder-el-first  \" style='border-radius:0px; '><div  class='avia-image-container  av-styling-    avia-builder-el-1  avia-builder-el-no-sibling  avia-align-center '  itemprop=\"image\" itemscope=\"itemscope\" itemtype=\"https:\/\/schema.org\/ImageObject\"  ><div class='avia-image-container-inner'><div class='avia-image-overlay-wrap'><img decoding=\"async\" class='wp-image-55841 avia-img-lazy-loading-not-55841 avia_image' src=\"https:\/\/radiorevelacionfm.cl\/wp-content\/uploads\/2025\/06\/20250522_123306-1-1_optimized-1.jpg\" alt='' title='20250522_123306-(1)-(1)_optimized (1)' height=\"600\" width=\"1066\"  itemprop=\"thumbnailUrl\" srcset=\"https:\/\/radiorevelacionfm.cl\/wp-content\/uploads\/2025\/06\/20250522_123306-1-1_optimized-1.jpg 1066w, https:\/\/radiorevelacionfm.cl\/wp-content\/uploads\/2025\/06\/20250522_123306-1-1_optimized-1-300x169.jpg 300w, https:\/\/radiorevelacionfm.cl\/wp-content\/uploads\/2025\/06\/20250522_123306-1-1_optimized-1-1030x580.jpg 1030w, https:\/\/radiorevelacionfm.cl\/wp-content\/uploads\/2025\/06\/20250522_123306-1-1_optimized-1-768x432.jpg 768w, https:\/\/radiorevelacionfm.cl\/wp-content\/uploads\/2025\/06\/20250522_123306-1-1_optimized-1-705x397.jpg 705w, https:\/\/radiorevelacionfm.cl\/wp-content\/uploads\/2025\/06\/20250522_123306-1-1_optimized-1-450x253.jpg 450w, https:\/\/radiorevelacionfm.cl\/wp-content\/uploads\/2025\/06\/20250522_123306-1-1_optimized-1-600x338.jpg 600w\" sizes=\"(max-width: 1066px) 100vw, 1066px\" \/><\/div><\/div><\/div><\/div><div class=\"flex_column av_one_full  flex_column_div av-zero-column-padding first  avia-builder-el-2  el_after_av_one_full  el_before_av_one_full  column-top-margin\" style='border-radius:0px; '><section class=\"av_textblock_section \"  itemscope=\"itemscope\" itemtype=\"https:\/\/schema.org\/BlogPosting\" itemprop=\"blogPost\" ><div class='avia_textblock  '   itemprop=\"text\" ><p style=\"text-align: center;\"><span style=\"font-size: 18pt;\"><strong>Balance Migraciones y Polic\u00eda Internacional: PDI fortalece control migratorio y fiscalizaci\u00f3n de extranjeros durante a\u00f1o 2024<\/strong><\/span><\/p>\n<div id=\"gtx-trans\" style=\"position: absolute; left: -50px; top: 4.31534px;\">\n<div class=\"gtx-trans-icon\"><\/div>\n<\/div>\n<\/div><\/section><\/div><div class=\"flex_column av_one_full  flex_column_div av-zero-column-padding first  avia-builder-el-4  el_after_av_one_full  el_before_av_hr  column-top-margin\" style='border-radius:0px; '><section class=\"av_textblock_section \"  itemscope=\"itemscope\" itemtype=\"https:\/\/schema.org\/BlogPosting\" itemprop=\"blogPost\" ><div class='avia_textblock  '   itemprop=\"text\" ><p style=\"text-align: justify;\">La Polic\u00eda de Investigaciones de Chile, en base a su Ley Org\u00e1nica y los lineamientos del Plan Estrat\u00e9gico de Desarrollo Policial, tiene como misi\u00f3n fundamental la investigaci\u00f3n especializada de todos los delitos, especialmente, aquellos complejos y relacionados con el crimen organizado. Adem\u00e1s, es la encargada de realizar el control de ingreso y egreso de personas al territorio nacional, fiscalizar la permanencia de extranjeros en el mismo y desarrollar otras funciones que le encomienden las leyes.<\/p>\n<p style=\"text-align: justify;\">En base a la reciente cuenta p\u00fablica de la PDI Ays\u00e9n, y los resultados expuestos por el jefe de la Regi\u00f3n Policial de Ays\u00e9n, prefecto inspector Javier Valenzuela Riquelme, la PDI Ays\u00e9n destac\u00f3 que en el \u00e1rea de Migraciones y Polic\u00eda Internacional se busca fortalecer la labor frente a los desaf\u00edos regionales y globales, respetando siempre los derechos humanos, con especial resguardo de ni\u00f1os, ni\u00f1as y adolescentes, entregando un trato digno y respetuoso siempre.<\/p>\n<p style=\"text-align: justify;\"><strong>Resultados a\u00f1o 2024<\/strong><\/p>\n<p style=\"text-align: justify;\">En las tres avanzadas fronterizas controladas por la PDI, que concentran el mayor movimiento migratorio regional, Huemules, Coyhaique Alto y R\u00edo Jeinimeni, 350.199 personas fueron controladas, correspondiendo 172.366 a ingresos y 177.833 a salidas del territorio nacional, concentrando el mayor movimiento migratorio el complejo fronterizo R\u00edo Jeinimeni, en la comuna de Chile Chico<\/p>\n<p style=\"text-align: justify;\">Cabe destacar que, el \u00e1rea de Migraciones y Polic\u00eda Internacional tiene la funci\u00f3n de realizar el registro de los movimientos migratorios en los pasos fronterizos controlados por Carabineros, registrando un total de 7.972 personas que ingresaron o salieron por uno de estos 10 controles.<\/p>\n<p style=\"text-align: justify;\">En cuanto a las fiscalizaciones de extranjeros en el territorio regional, el Departamento de Coyhaique y la Secci\u00f3n de Ays\u00e9n realizaron un total de 39 operativos durante el a\u00f1o 2024, tanto en territorio continental como insular, controlando a un total de 860 personas, de las cuales 652 corresponden a ciudadanos extranjeros. Sobre la calidad en la que se encontraban los consultados, 508 extranjeros estaban regulares y 144 extranjeros estaban en situaci\u00f3n irregular, cursando las respectivas denuncias a la autoridad administrativa, esto principalmente por ingreso irregular al territorio nacional, vencimiento del tiempo como turista y trabajar sin la autorizaci\u00f3n correspondiente.<\/p>\n<p style=\"text-align: justify;\">Respecto a las nacionalidades con mayor presencia en la regi\u00f3n se encuentran la venezolana, seguida por la colombiana y argentina.<\/p>\n<p style=\"text-align: justify;\">As\u00ed mismo se materializaron 7 expulsiones, 4 de ellas judiciales por estar ligadas a distintos cr\u00edmenes como secuestro y porte ilegal de armas.<\/p>\n<p style=\"text-align: justify;\"><strong>Avances a\u00f1o 2025<\/strong><\/p>\n<p style=\"text-align: justify;\">Durante el presente a\u00f1o, desde enero a mediados de junio, en los complejos fronterizos de la PDI: Huemules, Coyhaique Alto y R\u00edo Jeinimeni, se han controlado un total de 201.152 personas, de las cuales 99.253 corresponden a entrados y 101.899 a salidos, siendo el paso R\u00edo Jeinimeni el que concentra el mayor flujo migratorio con 126.244 personas controladas.<\/p>\n<p style=\"text-align: justify;\">En tanto, en el \u00e1rea de fiscalizaci\u00f3n, durante el presente a\u00f1o se han materializado 15 operativos, fiscalizando a un total de 165 extranjeros, de los cuales 75 han sido denunciados por infringir la Ley de Migraci\u00f3n y Extranjer\u00eda.<\/p>\n<p style=\"text-align: justify;\"><strong>Desaf\u00edos<\/strong><\/p>\n<p style=\"text-align: justify;\">Sobre la labor que realiza el \u00e1rea de Migraciones y Polic\u00eda Internacional de la Regi\u00f3n de Ays\u00e9n, el jefe subrogante del Departamento de Migraciones Coyhaique, comisario Pablo Soto Osses, se\u00f1al\u00f3 que \u201ceste a\u00f1o nos estamos concentrando en mantener un proceso migratorio controlado, ordenado y seguro para la poblaci\u00f3n migrante y para la sociedad en general, desplegando a nuestro personal en las tres avanzadas fronterizas de manera permanente todos los d\u00edas del a\u00f1o, reforzando el control en estos puntos de acceso a la Regi\u00f3n de Ays\u00e9n\u201d.<\/p>\n<p style=\"text-align: justify;\">Del mismo modo, \u201ccontinuaremos realizando fiscalizaciones a extranjeros en toda la Regi\u00f3n de Ays\u00e9n en base al levantamiento de informaci\u00f3n y an\u00e1lisis que realiza nuestra \u00e1rea especializada, procesando la informaci\u00f3n para identificar puntos de inter\u00e9s que nos permitan fiscalizar de una manera m\u00e1s focalizada y eficiente\u201d, puntualiz\u00f3 el comisario Soto.<\/p>\n<p style=\"text-align: justify;\">\u201cEstamos comprometidos con esta importante labor que permitir\u00e1 garantizar la seguridad p\u00fablica en la Patagonia chilena\u201d, finaliz\u00f3 el jefe subrogante de la unidad especializada.<\/p>\n<\/div><\/section><\/div><div  style='height:50px' class='hr hr-invisible   avia-builder-el-6  el_after_av_one_full  el_before_av_social_share '><span class='hr-inner ' ><span class='hr-inner-style'><\/span><\/span><\/div><\/p>\n<div  class='av-social-sharing-box  avia-builder-el-7  el_after_av_hr  el_before_av_hr  '><div class='av-share-box'><h5 class='av-share-link-description av-no-toc '>Compartir esta noticia<\/h5><ul class='av-share-box-list noLightbox'><li class='av-share-link av-social-link-facebook' ><a target=\"_blank\" aria-label=\"Compartir en Facebook\" href='https:\/\/www.facebook.com\/sharer.php?u=https:\/\/radiorevelacionfm.cl\/?p=55840&#038;t=Balance%20Migraciones%20y%20Polic%C3%ADa%20Internacional%3A%20PDI%20fortalece%20control%20migratorio%20y%20fiscalizaci%C3%B3n%20de%20extranjeros%20durante%20a%C3%B1o%202024' aria-hidden='false' data-av_icon='\ue8f3' data-av_iconfont='entypo-fontello' title='' data-avia-related-tooltip='Compartir en Facebook' rel=\"noopener\"><span class='avia_hidden_link_text'>Compartir en Facebook<\/span><\/a><\/li><li class='av-share-link av-social-link-twitter' ><a target=\"_blank\" aria-label=\"Compartir en Twitter\" href='https:\/\/twitter.com\/share?text=Balance%20Migraciones%20y%20Polic%C3%ADa%20Internacional%3A%20PDI%20fortalece%20control%20migratorio%20y%20fiscalizaci%C3%B3n%20de%20extranjeros%20durante%20a%C3%B1o%202024&#038;url=https:\/\/radiorevelacionfm.cl\/?p=55840' aria-hidden='false' data-av_icon='\ue8f1' data-av_iconfont='entypo-fontello' title='' data-avia-related-tooltip='Compartir en Twitter' rel=\"noopener\"><span class='avia_hidden_link_text'>Compartir en Twitter<\/span><\/a><\/li><li class='av-share-link av-social-link-whatsapp' ><a target=\"_blank\" aria-label=\"Compartir en Whatsapp\" href='https:\/\/api.whatsapp.com\/send?text=https:\/\/radiorevelacionfm.cl\/?p=55840' aria-hidden='false' data-av_icon='\uf232' data-av_iconfont='entypo-fontello' title='' data-avia-related-tooltip='Compartir en Whatsapp' rel=\"noopener\"><span class='avia_hidden_link_text'>Compartir en Whatsapp<\/span><\/a><\/li><li class='av-share-link av-social-link-linkedin' ><a target=\"_blank\" aria-label=\"Compartir en LinkedIn\" href='https:\/\/linkedin.com\/shareArticle?mini=true&#038;title=Balance%20Migraciones%20y%20Polic%C3%ADa%20Internacional%3A%20PDI%20fortalece%20control%20migratorio%20y%20fiscalizaci%C3%B3n%20de%20extranjeros%20durante%20a%C3%B1o%202024&#038;url=https:\/\/radiorevelacionfm.cl\/?p=55840' aria-hidden='false' data-av_icon='\ue8fc' data-av_iconfont='entypo-fontello' title='' data-avia-related-tooltip='Compartir en LinkedIn' rel=\"noopener\"><span class='avia_hidden_link_text'>Compartir en LinkedIn<\/span><\/a><\/li><li class='av-share-link av-social-link-mail' ><a  aria-label=\"Compartir por correo\" href='mailto:?subject=Balance%20Migraciones%20y%20Polic%C3%ADa%20Internacional%3A%20PDI%20fortalece%20control%20migratorio%20y%20fiscalizaci%C3%B3n%20de%20extranjeros%20durante%20a%C3%B1o%202024&#038;body=https:\/\/radiorevelacionfm.cl\/?p=55840' aria-hidden='false' data-av_icon='\ue805' data-av_iconfont='entypo-fontello' title='' data-avia-related-tooltip='Compartir por correo'><span class='avia_hidden_link_text'>Compartir por correo<\/span><\/a><\/li><\/ul><\/div><\/div>\n<div  style='height:50px' class='hr hr-invisible   avia-builder-el-8  el_after_av_social_share  el_before_av_comments_list '><span class='hr-inner ' ><span class='hr-inner-style'><\/span><\/span><\/div>\n<div  class='av-buildercomment  av-blog-meta-html-info-disabled av-blog-meta-tag-disabled  '><\/div>\n","protected":false},"excerpt":{"rendered":"","protected":false},"author":1,"featured_media":55841,"comment_status":"closed","ping_status":"closed","sticky":false,"template":"","format":"standard","meta":{"footnotes":""},"categories":[36],"tags":[],"class_list":["post-55840","post","type-post","status-publish","format-standard","has-post-thumbnail","hentry","category-policial"],"jetpack_featured_media_url":"https:\/\/radiorevelacionfm.cl\/wp-content\/uploads\/2025\/06\/20250522_123306-1-1_optimized-1.jpg","_links":{"self":[{"href":"https:\/\/radiorevelacionfm.cl\/index.php?rest_route=\/wp\/v2\/posts\/55840","targetHints":{"allow":["GET"]}}],"collection":[{"href":"https:\/\/radiorevelacionfm.cl\/index.php?rest_route=\/wp\/v2\/posts"}],"about":[{"href":"https:\/\/radiorevelacionfm.cl\/index.php?rest_route=\/wp\/v2\/types\/post"}],"author":[{"embeddable":true,"href":"https:\/\/radiorevelacionfm.cl\/index.php?rest_route=\/wp\/v2\/users\/1"}],"replies":[{"embeddable":true,"href":"https:\/\/radiorevelacionfm.cl\/index.php?rest_route=%2Fwp%2Fv2%2Fcomments&post=55840"}],"version-history":[{"count":2,"href":"https:\/\/radiorevelacionfm.cl\/index.php?rest_route=\/wp\/v2\/posts\/55840\/revisions"}],"predecessor-version":[{"id":55848,"href":"https:\/\/radiorevelacionfm.cl\/index.php?rest_route=\/wp\/v2\/posts\/55840\/revisions\/55848"}],"wp:featuredmedia":[{"embeddable":true,"href":"https:\/\/radiorevelacionfm.cl\/index.php?rest_route=\/wp\/v2\/media\/55841"}],"wp:attachment":[{"href":"https:\/\/radiorevelacionfm.cl\/index.php?rest_route=%2Fwp%2Fv2%2Fmedia&parent=55840"}],"wp:term":[{"taxonomy":"category","embeddable":true,"href":"https:\/\/radiorevelacionfm.cl\/index.php?rest_route=%2Fwp%2Fv2%2Fcategories&post=55840"},{"taxonomy":"post_tag","embeddable":true,"href":"https:\/\/radiorevelacionfm.cl\/index.php?rest_route=%2Fwp%2Fv2%2Ftags&post=55840"}],"curies":[{"name":"wp","href":"https:\/\/api.w.org\/{rel}","templated":true}]}}