{"id":55836,"date":"2025-06-28T12:23:18","date_gmt":"2025-06-28T15:23:18","guid":{"rendered":"https:\/\/radiorevelacionfm.cl\/?p=55836"},"modified":"2025-06-28T12:23:18","modified_gmt":"2025-06-28T15:23:18","slug":"carabineros-aysen-desplegara-mas-de-70-efectivos-para-garantizar-la-seguridad-en-las-primarias-2025","status":"publish","type":"post","link":"https:\/\/radiorevelacionfm.cl\/?p=55836","title":{"rendered":"Carabineros Ays\u00e9n desplegar\u00e1 m\u00e1s de 70 efectivos para garantizar la seguridad en las Primarias 2025"},"content":{"rendered":"<div class=\"flex_column av_one_full  flex_column_div av-zero-column-padding first  avia-builder-el-0  el_before_av_one_full  avia-builder-el-first  \" style='border-radius:0px; '><div  class='avia-image-container  av-styling-    avia-builder-el-1  avia-builder-el-no-sibling  avia-align-center '  itemprop=\"image\" itemscope=\"itemscope\" itemtype=\"https:\/\/schema.org\/ImageObject\"  ><div class='avia-image-container-inner'><div class='avia-image-overlay-wrap'><img decoding=\"async\" class='wp-image-55837 avia-img-lazy-loading-not-55837 avia_image' src=\"https:\/\/radiorevelacionfm.cl\/wp-content\/uploads\/2025\/06\/58c0707d-845a-4322-956f-b9975cc925a6-1-1-1.jpg\" alt='' title='58c0707d-845a-4322-956f-b9975cc925a6-1 (1) (1)' height=\"600\" width=\"800\"  itemprop=\"thumbnailUrl\" srcset=\"https:\/\/radiorevelacionfm.cl\/wp-content\/uploads\/2025\/06\/58c0707d-845a-4322-956f-b9975cc925a6-1-1-1.jpg 800w, https:\/\/radiorevelacionfm.cl\/wp-content\/uploads\/2025\/06\/58c0707d-845a-4322-956f-b9975cc925a6-1-1-1-300x225.jpg 300w, https:\/\/radiorevelacionfm.cl\/wp-content\/uploads\/2025\/06\/58c0707d-845a-4322-956f-b9975cc925a6-1-1-1-768x576.jpg 768w, https:\/\/radiorevelacionfm.cl\/wp-content\/uploads\/2025\/06\/58c0707d-845a-4322-956f-b9975cc925a6-1-1-1-705x529.jpg 705w, https:\/\/radiorevelacionfm.cl\/wp-content\/uploads\/2025\/06\/58c0707d-845a-4322-956f-b9975cc925a6-1-1-1-450x338.jpg 450w, https:\/\/radiorevelacionfm.cl\/wp-content\/uploads\/2025\/06\/58c0707d-845a-4322-956f-b9975cc925a6-1-1-1-600x450.jpg 600w\" sizes=\"(max-width: 800px) 100vw, 800px\" \/><\/div><\/div><\/div><\/div><div class=\"flex_column av_one_full  flex_column_div av-zero-column-padding first  avia-builder-el-2  el_after_av_one_full  el_before_av_one_full  column-top-margin\" style='border-radius:0px; '><section class=\"av_textblock_section \"  itemscope=\"itemscope\" itemtype=\"https:\/\/schema.org\/BlogPosting\" itemprop=\"blogPost\" ><div class='avia_textblock  '   itemprop=\"text\" ><p style=\"text-align: center;\"><strong><span style=\"font-size: 18pt;\">Carabineros Ays\u00e9n desplegar\u00e1 m\u00e1s de 70 efectivos para garantizar la seguridad en las Primarias 2025<\/span><\/strong><\/p>\n<div id=\"gtx-trans\" style=\"position: absolute; left: -50px; top: 4.31534px;\">\n<div class=\"gtx-trans-icon\"><\/div>\n<\/div>\n<\/div><\/section><\/div><div class=\"flex_column av_one_full  flex_column_div av-zero-column-padding first  avia-builder-el-4  el_after_av_one_full  el_before_av_hr  column-top-margin\" style='border-radius:0px; '><section class=\"av_textblock_section \"  itemscope=\"itemscope\" itemtype=\"https:\/\/schema.org\/BlogPosting\" itemprop=\"blogPost\" ><div class='avia_textblock  '   itemprop=\"text\" ><ul>\n<li dir=\"ltr\">\n<p dir=\"ltr\" style=\"text-align: justify;\"><em>La Instituci\u00f3n cumplir\u00e1 un rol preventivo y facilitador durante el desarrollo del proceso junto con garantizar la seguridad en el per\u00edmetro exterior de los locales de votaci\u00f3n.<\/em><\/p>\n<\/li>\n<\/ul>\n<p dir=\"ltr\" style=\"text-align: justify;\">M\u00e1s de 70 Carabineros ser\u00e1n desplegados el pr\u00f3ximo domingo 29 de junio con la finalidad de resguardar la seguridad de las primarias presidenciales 2025 a lo largo de la regi\u00f3n.<\/p>\n<p dir=\"ltr\" style=\"text-align: justify;\">Para este proceso han sido dispuestos 36 locales de votaci\u00f3n y 117 mesas receptoras de sufragios, en tanto que la regi\u00f3n posee un padr\u00f3n de 96.366 electores.<\/p>\n<p dir=\"ltr\" style=\"text-align: justify;\">El Jefe de Zona de Carabineros Ays\u00e9n, General Eduardo Palma Fuentes indic\u00f3 que el trabajo comenz\u00f3 hace semanas con la custodia en el traslado del material electoral, jornada en que la Instituci\u00f3n cumplir\u00e1 un rol facilitador para facilitar la concurrencia de manera segura y expedita a los locales de votaci\u00f3n.<\/p>\n<p dir=\"ltr\" style=\"text-align: justify;\">\u00abTenemos una planificaci\u00f3n de servicios ya con tiempo, con los diferentes apoyos a los locales de votaci\u00f3n en toda la regi\u00f3n en los puntos m\u00e1s importantes. Tambi\u00e9n se van a efectuar controles vehiculares e inclusive estamos apoyando a Correos de Chile -una vez finalizadas las primarias- con la escolta de votos\u00bb, indic\u00f3 el Jefe de Zona.<\/p>\n<p dir=\"ltr\" style=\"text-align: justify;\">Carabineros efectuar\u00e1 desde las primeras horas del pr\u00f3ximo domingo un importante despliegue de efectivos, quienes van a apoyar la seguridad en el per\u00edmetro exterior de los locales de votaci\u00f3n.<\/p>\n<p dir=\"ltr\" style=\"text-align: justify;\">\u00abSon alrededor de 70 efectivos, m\u00e1s el personal que va a estar en los diferentes dispositivos y efectuando prevenci\u00f3n. Esto tiene por finalidad que los vecinos y nuestra comunidad vayan a votar de manera segura\u00bb, a\u00f1adi\u00f3.<\/p>\n<p dir=\"ltr\" style=\"text-align: justify;\">Dadas las bajas temperaturas que se proyectan para este fin de semana, el Oficial General reiter\u00f3 el llamado a las personas y conductores a mantener una distancia razonable y prudentes en sus desplazamientos y prevenir la accidentabilidad.<\/p>\n<p dir=\"ltr\" style=\"text-align: justify;\">El General Palma record\u00f3 que por tratarse de un proceso de primarias, donde el voto es\u00a0 voluntario, Carabineros no recibir\u00e1 constancias excusatorias.<\/p>\n<p dir=\"ltr\" style=\"text-align: justify;\">Frente a lo anterior Carabineros ha participado en reuniones de coordinaci\u00f3n con la Delegaci\u00f3n Presidencial Regional de Ays\u00e9n, el Director Regional de Servel, Correos de Chile y la Seremi de Seguridad P\u00fablica con la finalidad de efectuar las coordinaciones necesarias orientadas a garantizar la seguridad del proceso.<\/p>\n<\/div><\/section><\/div><div  style='height:50px' class='hr hr-invisible   avia-builder-el-6  el_after_av_one_full  el_before_av_social_share '><span class='hr-inner ' ><span class='hr-inner-style'><\/span><\/span><\/div><\/p>\n<div  class='av-social-sharing-box  avia-builder-el-7  el_after_av_hr  el_before_av_hr  '><div class='av-share-box'><h5 class='av-share-link-description av-no-toc '>Compartir esta noticia<\/h5><ul class='av-share-box-list noLightbox'><li class='av-share-link av-social-link-facebook' ><a target=\"_blank\" aria-label=\"Compartir en Facebook\" href='https:\/\/www.facebook.com\/sharer.php?u=https:\/\/radiorevelacionfm.cl\/?p=55836&#038;t=Carabineros%20Ays%C3%A9n%20desplegar%C3%A1%20m%C3%A1s%20de%2070%20efectivos%20para%20garantizar%20la%20seguridad%20en%20las%20Primarias%202025' aria-hidden='false' data-av_icon='\ue8f3' data-av_iconfont='entypo-fontello' title='' data-avia-related-tooltip='Compartir en Facebook' rel=\"noopener\"><span class='avia_hidden_link_text'>Compartir en Facebook<\/span><\/a><\/li><li class='av-share-link av-social-link-twitter' ><a target=\"_blank\" aria-label=\"Compartir en Twitter\" href='https:\/\/twitter.com\/share?text=Carabineros%20Ays%C3%A9n%20desplegar%C3%A1%20m%C3%A1s%20de%2070%20efectivos%20para%20garantizar%20la%20seguridad%20en%20las%20Primarias%202025&#038;url=https:\/\/radiorevelacionfm.cl\/?p=55836' aria-hidden='false' data-av_icon='\ue8f1' data-av_iconfont='entypo-fontello' title='' data-avia-related-tooltip='Compartir en Twitter' rel=\"noopener\"><span class='avia_hidden_link_text'>Compartir en Twitter<\/span><\/a><\/li><li class='av-share-link av-social-link-whatsapp' ><a target=\"_blank\" aria-label=\"Compartir en Whatsapp\" href='https:\/\/api.whatsapp.com\/send?text=https:\/\/radiorevelacionfm.cl\/?p=55836' aria-hidden='false' data-av_icon='\uf232' data-av_iconfont='entypo-fontello' title='' data-avia-related-tooltip='Compartir en Whatsapp' rel=\"noopener\"><span class='avia_hidden_link_text'>Compartir en Whatsapp<\/span><\/a><\/li><li class='av-share-link av-social-link-linkedin' ><a target=\"_blank\" aria-label=\"Compartir en LinkedIn\" href='https:\/\/linkedin.com\/shareArticle?mini=true&#038;title=Carabineros%20Ays%C3%A9n%20desplegar%C3%A1%20m%C3%A1s%20de%2070%20efectivos%20para%20garantizar%20la%20seguridad%20en%20las%20Primarias%202025&#038;url=https:\/\/radiorevelacionfm.cl\/?p=55836' aria-hidden='false' data-av_icon='\ue8fc' data-av_iconfont='entypo-fontello' title='' data-avia-related-tooltip='Compartir en LinkedIn' rel=\"noopener\"><span class='avia_hidden_link_text'>Compartir en LinkedIn<\/span><\/a><\/li><li class='av-share-link av-social-link-mail' ><a  aria-label=\"Compartir por correo\" href='mailto:?subject=Carabineros%20Ays%C3%A9n%20desplegar%C3%A1%20m%C3%A1s%20de%2070%20efectivos%20para%20garantizar%20la%20seguridad%20en%20las%20Primarias%202025&#038;body=https:\/\/radiorevelacionfm.cl\/?p=55836' aria-hidden='false' data-av_icon='\ue805' data-av_iconfont='entypo-fontello' title='' data-avia-related-tooltip='Compartir por correo'><span class='avia_hidden_link_text'>Compartir por correo<\/span><\/a><\/li><\/ul><\/div><\/div>\n<div  style='height:50px' class='hr hr-invisible   avia-builder-el-8  el_after_av_social_share  el_before_av_comments_list '><span class='hr-inner ' ><span class='hr-inner-style'><\/span><\/span><\/div>\n<div  class='av-buildercomment  av-blog-meta-html-info-disabled av-blog-meta-tag-disabled  '><\/div>\n","protected":false},"excerpt":{"rendered":"","protected":false},"author":1,"featured_media":55837,"comment_status":"closed","ping_status":"closed","sticky":false,"template":"","format":"standard","meta":{"footnotes":""},"categories":[36],"tags":[],"class_list":["post-55836","post","type-post","status-publish","format-standard","has-post-thumbnail","hentry","category-policial"],"jetpack_featured_media_url":"https:\/\/radiorevelacionfm.cl\/wp-content\/uploads\/2025\/06\/58c0707d-845a-4322-956f-b9975cc925a6-1-1-1.jpg","_links":{"self":[{"href":"https:\/\/radiorevelacionfm.cl\/index.php?rest_route=\/wp\/v2\/posts\/55836","targetHints":{"allow":["GET"]}}],"collection":[{"href":"https:\/\/radiorevelacionfm.cl\/index.php?rest_route=\/wp\/v2\/posts"}],"about":[{"href":"https:\/\/radiorevelacionfm.cl\/index.php?rest_route=\/wp\/v2\/types\/post"}],"author":[{"embeddable":true,"href":"https:\/\/radiorevelacionfm.cl\/index.php?rest_route=\/wp\/v2\/users\/1"}],"replies":[{"embeddable":true,"href":"https:\/\/radiorevelacionfm.cl\/index.php?rest_route=%2Fwp%2Fv2%2Fcomments&post=55836"}],"version-history":[{"count":2,"href":"https:\/\/radiorevelacionfm.cl\/index.php?rest_route=\/wp\/v2\/posts\/55836\/revisions"}],"predecessor-version":[{"id":55845,"href":"https:\/\/radiorevelacionfm.cl\/index.php?rest_route=\/wp\/v2\/posts\/55836\/revisions\/55845"}],"wp:featuredmedia":[{"embeddable":true,"href":"https:\/\/radiorevelacionfm.cl\/index.php?rest_route=\/wp\/v2\/media\/55837"}],"wp:attachment":[{"href":"https:\/\/radiorevelacionfm.cl\/index.php?rest_route=%2Fwp%2Fv2%2Fmedia&parent=55836"}],"wp:term":[{"taxonomy":"category","embeddable":true,"href":"https:\/\/radiorevelacionfm.cl\/index.php?rest_route=%2Fwp%2Fv2%2Fcategories&post=55836"},{"taxonomy":"post_tag","embeddable":true,"href":"https:\/\/radiorevelacionfm.cl\/index.php?rest_route=%2Fwp%2Fv2%2Ftags&post=55836"}],"curies":[{"name":"wp","href":"https:\/\/api.w.org\/{rel}","templated":true}]}}