{"id":55833,"date":"2025-06-27T20:41:55","date_gmt":"2025-06-27T23:41:55","guid":{"rendered":"https:\/\/radiorevelacionfm.cl\/?p=55833"},"modified":"2025-06-27T20:41:55","modified_gmt":"2025-06-27T23:41:55","slug":"carabineros-de-coyhaique-detencion-de-profugos-de-la-justicia-aumento-un-13-y-genera-alerta-por-reincidencias","status":"publish","type":"post","link":"https:\/\/radiorevelacionfm.cl\/?p=55833","title":{"rendered":"Carabineros de Coyhaique: Detenci\u00f3n de pr\u00f3fugos de la justicia aument\u00f3 un 13% y genera alerta por reincidencias"},"content":{"rendered":"<div class=\"flex_column av_one_full  flex_column_div av-zero-column-padding first  avia-builder-el-0  el_before_av_one_full  avia-builder-el-first  \" style='border-radius:0px; '><div  class='avia-image-container  av-styling-    avia-builder-el-1  avia-builder-el-no-sibling  avia-align-center '  itemprop=\"image\" itemscope=\"itemscope\" itemtype=\"https:\/\/schema.org\/ImageObject\"  ><div class='avia-image-container-inner'><div class='avia-image-overlay-wrap'><img decoding=\"async\" class='wp-image-55834 avia-img-lazy-loading-not-55834 avia_image' src=\"https:\/\/radiorevelacionfm.cl\/wp-content\/uploads\/2025\/06\/carabineros1-2-1-1.jpg\" alt='' title='carabineros1 (2) (1) (1)' height=\"600\" width=\"900\"  itemprop=\"thumbnailUrl\" srcset=\"https:\/\/radiorevelacionfm.cl\/wp-content\/uploads\/2025\/06\/carabineros1-2-1-1.jpg 900w, https:\/\/radiorevelacionfm.cl\/wp-content\/uploads\/2025\/06\/carabineros1-2-1-1-300x200.jpg 300w, https:\/\/radiorevelacionfm.cl\/wp-content\/uploads\/2025\/06\/carabineros1-2-1-1-768x512.jpg 768w, https:\/\/radiorevelacionfm.cl\/wp-content\/uploads\/2025\/06\/carabineros1-2-1-1-705x470.jpg 705w, https:\/\/radiorevelacionfm.cl\/wp-content\/uploads\/2025\/06\/carabineros1-2-1-1-450x300.jpg 450w, https:\/\/radiorevelacionfm.cl\/wp-content\/uploads\/2025\/06\/carabineros1-2-1-1-600x400.jpg 600w\" sizes=\"(max-width: 900px) 100vw, 900px\" \/><\/div><\/div><\/div><\/div><div class=\"flex_column av_one_full  flex_column_div av-zero-column-padding first  avia-builder-el-2  el_after_av_one_full  el_before_av_one_full  column-top-margin\" style='border-radius:0px; '><section class=\"av_textblock_section \"  itemscope=\"itemscope\" itemtype=\"https:\/\/schema.org\/BlogPosting\" itemprop=\"blogPost\" ><div class='avia_textblock  '   itemprop=\"text\" ><p style=\"text-align: center;\"><strong><span style=\"font-size: 18pt;\">Carabineros de Coyhaique: Detenci\u00f3n de pr\u00f3fugos de la justicia aument\u00f3 un 13% y genera alerta por reincidencias<\/span><\/strong><\/p>\n<div id=\"gtx-trans\" style=\"position: absolute; left: -50px; top: 4.31534px;\">\n<div class=\"gtx-trans-icon\"><\/div>\n<\/div>\n<\/div><\/section><\/div><div class=\"flex_column av_one_full  flex_column_div av-zero-column-padding first  avia-builder-el-4  el_after_av_one_full  el_before_av_hr  column-top-margin\" style='border-radius:0px; '><section class=\"av_textblock_section \"  itemscope=\"itemscope\" itemtype=\"https:\/\/schema.org\/BlogPosting\" itemprop=\"blogPost\" ><div class='avia_textblock  '   itemprop=\"text\" ><p style=\"text-align: justify;\"><em>Del 1 de enero al 26 de junio de 2025 se registran 152 detenciones por orden judicial vigente, superando las 135 registradas durante el mismo periodo en el a\u00f1o 2024.<\/em><\/p>\n<p dir=\"ltr\" style=\"text-align: justify;\"><em>83 personas (55%) presentan m\u00e1s de cinco reiteraciones, muchas de ellas asociadas a delitos de connotaci\u00f3n social, como violencia intrafamiliar, microtr\u00e1fico y\u00a0 conducci\u00f3n en estado de ebriedad.<\/em><\/p>\n<p dir=\"ltr\" style=\"text-align: justify;\">Carabineros de Chile, a trav\u00e9s de la 1ra Comisar\u00eda de Coyhaique, dio a conocer un aumento en la cantidad de personas detenidas -pr\u00f3fugos de la justicia- por mantener \u00f3rdenes judiciales vigentes durante lo que va del a\u00f1o.<\/p>\n<p dir=\"ltr\" style=\"text-align: justify;\">As\u00ed lo inform\u00f3 el Mayor Sebasti\u00e1n Casanueva Casanueva -Comisario de esta Unidad- quien entreg\u00f3 un balance detallado entre el 1 de enero y el 26 de junio del presente a\u00f1o.<\/p>\n<p dir=\"ltr\" style=\"text-align: justify;\">Durante el periodo analizado, se registraron 152 detenciones por orden judicial vigente, superando las 135 registradas durante el mismo periodo en el a\u00f1o 2024. Esta variaci\u00f3n representa un incremento del 13%, lo que genera una se\u00f1al de alerta sobre la presencia de individuos con antecedentes reiterados circulando libremente por la comuna.<\/p>\n<p dir=\"ltr\" style=\"text-align: justify;\"><strong>Reincidencias<\/strong><\/p>\n<p dir=\"ltr\" style=\"text-align: justify;\">Pero m\u00e1s all\u00e1 del aumento en la cifra total, lo que m\u00e1s preocupa -seg\u00fan se\u00f1al\u00f3 el Mayor Casanueva- es la alta tasa de reincidencia delictual entre los detenidos.<\/p>\n<p dir=\"ltr\" style=\"text-align: justify;\">Del total de aprehendidos en lo que va del a\u00f1o, 83 personas (55%) presentan m\u00e1s de cinco reiteraciones, muchas de ellas asociadas a delitos de connotaci\u00f3n social, como violencia intrafamiliar, microtr\u00e1fico, conducci\u00f3n en estado de ebriedad, entre otros.<\/p>\n<p dir=\"ltr\" style=\"text-align: justify;\">Seg\u00fan a\u00f1adi\u00f3 el Comisario de Coyhaique, de ese grupo, el 63% ha reincidido espec\u00edficamente en delitos violentos, robos o infracciones a la Ley 20.000 de drogas, lo que reafirma una tendencia preocupante, la persistencia delictual de ciertos individuos a pesar de las intervenciones policiales previas.<\/p>\n<p dir=\"ltr\" style=\"text-align: justify;\">\u00abEl nivel de reincidencia que hemos detectado en estas detenciones no solo demanda una acci\u00f3n policial sostenida, sino que tambi\u00e9n refuerza la necesidad de fortalecer el sistema de justicia en su conjunto, particularmente en la rehabilitaci\u00f3n efectiva y control posterior de quienes han cometido delitos reiterados\u00bb, expres\u00f3 el Mayor Casanueva.<\/p>\n<p dir=\"ltr\" style=\"text-align: justify;\"><strong>Medidas de mitigaci\u00f3n<\/strong><\/p>\n<p dir=\"ltr\" style=\"text-align: justify;\">Frente a lo anterior, Carabineros ha dispuesto medidas adicionales orientadas a mitigar los efectos de este fen\u00f3meno, entre estas: el fortalecimiento del trabajo conjunto con el Ministerio P\u00fablico y Tribunales para agilizar el cumplimiento de \u00f3rdenes de detenci\u00f3n y fiscalizaci\u00f3n posterior.<\/p>\n<p dir=\"ltr\" style=\"text-align: justify;\">Asimismo el an\u00e1lisis criminol\u00f3gico permanente sobre perfiles reincidentes, lo que permitir\u00e1 una asignaci\u00f3n m\u00e1s eficiente de recursos policiales. Como tercera medida destacan los despliegues estrat\u00e9gicos con unidades SIP, Secci\u00f3n de Intervenci\u00f3n Policial y personal de la Patrulla Centauro de la Prefectura Ays\u00e9n, orientados a la detenci\u00f3n de sujetos con alto n\u00famero de reiteraciones.<\/p>\n<p dir=\"ltr\" style=\"text-align: justify;\">\u00abEl mensaje es claro: no permitiremos que la reincidencia delictual se normalice. Seguiremos identificando, deteniendo y sacando de circulaci\u00f3n a quienes insisten en infringir la ley\u00bb, concluy\u00f3 el Comisario.<\/p>\n<p dir=\"ltr\" style=\"text-align: justify;\">Este trabajo preventivo y reactivo de Carabineros refuerza el compromiso institucional con la seguridad ciudadana, buscando no solo detener a quienes deben responder ante la justicia, sino tambi\u00e9n generar entornos m\u00e1s seguros para las familias de Coyhaique.<\/p>\n<\/div><\/section><\/div><div  style='height:50px' class='hr hr-invisible   avia-builder-el-6  el_after_av_one_full  el_before_av_social_share '><span class='hr-inner ' ><span class='hr-inner-style'><\/span><\/span><\/div><\/p>\n<div  class='av-social-sharing-box  avia-builder-el-7  el_after_av_hr  el_before_av_hr  '><div class='av-share-box'><h5 class='av-share-link-description av-no-toc '>Compartir esta noticia<\/h5><ul class='av-share-box-list noLightbox'><li class='av-share-link av-social-link-facebook' ><a target=\"_blank\" aria-label=\"Compartir en Facebook\" href='https:\/\/www.facebook.com\/sharer.php?u=https:\/\/radiorevelacionfm.cl\/?p=55833&#038;t=Carabineros%20de%20Coyhaique%3A%20Detenci%C3%B3n%20de%20pr%C3%B3fugos%20de%20la%20justicia%20aument%C3%B3%20un%2013%25%20y%20genera%20alerta%20por%20reincidencias' aria-hidden='false' data-av_icon='\ue8f3' data-av_iconfont='entypo-fontello' title='' data-avia-related-tooltip='Compartir en Facebook' rel=\"noopener\"><span class='avia_hidden_link_text'>Compartir en Facebook<\/span><\/a><\/li><li class='av-share-link av-social-link-twitter' ><a target=\"_blank\" aria-label=\"Compartir en Twitter\" href='https:\/\/twitter.com\/share?text=Carabineros%20de%20Coyhaique%3A%20Detenci%C3%B3n%20de%20pr%C3%B3fugos%20de%20la%20justicia%20aument%C3%B3%20un%2013%25%20y%20genera%20alerta%20por%20reincidencias&#038;url=https:\/\/radiorevelacionfm.cl\/?p=55833' aria-hidden='false' data-av_icon='\ue8f1' data-av_iconfont='entypo-fontello' title='' data-avia-related-tooltip='Compartir en Twitter' rel=\"noopener\"><span class='avia_hidden_link_text'>Compartir en Twitter<\/span><\/a><\/li><li class='av-share-link av-social-link-whatsapp' ><a target=\"_blank\" aria-label=\"Compartir en Whatsapp\" href='https:\/\/api.whatsapp.com\/send?text=https:\/\/radiorevelacionfm.cl\/?p=55833' aria-hidden='false' data-av_icon='\uf232' data-av_iconfont='entypo-fontello' title='' data-avia-related-tooltip='Compartir en Whatsapp' rel=\"noopener\"><span class='avia_hidden_link_text'>Compartir en Whatsapp<\/span><\/a><\/li><li class='av-share-link av-social-link-linkedin' ><a target=\"_blank\" aria-label=\"Compartir en LinkedIn\" href='https:\/\/linkedin.com\/shareArticle?mini=true&#038;title=Carabineros%20de%20Coyhaique%3A%20Detenci%C3%B3n%20de%20pr%C3%B3fugos%20de%20la%20justicia%20aument%C3%B3%20un%2013%25%20y%20genera%20alerta%20por%20reincidencias&#038;url=https:\/\/radiorevelacionfm.cl\/?p=55833' aria-hidden='false' data-av_icon='\ue8fc' data-av_iconfont='entypo-fontello' title='' data-avia-related-tooltip='Compartir en LinkedIn' rel=\"noopener\"><span class='avia_hidden_link_text'>Compartir en LinkedIn<\/span><\/a><\/li><li class='av-share-link av-social-link-mail' ><a  aria-label=\"Compartir por correo\" href='mailto:?subject=Carabineros%20de%20Coyhaique%3A%20Detenci%C3%B3n%20de%20pr%C3%B3fugos%20de%20la%20justicia%20aument%C3%B3%20un%2013%25%20y%20genera%20alerta%20por%20reincidencias&#038;body=https:\/\/radiorevelacionfm.cl\/?p=55833' aria-hidden='false' data-av_icon='\ue805' data-av_iconfont='entypo-fontello' title='' data-avia-related-tooltip='Compartir por correo'><span class='avia_hidden_link_text'>Compartir por correo<\/span><\/a><\/li><\/ul><\/div><\/div>\n<div  style='height:50px' class='hr hr-invisible   avia-builder-el-8  el_after_av_social_share  el_before_av_comments_list '><span class='hr-inner ' ><span class='hr-inner-style'><\/span><\/span><\/div>\n<div  class='av-buildercomment  av-blog-meta-html-info-disabled av-blog-meta-tag-disabled  '><\/div>\n","protected":false},"excerpt":{"rendered":"","protected":false},"author":1,"featured_media":55834,"comment_status":"closed","ping_status":"closed","sticky":false,"template":"","format":"standard","meta":{"footnotes":""},"categories":[36],"tags":[],"class_list":["post-55833","post","type-post","status-publish","format-standard","has-post-thumbnail","hentry","category-policial"],"jetpack_featured_media_url":"https:\/\/radiorevelacionfm.cl\/wp-content\/uploads\/2025\/06\/carabineros1-2-1-1.jpg","_links":{"self":[{"href":"https:\/\/radiorevelacionfm.cl\/index.php?rest_route=\/wp\/v2\/posts\/55833","targetHints":{"allow":["GET"]}}],"collection":[{"href":"https:\/\/radiorevelacionfm.cl\/index.php?rest_route=\/wp\/v2\/posts"}],"about":[{"href":"https:\/\/radiorevelacionfm.cl\/index.php?rest_route=\/wp\/v2\/types\/post"}],"author":[{"embeddable":true,"href":"https:\/\/radiorevelacionfm.cl\/index.php?rest_route=\/wp\/v2\/users\/1"}],"replies":[{"embeddable":true,"href":"https:\/\/radiorevelacionfm.cl\/index.php?rest_route=%2Fwp%2Fv2%2Fcomments&post=55833"}],"version-history":[{"count":2,"href":"https:\/\/radiorevelacionfm.cl\/index.php?rest_route=\/wp\/v2\/posts\/55833\/revisions"}],"predecessor-version":[{"id":55839,"href":"https:\/\/radiorevelacionfm.cl\/index.php?rest_route=\/wp\/v2\/posts\/55833\/revisions\/55839"}],"wp:featuredmedia":[{"embeddable":true,"href":"https:\/\/radiorevelacionfm.cl\/index.php?rest_route=\/wp\/v2\/media\/55834"}],"wp:attachment":[{"href":"https:\/\/radiorevelacionfm.cl\/index.php?rest_route=%2Fwp%2Fv2%2Fmedia&parent=55833"}],"wp:term":[{"taxonomy":"category","embeddable":true,"href":"https:\/\/radiorevelacionfm.cl\/index.php?rest_route=%2Fwp%2Fv2%2Fcategories&post=55833"},{"taxonomy":"post_tag","embeddable":true,"href":"https:\/\/radiorevelacionfm.cl\/index.php?rest_route=%2Fwp%2Fv2%2Ftags&post=55833"}],"curies":[{"name":"wp","href":"https:\/\/api.w.org\/{rel}","templated":true}]}}