{"id":55822,"date":"2025-06-28T16:16:58","date_gmt":"2025-06-28T19:16:58","guid":{"rendered":"https:\/\/radiorevelacionfm.cl\/?p=55822"},"modified":"2025-06-28T16:16:58","modified_gmt":"2025-06-28T19:16:58","slug":"region-de-aysen-implementa-mesa-regional-de-mediacion-penal-juvenil-como-parte-del-fortalecimiento-de-la-justicia-restaurativa","status":"publish","type":"post","link":"https:\/\/radiorevelacionfm.cl\/?p=55822","title":{"rendered":"Regi\u00f3n de Ays\u00e9n implementa Mesa Regional de Mediaci\u00f3n Penal Juvenil como parte del fortalecimiento de la Justicia Restaurativa"},"content":{"rendered":"<div class=\"flex_column av_one_full  flex_column_div av-zero-column-padding first  avia-builder-el-0  el_before_av_one_full  avia-builder-el-first  \" style='border-radius:0px; '><div  class='avia-image-container  av-styling-    avia-builder-el-1  avia-builder-el-no-sibling  avia-align-center '  itemprop=\"image\" itemscope=\"itemscope\" itemtype=\"https:\/\/schema.org\/ImageObject\"  ><div class='avia-image-container-inner'><div class='avia-image-overlay-wrap'><img decoding=\"async\" class='wp-image-55823 avia-img-lazy-loading-not-55823 avia_image' src=\"https:\/\/radiorevelacionfm.cl\/wp-content\/uploads\/2025\/06\/MESA-DE-MEDIACION-JUVENIL-1-1.jpg\" alt='' title='MESA DE MEDIACI\u00d3N JUVENIL (1) (1)' height=\"600\" width=\"840\"  itemprop=\"thumbnailUrl\" srcset=\"https:\/\/radiorevelacionfm.cl\/wp-content\/uploads\/2025\/06\/MESA-DE-MEDIACION-JUVENIL-1-1.jpg 840w, https:\/\/radiorevelacionfm.cl\/wp-content\/uploads\/2025\/06\/MESA-DE-MEDIACION-JUVENIL-1-1-300x214.jpg 300w, https:\/\/radiorevelacionfm.cl\/wp-content\/uploads\/2025\/06\/MESA-DE-MEDIACION-JUVENIL-1-1-768x549.jpg 768w, https:\/\/radiorevelacionfm.cl\/wp-content\/uploads\/2025\/06\/MESA-DE-MEDIACION-JUVENIL-1-1-260x185.jpg 260w, https:\/\/radiorevelacionfm.cl\/wp-content\/uploads\/2025\/06\/MESA-DE-MEDIACION-JUVENIL-1-1-705x504.jpg 705w, https:\/\/radiorevelacionfm.cl\/wp-content\/uploads\/2025\/06\/MESA-DE-MEDIACION-JUVENIL-1-1-450x321.jpg 450w, https:\/\/radiorevelacionfm.cl\/wp-content\/uploads\/2025\/06\/MESA-DE-MEDIACION-JUVENIL-1-1-600x429.jpg 600w\" sizes=\"(max-width: 840px) 100vw, 840px\" \/><\/div><\/div><\/div><\/div><div class=\"flex_column av_one_full  flex_column_div av-zero-column-padding first  avia-builder-el-2  el_after_av_one_full  el_before_av_one_full  column-top-margin\" style='border-radius:0px; '><section class=\"av_textblock_section \"  itemscope=\"itemscope\" itemtype=\"https:\/\/schema.org\/BlogPosting\" itemprop=\"blogPost\" ><div class='avia_textblock  '   itemprop=\"text\" ><p style=\"text-align: center;\"><strong><span style=\"font-size: 18pt;\">Regi\u00f3n de Ays\u00e9n implementa Mesa Regional de Mediaci\u00f3n Penal Juvenil como parte del fortalecimiento de la Justicia Restaurativa<\/span><\/strong><\/p>\n<div id=\"gtx-trans\" style=\"position: absolute; left: -50px; top: 4.31534px;\">\n<div class=\"gtx-trans-icon\"><\/div>\n<\/div>\n<\/div><\/section><\/div><div class=\"flex_column av_one_full  flex_column_div av-zero-column-padding first  avia-builder-el-4  el_after_av_one_full  el_before_av_hr  column-top-margin\" style='border-radius:0px; '><section class=\"av_textblock_section \"  itemscope=\"itemscope\" itemtype=\"https:\/\/schema.org\/BlogPosting\" itemprop=\"blogPost\" ><div class='avia_textblock  '   itemprop=\"text\" ><p style=\"text-align: justify;\">En el marco de la implementaci\u00f3n de la Justicia Restaurativa en el sistema de responsabilidad penal adolescente, la Regi\u00f3n de Ays\u00e9n formaliz\u00f3 la constituci\u00f3n de la Mesa Regional de Mediaci\u00f3n Penal Juvenil, instancia que busca fortalecer una forma innovadora de resoluci\u00f3n de conflictos penales, con \u00e9nfasis en la reparaci\u00f3n del da\u00f1o, la participaci\u00f3n de las v\u00edctimas y la responsabilizaci\u00f3n activa de adolescentes en conflicto con la justicia.<\/p>\n<p style=\"text-align: justify;\">La mediaci\u00f3n penal juvenil se instala como una alternativa complementaria a la justicia tradicional, permitiendo que los conflictos se resuelvan mediante el di\u00e1logo y la colaboraci\u00f3n entre las partes. Esta forma de justicia se encuentra alineada con la Ley n\u00b0 21.527, que introdujo modificaciones a la Ley de Responsabilidad Penal Adolescente, incorporando la mediaci\u00f3n como mecanismo posible en este tipo de procesos.<\/p>\n<p style=\"text-align: justify;\">En ese contexto, el director regional del Servicio Nacional de Reinserci\u00f3n Social Juvenil, Israel Villavicencio, subray\u00f3 la importancia de contar con esta herramienta en el territorio. \u201cContar con esta mesa es un paso clave hacia una forma m\u00e1s innovadora y efectiva de resolver los conflictos. La justicia restaurativa nos permite mirar el delito no solo desde la sanci\u00f3n, sino desde la posibilidad de reparar el da\u00f1o, responsabilizar al adolescente y brindar respuestas m\u00e1s humanas para todos los involucrados\u201d, indic\u00f3.<\/p>\n<p style=\"text-align: justify;\">\u201cLa Mediaci\u00f3n Penal Juvenil es una herramienta fundamental dentro del enfoque de Justicia Restaurativa, que permite abordar los conflictos desde una perspectiva m\u00e1s humana, efectiva y reparadora. En territorios como la Regi\u00f3n de Ays\u00e9n, donde las comunidades son m\u00e1s peque\u00f1as y los v\u00ednculos sociales m\u00e1s estrechos, este mecanismo adquiere especial relevancia, ya que favorece la responsabilizaci\u00f3n del adolescente, la reparaci\u00f3n del da\u00f1o y la reconstrucci\u00f3n del tejido social\u201d, explic\u00f3 Cynthia Seguel, mediadora penal juvenil del Servicio Nacional de Reinserci\u00f3n Social Juvenil.<\/p>\n<p style=\"text-align: justify;\">La reci\u00e9n constituida mesa regional funcionar\u00e1 bajo la Subcomisi\u00f3n Regional de Responsabilidad Penal Adolescente de la Comisi\u00f3n Regional de Coordinaci\u00f3n del Sistema de Justicia Penal y estar\u00e1 encargada de monitorear las pr\u00e1cticas locales de derivaci\u00f3n y mediaci\u00f3n, proponer mejoras al protocolo nacional, y fomentar instancias de coordinaci\u00f3n, difusi\u00f3n y capacitaci\u00f3n entre los distintos actores del sistema.<\/p>\n<p style=\"text-align: justify;\">Para el seremi de Justicia y DDHH, Samuel Navarro, \u201cesta herramienta permite que los j\u00f3venes y las v\u00edctimas, aquellos j\u00f3venes que participan en la comisi\u00f3n de alg\u00fan delito junto a las v\u00edctimas y bajo el esquema de los intervinientes del proceso penal, puedan llegar a una soluci\u00f3n distinta a la de una sentencia condenatoria para los efectos de delitos de menor gravedad\u201d.<\/p>\n<p style=\"text-align: justify;\">El fiscal judicial de la Corte de Apelaciones de Coyhaique, Juan Patricio Silva, destac\u00f3 que \u201cla reciente modificaci\u00f3n a la Ley sobre Responsabilidad Penal Adolescente incorpora la Mediaci\u00f3n Penal Juvenil como una herramienta para restablecer la infracci\u00f3n. Este mecanismo permite un acuerdo entre v\u00edctima e imputado\/a, facilitado por un mediador sin costo, promoviendo la participaci\u00f3n activa de la v\u00edctima y la responsabilizaci\u00f3n del o la adolescente, con seguimiento del acuerdo para evitar nuevas infracciones\u201d.<\/p>\n<p style=\"text-align: justify;\">La implementaci\u00f3n de esta mesa permitir\u00e1 levantar informaci\u00f3n desde el territorio para la mejora continua del sistema, facilitar el acceso a procesos restaurativos y promover medidas acordes al principio de m\u00ednima intervenci\u00f3n penal, en l\u00ednea con los est\u00e1ndares nacionales e internacionales en materia de ni\u00f1ez y adolescencia.<\/p>\n<\/div><\/section><\/div><div  style='height:50px' class='hr hr-invisible   avia-builder-el-6  el_after_av_one_full  el_before_av_social_share '><span class='hr-inner ' ><span class='hr-inner-style'><\/span><\/span><\/div><\/p>\n<div  class='av-social-sharing-box  avia-builder-el-7  el_after_av_hr  el_before_av_hr  '><div class='av-share-box'><h5 class='av-share-link-description av-no-toc '>Compartir esta noticia<\/h5><ul class='av-share-box-list noLightbox'><li class='av-share-link av-social-link-facebook' ><a target=\"_blank\" aria-label=\"Compartir en Facebook\" href='https:\/\/www.facebook.com\/sharer.php?u=https:\/\/radiorevelacionfm.cl\/?p=55822&#038;t=Regi%C3%B3n%20de%20Ays%C3%A9n%20implementa%20Mesa%20Regional%20de%20Mediaci%C3%B3n%20Penal%20Juvenil%20como%20parte%20del%20fortalecimiento%20de%20la%20Justicia%20Restaurativa' aria-hidden='false' data-av_icon='\ue8f3' data-av_iconfont='entypo-fontello' title='' data-avia-related-tooltip='Compartir en Facebook' rel=\"noopener\"><span class='avia_hidden_link_text'>Compartir en Facebook<\/span><\/a><\/li><li class='av-share-link av-social-link-twitter' ><a target=\"_blank\" aria-label=\"Compartir en Twitter\" href='https:\/\/twitter.com\/share?text=Regi%C3%B3n%20de%20Ays%C3%A9n%20implementa%20Mesa%20Regional%20de%20Mediaci%C3%B3n%20Penal%20Juvenil%20como%20parte%20del%20fortalecimiento%20de%20la%20Justicia%20Restaurativa&#038;url=https:\/\/radiorevelacionfm.cl\/?p=55822' aria-hidden='false' data-av_icon='\ue8f1' data-av_iconfont='entypo-fontello' title='' data-avia-related-tooltip='Compartir en Twitter' rel=\"noopener\"><span class='avia_hidden_link_text'>Compartir en Twitter<\/span><\/a><\/li><li class='av-share-link av-social-link-whatsapp' ><a target=\"_blank\" aria-label=\"Compartir en Whatsapp\" href='https:\/\/api.whatsapp.com\/send?text=https:\/\/radiorevelacionfm.cl\/?p=55822' aria-hidden='false' data-av_icon='\uf232' data-av_iconfont='entypo-fontello' title='' data-avia-related-tooltip='Compartir en Whatsapp' rel=\"noopener\"><span class='avia_hidden_link_text'>Compartir en Whatsapp<\/span><\/a><\/li><li class='av-share-link av-social-link-linkedin' ><a target=\"_blank\" aria-label=\"Compartir en LinkedIn\" href='https:\/\/linkedin.com\/shareArticle?mini=true&#038;title=Regi%C3%B3n%20de%20Ays%C3%A9n%20implementa%20Mesa%20Regional%20de%20Mediaci%C3%B3n%20Penal%20Juvenil%20como%20parte%20del%20fortalecimiento%20de%20la%20Justicia%20Restaurativa&#038;url=https:\/\/radiorevelacionfm.cl\/?p=55822' aria-hidden='false' data-av_icon='\ue8fc' data-av_iconfont='entypo-fontello' title='' data-avia-related-tooltip='Compartir en LinkedIn' rel=\"noopener\"><span class='avia_hidden_link_text'>Compartir en LinkedIn<\/span><\/a><\/li><li class='av-share-link av-social-link-mail' ><a  aria-label=\"Compartir por correo\" href='mailto:?subject=Regi%C3%B3n%20de%20Ays%C3%A9n%20implementa%20Mesa%20Regional%20de%20Mediaci%C3%B3n%20Penal%20Juvenil%20como%20parte%20del%20fortalecimiento%20de%20la%20Justicia%20Restaurativa&#038;body=https:\/\/radiorevelacionfm.cl\/?p=55822' aria-hidden='false' data-av_icon='\ue805' data-av_iconfont='entypo-fontello' title='' data-avia-related-tooltip='Compartir por correo'><span class='avia_hidden_link_text'>Compartir por correo<\/span><\/a><\/li><\/ul><\/div><\/div>\n<div  style='height:50px' class='hr hr-invisible   avia-builder-el-8  el_after_av_social_share  el_before_av_comments_list '><span class='hr-inner ' ><span class='hr-inner-style'><\/span><\/span><\/div>\n<div  class='av-buildercomment  av-blog-meta-html-info-disabled av-blog-meta-tag-disabled  '><\/div>\n","protected":false},"excerpt":{"rendered":"","protected":false},"author":1,"featured_media":55823,"comment_status":"closed","ping_status":"closed","sticky":false,"template":"","format":"standard","meta":{"footnotes":""},"categories":[55],"tags":[],"class_list":["post-55822","post","type-post","status-publish","format-standard","has-post-thumbnail","hentry","category-justicia"],"jetpack_featured_media_url":"https:\/\/radiorevelacionfm.cl\/wp-content\/uploads\/2025\/06\/MESA-DE-MEDIACION-JUVENIL-1-1.jpg","_links":{"self":[{"href":"https:\/\/radiorevelacionfm.cl\/index.php?rest_route=\/wp\/v2\/posts\/55822","targetHints":{"allow":["GET"]}}],"collection":[{"href":"https:\/\/radiorevelacionfm.cl\/index.php?rest_route=\/wp\/v2\/posts"}],"about":[{"href":"https:\/\/radiorevelacionfm.cl\/index.php?rest_route=\/wp\/v2\/types\/post"}],"author":[{"embeddable":true,"href":"https:\/\/radiorevelacionfm.cl\/index.php?rest_route=\/wp\/v2\/users\/1"}],"replies":[{"embeddable":true,"href":"https:\/\/radiorevelacionfm.cl\/index.php?rest_route=%2Fwp%2Fv2%2Fcomments&post=55822"}],"version-history":[{"count":2,"href":"https:\/\/radiorevelacionfm.cl\/index.php?rest_route=\/wp\/v2\/posts\/55822\/revisions"}],"predecessor-version":[{"id":55846,"href":"https:\/\/radiorevelacionfm.cl\/index.php?rest_route=\/wp\/v2\/posts\/55822\/revisions\/55846"}],"wp:featuredmedia":[{"embeddable":true,"href":"https:\/\/radiorevelacionfm.cl\/index.php?rest_route=\/wp\/v2\/media\/55823"}],"wp:attachment":[{"href":"https:\/\/radiorevelacionfm.cl\/index.php?rest_route=%2Fwp%2Fv2%2Fmedia&parent=55822"}],"wp:term":[{"taxonomy":"category","embeddable":true,"href":"https:\/\/radiorevelacionfm.cl\/index.php?rest_route=%2Fwp%2Fv2%2Fcategories&post=55822"},{"taxonomy":"post_tag","embeddable":true,"href":"https:\/\/radiorevelacionfm.cl\/index.php?rest_route=%2Fwp%2Fv2%2Ftags&post=55822"}],"curies":[{"name":"wp","href":"https:\/\/api.w.org\/{rel}","templated":true}]}}