{"id":55819,"date":"2025-06-28T12:12:43","date_gmt":"2025-06-28T15:12:43","guid":{"rendered":"https:\/\/radiorevelacionfm.cl\/?p=55819"},"modified":"2025-06-28T12:12:43","modified_gmt":"2025-06-28T15:12:43","slug":"sobre-el-avance-del-plan-de-zonas-extremas-gobierno-regional-emplaza-a-ministerios-a-cumplir-con-los-compromisos","status":"publish","type":"post","link":"https:\/\/radiorevelacionfm.cl\/?p=55819","title":{"rendered":"Sobre el avance del Plan de Zonas Extremas: Gobierno Regional emplaza a ministerios a cumplir con los compromisos"},"content":{"rendered":"<div class=\"flex_column av_one_full  flex_column_div av-zero-column-padding first  avia-builder-el-0  el_before_av_one_full  avia-builder-el-first  \" style='border-radius:0px; '><div  class='avia-image-container  av-styling-    avia-builder-el-1  avia-builder-el-no-sibling  avia-align-center '  itemprop=\"image\" itemscope=\"itemscope\" itemtype=\"https:\/\/schema.org\/ImageObject\"  ><div class='avia-image-container-inner'><div class='avia-image-overlay-wrap'><img decoding=\"async\" class='wp-image-55820 avia-img-lazy-loading-not-55820 avia_image' src=\"https:\/\/radiorevelacionfm.cl\/wp-content\/uploads\/2025\/06\/DSC04609-1-1.jpg\" alt='' title='DSC04609 (1) (1)' height=\"600\" width=\"898\"  itemprop=\"thumbnailUrl\" srcset=\"https:\/\/radiorevelacionfm.cl\/wp-content\/uploads\/2025\/06\/DSC04609-1-1.jpg 898w, https:\/\/radiorevelacionfm.cl\/wp-content\/uploads\/2025\/06\/DSC04609-1-1-300x200.jpg 300w, https:\/\/radiorevelacionfm.cl\/wp-content\/uploads\/2025\/06\/DSC04609-1-1-768x513.jpg 768w, https:\/\/radiorevelacionfm.cl\/wp-content\/uploads\/2025\/06\/DSC04609-1-1-705x471.jpg 705w, https:\/\/radiorevelacionfm.cl\/wp-content\/uploads\/2025\/06\/DSC04609-1-1-450x301.jpg 450w, https:\/\/radiorevelacionfm.cl\/wp-content\/uploads\/2025\/06\/DSC04609-1-1-600x401.jpg 600w\" sizes=\"(max-width: 898px) 100vw, 898px\" \/><\/div><\/div><\/div><\/div><div class=\"flex_column av_one_full  flex_column_div av-zero-column-padding first  avia-builder-el-2  el_after_av_one_full  el_before_av_one_full  column-top-margin\" style='border-radius:0px; '><section class=\"av_textblock_section \"  itemscope=\"itemscope\" itemtype=\"https:\/\/schema.org\/BlogPosting\" itemprop=\"blogPost\" ><div class='avia_textblock  '   itemprop=\"text\" ><p style=\"text-align: center;\"><span style=\"font-size: 18pt;\"><strong>Sobre el avance del Plan de Zonas Extremas: Gobierno Regional emplaza a ministerios a cumplir con los compromisos <\/strong><\/span><\/p>\n<div id=\"gtx-trans\" style=\"position: absolute; left: -50px; top: 4.31534px;\">\n<div class=\"gtx-trans-icon\"><\/div>\n<\/div>\n<\/div><\/section><\/div><div class=\"flex_column av_one_full  flex_column_div av-zero-column-padding first  avia-builder-el-4  el_after_av_one_full  el_before_av_hr  column-top-margin\" style='border-radius:0px; '><section class=\"av_textblock_section \"  itemscope=\"itemscope\" itemtype=\"https:\/\/schema.org\/BlogPosting\" itemprop=\"blogPost\" ><div class='avia_textblock  '   itemprop=\"text\" ><p style=\"text-align: justify;\">En la sesi\u00f3n plenaria N\u00b0 12 del Consejo Regional de este viernes 27 de junio, su presidente, el gobernador regional, Marcelo Santana Vargas, emplaz\u00f3 a los ministerios de Obras P\u00fablicas, Salud, Educaci\u00f3n y Vivienda a cumplir con los plazos y compromisos adquiridos en el marco del Plan de Desarrollo de Zonas Extremas PDZE. Esto, despu\u00e9s de que el plan no pudiera aprobarse por el Consejo este viernes tal como estaba programado, debido a la falta de documentos (cartas de compromiso) que deb\u00edan llegar por parte de estos ministerios.<\/p>\n<p style=\"text-align: justify;\">\u201cUno podr\u00e1 decir qu\u00e9 tiene una semana, un mes, dos meses. Bueno, tiene que ver, porque la gente est\u00e1 esperando que nosotros pavimentamos la Carretera Austral, la gente de Villa O\u00b4Higgins est\u00e1 esperando que arreglemos los muelles, la gente de La Tapera est\u00e1 esperando que nosotros lleguemos con conectividad, la gente de la regi\u00f3n est\u00e1 esperando un nuevo hospital. La gente que tiene c\u00e1ncer tiene que salir de la regi\u00f3n a atenderse. Esas son las cosas sensibles y a mi me molesta y me duele que el Gobierno no tenga la misma sensibilidad con la gente de Ays\u00e9n\u00a8, declar\u00f3 el gobernador regional de Ays\u00e9n Marcelo Santana al inicio de la sesi\u00f3n plenaria.<\/p>\n<p style=\"text-align: justify;\">El plazo para enviar las cartas de compromiso fue inicialmente abril. Sin embargo, dado que no se obten\u00eda respuesta de los ministerios, o solo algunos, se enviaron oficios en abril a los secretarios regionales ministeriales de los diversos sectores, en mayo al delegado presidencial regional y en junio a los ministros, se\u00f1al\u00f3 Mar\u00eda Loreta Villegas, coordinadora PDZE y PZR del Gobierno Regional.<\/p>\n<p style=\"text-align: justify;\">Hasta el d\u00eda de hoy, al inicio de la sesi\u00f3n plenaria, estaban pendientes las cartas del Ministerio de Obras P\u00fablicas, Vivienda, Salud y Educaci\u00f3n, frenando el avance del Plan de Zonas Extremas, que contempla obras de gran importancia para la regi\u00f3n como el Hospital de Coyhaique, la pavimentaci\u00f3n de la Carretera Austral y\u00a0 la Escuela Espa\u00f1a, entre otros.<\/p>\n<\/div><\/section><\/div><div  style='height:50px' class='hr hr-invisible   avia-builder-el-6  el_after_av_one_full  el_before_av_social_share '><span class='hr-inner ' ><span class='hr-inner-style'><\/span><\/span><\/div><\/p>\n<div  class='av-social-sharing-box  avia-builder-el-7  el_after_av_hr  el_before_av_hr  '><div class='av-share-box'><h5 class='av-share-link-description av-no-toc '>Compartir esta noticia<\/h5><ul class='av-share-box-list noLightbox'><li class='av-share-link av-social-link-facebook' ><a target=\"_blank\" aria-label=\"Compartir en Facebook\" href='https:\/\/www.facebook.com\/sharer.php?u=https:\/\/radiorevelacionfm.cl\/?p=55819&#038;t=Sobre%20el%20avance%20del%20Plan%20de%20Zonas%20Extremas%3A%20Gobierno%20Regional%20emplaza%20a%20ministerios%20a%20cumplir%20con%20los%20compromisos' aria-hidden='false' data-av_icon='\ue8f3' data-av_iconfont='entypo-fontello' title='' data-avia-related-tooltip='Compartir en Facebook' rel=\"noopener\"><span class='avia_hidden_link_text'>Compartir en Facebook<\/span><\/a><\/li><li class='av-share-link av-social-link-twitter' ><a target=\"_blank\" aria-label=\"Compartir en Twitter\" href='https:\/\/twitter.com\/share?text=Sobre%20el%20avance%20del%20Plan%20de%20Zonas%20Extremas%3A%20Gobierno%20Regional%20emplaza%20a%20ministerios%20a%20cumplir%20con%20los%20compromisos&#038;url=https:\/\/radiorevelacionfm.cl\/?p=55819' aria-hidden='false' data-av_icon='\ue8f1' data-av_iconfont='entypo-fontello' title='' data-avia-related-tooltip='Compartir en Twitter' rel=\"noopener\"><span class='avia_hidden_link_text'>Compartir en Twitter<\/span><\/a><\/li><li class='av-share-link av-social-link-whatsapp' ><a target=\"_blank\" aria-label=\"Compartir en Whatsapp\" href='https:\/\/api.whatsapp.com\/send?text=https:\/\/radiorevelacionfm.cl\/?p=55819' aria-hidden='false' data-av_icon='\uf232' data-av_iconfont='entypo-fontello' title='' data-avia-related-tooltip='Compartir en Whatsapp' rel=\"noopener\"><span class='avia_hidden_link_text'>Compartir en Whatsapp<\/span><\/a><\/li><li class='av-share-link av-social-link-linkedin' ><a target=\"_blank\" aria-label=\"Compartir en LinkedIn\" href='https:\/\/linkedin.com\/shareArticle?mini=true&#038;title=Sobre%20el%20avance%20del%20Plan%20de%20Zonas%20Extremas%3A%20Gobierno%20Regional%20emplaza%20a%20ministerios%20a%20cumplir%20con%20los%20compromisos&#038;url=https:\/\/radiorevelacionfm.cl\/?p=55819' aria-hidden='false' data-av_icon='\ue8fc' data-av_iconfont='entypo-fontello' title='' data-avia-related-tooltip='Compartir en LinkedIn' rel=\"noopener\"><span class='avia_hidden_link_text'>Compartir en LinkedIn<\/span><\/a><\/li><li class='av-share-link av-social-link-mail' ><a  aria-label=\"Compartir por correo\" href='mailto:?subject=Sobre%20el%20avance%20del%20Plan%20de%20Zonas%20Extremas%3A%20Gobierno%20Regional%20emplaza%20a%20ministerios%20a%20cumplir%20con%20los%20compromisos&#038;body=https:\/\/radiorevelacionfm.cl\/?p=55819' aria-hidden='false' data-av_icon='\ue805' data-av_iconfont='entypo-fontello' title='' data-avia-related-tooltip='Compartir por correo'><span class='avia_hidden_link_text'>Compartir por correo<\/span><\/a><\/li><\/ul><\/div><\/div>\n<div  style='height:50px' class='hr hr-invisible   avia-builder-el-8  el_after_av_social_share  el_before_av_comments_list '><span class='hr-inner ' ><span class='hr-inner-style'><\/span><\/span><\/div>\n<div  class='av-buildercomment  av-blog-meta-html-info-disabled av-blog-meta-tag-disabled  '><\/div>\n","protected":false},"excerpt":{"rendered":"","protected":false},"author":1,"featured_media":55820,"comment_status":"closed","ping_status":"closed","sticky":false,"template":"","format":"standard","meta":{"footnotes":""},"categories":[38],"tags":[],"class_list":["post-55819","post","type-post","status-publish","format-standard","has-post-thumbnail","hentry","category-regional"],"jetpack_featured_media_url":"https:\/\/radiorevelacionfm.cl\/wp-content\/uploads\/2025\/06\/DSC04609-1-1.jpg","_links":{"self":[{"href":"https:\/\/radiorevelacionfm.cl\/index.php?rest_route=\/wp\/v2\/posts\/55819","targetHints":{"allow":["GET"]}}],"collection":[{"href":"https:\/\/radiorevelacionfm.cl\/index.php?rest_route=\/wp\/v2\/posts"}],"about":[{"href":"https:\/\/radiorevelacionfm.cl\/index.php?rest_route=\/wp\/v2\/types\/post"}],"author":[{"embeddable":true,"href":"https:\/\/radiorevelacionfm.cl\/index.php?rest_route=\/wp\/v2\/users\/1"}],"replies":[{"embeddable":true,"href":"https:\/\/radiorevelacionfm.cl\/index.php?rest_route=%2Fwp%2Fv2%2Fcomments&post=55819"}],"version-history":[{"count":2,"href":"https:\/\/radiorevelacionfm.cl\/index.php?rest_route=\/wp\/v2\/posts\/55819\/revisions"}],"predecessor-version":[{"id":55844,"href":"https:\/\/radiorevelacionfm.cl\/index.php?rest_route=\/wp\/v2\/posts\/55819\/revisions\/55844"}],"wp:featuredmedia":[{"embeddable":true,"href":"https:\/\/radiorevelacionfm.cl\/index.php?rest_route=\/wp\/v2\/media\/55820"}],"wp:attachment":[{"href":"https:\/\/radiorevelacionfm.cl\/index.php?rest_route=%2Fwp%2Fv2%2Fmedia&parent=55819"}],"wp:term":[{"taxonomy":"category","embeddable":true,"href":"https:\/\/radiorevelacionfm.cl\/index.php?rest_route=%2Fwp%2Fv2%2Fcategories&post=55819"},{"taxonomy":"post_tag","embeddable":true,"href":"https:\/\/radiorevelacionfm.cl\/index.php?rest_route=%2Fwp%2Fv2%2Ftags&post=55819"}],"curies":[{"name":"wp","href":"https:\/\/api.w.org\/{rel}","templated":true}]}}