{"id":55814,"date":"2025-06-28T12:00:19","date_gmt":"2025-06-28T15:00:19","guid":{"rendered":"https:\/\/radiorevelacionfm.cl\/?p=55814"},"modified":"2025-06-28T12:00:19","modified_gmt":"2025-06-28T15:00:19","slug":"gobierno-inspecciona-locales-para-elecciones-primarias-presidenciales","status":"publish","type":"post","link":"https:\/\/radiorevelacionfm.cl\/?p=55814","title":{"rendered":"Gobierno inspecciona locales para Elecciones Primarias Presidenciales"},"content":{"rendered":"<div class=\"flex_column av_one_full  flex_column_div av-zero-column-padding first  avia-builder-el-0  el_before_av_one_full  avia-builder-el-first  \" style='border-radius:0px; '><div  class='avia-image-container  av-styling-    avia-builder-el-1  avia-builder-el-no-sibling  avia-align-center '  itemprop=\"image\" itemscope=\"itemscope\" itemtype=\"https:\/\/schema.org\/ImageObject\"  ><div class='avia-image-container-inner'><div class='avia-image-overlay-wrap'><img decoding=\"async\" class='wp-image-55815 avia-img-lazy-loading-not-55815 avia_image' src=\"https:\/\/radiorevelacionfm.cl\/wp-content\/uploads\/2025\/06\/whatsapp-image-2025-06-27-at-12_optimized.55.17-1-1-1.jpeg\" alt='' title='whatsapp-image-2025-06-27-at-12_optimized.55.17-(1)-(1) (1)' height=\"600\" width=\"800\"  itemprop=\"thumbnailUrl\" srcset=\"https:\/\/radiorevelacionfm.cl\/wp-content\/uploads\/2025\/06\/whatsapp-image-2025-06-27-at-12_optimized.55.17-1-1-1.jpeg 800w, https:\/\/radiorevelacionfm.cl\/wp-content\/uploads\/2025\/06\/whatsapp-image-2025-06-27-at-12_optimized.55.17-1-1-1-300x225.jpeg 300w, https:\/\/radiorevelacionfm.cl\/wp-content\/uploads\/2025\/06\/whatsapp-image-2025-06-27-at-12_optimized.55.17-1-1-1-768x576.jpeg 768w, https:\/\/radiorevelacionfm.cl\/wp-content\/uploads\/2025\/06\/whatsapp-image-2025-06-27-at-12_optimized.55.17-1-1-1-705x529.jpeg 705w, https:\/\/radiorevelacionfm.cl\/wp-content\/uploads\/2025\/06\/whatsapp-image-2025-06-27-at-12_optimized.55.17-1-1-1-450x338.jpeg 450w, https:\/\/radiorevelacionfm.cl\/wp-content\/uploads\/2025\/06\/whatsapp-image-2025-06-27-at-12_optimized.55.17-1-1-1-600x450.jpeg 600w\" sizes=\"(max-width: 800px) 100vw, 800px\" \/><\/div><\/div><\/div><\/div><div class=\"flex_column av_one_full  flex_column_div av-zero-column-padding first  avia-builder-el-2  el_after_av_one_full  el_before_av_one_full  column-top-margin\" style='border-radius:0px; '><section class=\"av_textblock_section \"  itemscope=\"itemscope\" itemtype=\"https:\/\/schema.org\/BlogPosting\" itemprop=\"blogPost\" ><div class='avia_textblock  '   itemprop=\"text\" ><p style=\"text-align: center;\"><span style=\"font-size: 18pt;\"><b>Gobierno inspecciona locales para Elecciones Primarias Presidenciales<\/b><\/span><\/p>\n<div id=\"gtx-trans\" style=\"position: absolute; left: -50px; top: 4.31534px;\">\n<div class=\"gtx-trans-icon\"><\/div>\n<\/div>\n<\/div><\/section><\/div><div class=\"flex_column av_one_full  flex_column_div av-zero-column-padding first  avia-builder-el-4  el_after_av_one_full  el_before_av_hr  column-top-margin\" style='border-radius:0px; '><section class=\"av_textblock_section \"  itemscope=\"itemscope\" itemtype=\"https:\/\/schema.org\/BlogPosting\" itemprop=\"blogPost\" ><div class='avia_textblock  '   itemprop=\"text\" ><p style=\"font-weight: 400; text-align: justify;\">El Delegado Presidencial Regional, Jorge D\u00edaz Guzm\u00e1n, junto al Comandante en Jefe de la IV Divisi\u00f3n de Ej\u00e9rcito, General de Brigada Enrique del Fierro, y autoridades pertinentes; visitaron el Liceo San Felipe Benicio de Coyhaique, para monitorear el despliegue de las Fuerzas Armadas para las elecciones primarias presidenciales, de car\u00e1cter voluntario, de este domingo.<\/p>\n<p style=\"font-weight: 400; text-align: justify;\">\u201cLa institucionalidad que resguarda este proceso electoral en los 36 colegios y en las 117 mesas consideradas en toda la Regi\u00f3n de Ays\u00e9n, est\u00e1 debidamente dispuesta. Las Fuerzas Armadas est\u00e1n desplegadas y los municipios han hecho su labor, por lo tanto, queremos manifestar que est\u00e1 todo dispuesto para participar en estas elecciones primarias\u201d, subray\u00f3 el Delegado Jorge D\u00edaz Guzm\u00e1n.<\/p>\n<p style=\"font-weight: 400; text-align: justify;\">El General de Brigada Enrique del Fierro detall\u00f3 que \u201cestamos en los 36 locales de votaci\u00f3n. Somos 358 efectivos -340 de Ej\u00e9rcito y 18 de la Armada-, desde Melinka hasta Villa O\u00b4Higgins para dar tranquilidad a la poblaci\u00f3n de asistir a este acto democr\u00e1tico. Est\u00e1 dispuesto tambi\u00e9n por ley que no debe haber propaganda al interior de los locales de votaci\u00f3n y eso va a ser controlado por los efectivos desplegados en los locales\u201d.<\/p>\n<p style=\"font-weight: 400; text-align: justify;\">En la inspecci\u00f3n participaron tambi\u00e9n el director regional de Servel, N\u00e9stor Sep\u00falveda, el jefe de la XI Zona de Carabineros, General Eduardo Palma, los seremis de Transportes y Telecomunicaciones, Hans Zimmermann; de Desarrollo Social y Familia, Karina Acevedo, y de Justicia y Derechos Humanos, Samuel Navarro; la alcaldesa (s) Gabriela Retamal y el director regional de Senapred, Alejandro Solar.<\/p>\n<p style=\"font-weight: 400; text-align: justify;\">El director de Servel dijo que el \u201celectorado asciende a 96.366 personas y estamos comprobando en cada local de votaci\u00f3n que el material electoral est\u00e9 disponible. Estamos monitoreando toda la regi\u00f3n mediante un sistema computacional y hemos comprobado que el material ha llegado a las localidades m\u00e1s apartadas de las diez comunas\u201d.<\/p>\n<p style=\"font-weight: 400; text-align: justify;\">El general Eduardo Palma a\u00f1adi\u00f3 que \u201cCarabineros estar\u00e1 cumpliendo un rol de prevenci\u00f3n y facilitador para que la comunidad vaya a votar. En esta oportunidad el voto va a ser voluntario, por lo que no hay que dejar constancia\u201d. En cuanto al personal, \u201cse mantiene el personal preventivo y, adem\u00e1s, habr\u00e1 m\u00e1s de 70 carabineros desplegados en los alrededores de los locales de votaci\u00f3n, coordinados con el Ej\u00e9rcito de Chile\u201d.<\/p>\n<p style=\"font-weight: 400; text-align: justify;\">El Director de Senapred, Alejandro Solar inform\u00f3 que \u201cse esperan temperaturas bajas desde este s\u00e1bado en la tarde y el domingo en toda la regi\u00f3n; temperaturas bajo cero entre -5 y 10 grados bajo cero desde Coyhaique al sur; mientras que Puerto Ays\u00e9n y otras ciudades, alrededor de -7 grados, de acuerdo a\u00a0 la proyecci\u00f3n de la Direcci\u00f3n Meteorol\u00f3gica de Chile. Hay que tomar las providencias del caso en materia de calidad del aire, calefacci\u00f3n hogare\u00f1a y tr\u00e1nsito vehicular y peatonal\u201d, concluy\u00f3.<\/p>\n<p style=\"font-weight: 400; text-align: justify;\">El transporte subsidiado operar\u00e1 el domingo, con alrededor de 36 servicios gratuitos desde Melinka hasta Villa O\u00b4Higgins, m\u00e1s un servicio mar\u00edtimo entre Islas Huichas y Puerto Chacabuco y el servicio lacustre del Lago General Carrera.<\/p>\n<p style=\"font-weight: 400; text-align: justify;\">Las personas con discapacidad tienen derecho al voto asistido, que representa una iniciativa importante en materia de medidas de accesibilidad electoral y medidas implementadas para garantizar la participaci\u00f3n de la poblaci\u00f3n.<\/p>\n<p style=\"font-weight: 400; text-align: justify;\">Para sufragar se deber\u00e1 presentar la c\u00e9dula de identidad o pasaporte, los que pueden estar vencidos hasta m\u00e1ximo un a\u00f1o antes de las elecciones primarias.<\/p>\n<p style=\"font-weight: 400; text-align: justify;\">Toda la informaci\u00f3n disponible en la p\u00e1gina web <a href=\"http:\/\/chilevotainformado.cl\">chilevotainformado.cl<\/a><\/p>\n<\/div><\/section><\/div><div  style='height:50px' class='hr hr-invisible   avia-builder-el-6  el_after_av_one_full  el_before_av_social_share '><span class='hr-inner ' ><span class='hr-inner-style'><\/span><\/span><\/div><\/p>\n<div  class='av-social-sharing-box  avia-builder-el-7  el_after_av_hr  el_before_av_hr  '><div class='av-share-box'><h5 class='av-share-link-description av-no-toc '>Compartir esta noticia<\/h5><ul class='av-share-box-list noLightbox'><li class='av-share-link av-social-link-facebook' ><a target=\"_blank\" aria-label=\"Compartir en Facebook\" href='https:\/\/www.facebook.com\/sharer.php?u=https:\/\/radiorevelacionfm.cl\/?p=55814&#038;t=Gobierno%20inspecciona%20locales%20para%20Elecciones%20Primarias%20Presidenciales' aria-hidden='false' data-av_icon='\ue8f3' data-av_iconfont='entypo-fontello' title='' data-avia-related-tooltip='Compartir en Facebook' rel=\"noopener\"><span class='avia_hidden_link_text'>Compartir en Facebook<\/span><\/a><\/li><li class='av-share-link av-social-link-twitter' ><a target=\"_blank\" aria-label=\"Compartir en Twitter\" href='https:\/\/twitter.com\/share?text=Gobierno%20inspecciona%20locales%20para%20Elecciones%20Primarias%20Presidenciales&#038;url=https:\/\/radiorevelacionfm.cl\/?p=55814' aria-hidden='false' data-av_icon='\ue8f1' data-av_iconfont='entypo-fontello' title='' data-avia-related-tooltip='Compartir en Twitter' rel=\"noopener\"><span class='avia_hidden_link_text'>Compartir en Twitter<\/span><\/a><\/li><li class='av-share-link av-social-link-whatsapp' ><a target=\"_blank\" aria-label=\"Compartir en Whatsapp\" href='https:\/\/api.whatsapp.com\/send?text=https:\/\/radiorevelacionfm.cl\/?p=55814' aria-hidden='false' data-av_icon='\uf232' data-av_iconfont='entypo-fontello' title='' data-avia-related-tooltip='Compartir en Whatsapp' rel=\"noopener\"><span class='avia_hidden_link_text'>Compartir en Whatsapp<\/span><\/a><\/li><li class='av-share-link av-social-link-linkedin' ><a target=\"_blank\" aria-label=\"Compartir en LinkedIn\" href='https:\/\/linkedin.com\/shareArticle?mini=true&#038;title=Gobierno%20inspecciona%20locales%20para%20Elecciones%20Primarias%20Presidenciales&#038;url=https:\/\/radiorevelacionfm.cl\/?p=55814' aria-hidden='false' data-av_icon='\ue8fc' data-av_iconfont='entypo-fontello' title='' data-avia-related-tooltip='Compartir en LinkedIn' rel=\"noopener\"><span class='avia_hidden_link_text'>Compartir en LinkedIn<\/span><\/a><\/li><li class='av-share-link av-social-link-mail' ><a  aria-label=\"Compartir por correo\" href='mailto:?subject=Gobierno%20inspecciona%20locales%20para%20Elecciones%20Primarias%20Presidenciales&#038;body=https:\/\/radiorevelacionfm.cl\/?p=55814' aria-hidden='false' data-av_icon='\ue805' data-av_iconfont='entypo-fontello' title='' data-avia-related-tooltip='Compartir por correo'><span class='avia_hidden_link_text'>Compartir por correo<\/span><\/a><\/li><\/ul><\/div><\/div>\n<div  style='height:50px' class='hr hr-invisible   avia-builder-el-8  el_after_av_social_share  el_before_av_comments_list '><span class='hr-inner ' ><span class='hr-inner-style'><\/span><\/span><\/div>\n<div  class='av-buildercomment  av-blog-meta-html-info-disabled av-blog-meta-tag-disabled  '><\/div>\n","protected":false},"excerpt":{"rendered":"","protected":false},"author":1,"featured_media":55815,"comment_status":"closed","ping_status":"closed","sticky":false,"template":"","format":"standard","meta":{"footnotes":""},"categories":[38],"tags":[],"class_list":["post-55814","post","type-post","status-publish","format-standard","has-post-thumbnail","hentry","category-regional"],"jetpack_featured_media_url":"https:\/\/radiorevelacionfm.cl\/wp-content\/uploads\/2025\/06\/whatsapp-image-2025-06-27-at-12_optimized.55.17-1-1-1.jpeg","_links":{"self":[{"href":"https:\/\/radiorevelacionfm.cl\/index.php?rest_route=\/wp\/v2\/posts\/55814","targetHints":{"allow":["GET"]}}],"collection":[{"href":"https:\/\/radiorevelacionfm.cl\/index.php?rest_route=\/wp\/v2\/posts"}],"about":[{"href":"https:\/\/radiorevelacionfm.cl\/index.php?rest_route=\/wp\/v2\/types\/post"}],"author":[{"embeddable":true,"href":"https:\/\/radiorevelacionfm.cl\/index.php?rest_route=\/wp\/v2\/users\/1"}],"replies":[{"embeddable":true,"href":"https:\/\/radiorevelacionfm.cl\/index.php?rest_route=%2Fwp%2Fv2%2Fcomments&post=55814"}],"version-history":[{"count":2,"href":"https:\/\/radiorevelacionfm.cl\/index.php?rest_route=\/wp\/v2\/posts\/55814\/revisions"}],"predecessor-version":[{"id":55843,"href":"https:\/\/radiorevelacionfm.cl\/index.php?rest_route=\/wp\/v2\/posts\/55814\/revisions\/55843"}],"wp:featuredmedia":[{"embeddable":true,"href":"https:\/\/radiorevelacionfm.cl\/index.php?rest_route=\/wp\/v2\/media\/55815"}],"wp:attachment":[{"href":"https:\/\/radiorevelacionfm.cl\/index.php?rest_route=%2Fwp%2Fv2%2Fmedia&parent=55814"}],"wp:term":[{"taxonomy":"category","embeddable":true,"href":"https:\/\/radiorevelacionfm.cl\/index.php?rest_route=%2Fwp%2Fv2%2Fcategories&post=55814"},{"taxonomy":"post_tag","embeddable":true,"href":"https:\/\/radiorevelacionfm.cl\/index.php?rest_route=%2Fwp%2Fv2%2Ftags&post=55814"}],"curies":[{"name":"wp","href":"https:\/\/api.w.org\/{rel}","templated":true}]}}