{"id":55810,"date":"2025-06-27T17:14:42","date_gmt":"2025-06-27T20:14:42","guid":{"rendered":"https:\/\/radiorevelacionfm.cl\/?p=55810"},"modified":"2025-06-27T17:14:42","modified_gmt":"2025-06-27T20:14:42","slug":"ruta-7-alcalde-de-rio-ibanez-y-consejero-regional-destacan-avance-en-la-comuna-y-recalcan-necesidad-de-mayor-rapidez-para-cumplir-compromiso","status":"publish","type":"post","link":"https:\/\/radiorevelacionfm.cl\/?p=55810","title":{"rendered":"Ruta 7: Alcalde de R\u00edo Ib\u00e1\u00f1ez y Consejero Regional destacan avance en la comuna y recalcan necesidad de mayor rapidez para cumplir compromiso"},"content":{"rendered":"<div class=\"flex_column av_one_full  flex_column_div av-zero-column-padding first  avia-builder-el-0  el_before_av_one_full  avia-builder-el-first  \" style='border-radius:0px; '><div  class='avia-image-container  av-styling-    avia-builder-el-1  avia-builder-el-no-sibling  avia-align-center '  itemprop=\"image\" itemscope=\"itemscope\" itemtype=\"https:\/\/schema.org\/ImageObject\"  ><div class='avia-image-container-inner'><div class='avia-image-overlay-wrap'><img decoding=\"async\" class='wp-image-55811 avia-img-lazy-loading-not-55811 avia_image' src=\"https:\/\/radiorevelacionfm.cl\/wp-content\/uploads\/2025\/06\/01-21-1_optimized-1-1.jpg\" alt='' title='01-(21)-(1)_optimized (1) (1)' height=\"600\" width=\"1066\"  itemprop=\"thumbnailUrl\" srcset=\"https:\/\/radiorevelacionfm.cl\/wp-content\/uploads\/2025\/06\/01-21-1_optimized-1-1.jpg 1066w, https:\/\/radiorevelacionfm.cl\/wp-content\/uploads\/2025\/06\/01-21-1_optimized-1-1-300x169.jpg 300w, https:\/\/radiorevelacionfm.cl\/wp-content\/uploads\/2025\/06\/01-21-1_optimized-1-1-1030x580.jpg 1030w, https:\/\/radiorevelacionfm.cl\/wp-content\/uploads\/2025\/06\/01-21-1_optimized-1-1-768x432.jpg 768w, https:\/\/radiorevelacionfm.cl\/wp-content\/uploads\/2025\/06\/01-21-1_optimized-1-1-705x397.jpg 705w, https:\/\/radiorevelacionfm.cl\/wp-content\/uploads\/2025\/06\/01-21-1_optimized-1-1-450x253.jpg 450w, https:\/\/radiorevelacionfm.cl\/wp-content\/uploads\/2025\/06\/01-21-1_optimized-1-1-600x338.jpg 600w\" sizes=\"(max-width: 1066px) 100vw, 1066px\" \/><\/div><\/div><\/div><\/div><div class=\"flex_column av_one_full  flex_column_div av-zero-column-padding first  avia-builder-el-2  el_after_av_one_full  el_before_av_one_full  column-top-margin\" style='border-radius:0px; '><section class=\"av_textblock_section \"  itemscope=\"itemscope\" itemtype=\"https:\/\/schema.org\/BlogPosting\" itemprop=\"blogPost\" ><div class='avia_textblock  '   itemprop=\"text\" ><p style=\"text-align: center;\"><strong><span style=\"font-size: 18pt;\">Ruta 7: Alcalde de R\u00edo Ib\u00e1\u00f1ez y Consejero Regional destacan avance en la comuna y recalcan necesidad de mayor rapidez para cumplir compromiso<\/span><\/strong><\/p>\n<div id=\"gtx-trans\" style=\"position: absolute; left: -50px; top: 4.31534px;\">\n<div class=\"gtx-trans-icon\"><\/div>\n<\/div>\n<\/div><\/section><\/div><div class=\"flex_column av_one_full  flex_column_div av-zero-column-padding first  avia-builder-el-4  el_after_av_one_full  el_before_av_hr  column-top-margin\" style='border-radius:0px; '><section class=\"av_textblock_section \"  itemscope=\"itemscope\" itemtype=\"https:\/\/schema.org\/BlogPosting\" itemprop=\"blogPost\" ><div class='avia_textblock  '   itemprop=\"text\" ><ul>\n<li style=\"text-align: justify;\"><em>El actual Gobierno se comprometi\u00f3 a pavimentar 140 kil\u00f3metros (km) de la Carretera Austral, pero a la fecha apenas 33 km est\u00e1n en ejecuci\u00f3n.<\/em><\/li>\n<\/ul>\n<p style=\"text-align: justify;\">A menos de un a\u00f1o del t\u00e9rmino del mandato del Presidente Gabriel Boric Font, el compromiso de pavimentar 140 kil\u00f3metros de la Carretera Austral en la Regi\u00f3n de Ays\u00e9n sigue lejos de concretarse. Esta semana se confirm\u00f3 la adjudicaci\u00f3n de un nuevo tramo de 16,5 km entre Laguna Verde y la alcantarilla La Cascada, en la comuna de R\u00edo Ib\u00e1\u00f1ez, lo que representa un avance, aunque a\u00fan insuficiente frente a las expectativas generadas.<\/p>\n<p style=\"text-align: justify;\">Seg\u00fan informaci\u00f3n del Ministerio de Obras P\u00fablicas (MOP), actualmente solo 33 km est\u00e1n en ejecuci\u00f3n, mientras otros 30 km se encuentran en distintas etapas de tramitaci\u00f3n administrativa. En total, esto representa apenas un 23,5% de progreso respecto a lo comprometido por el Ejecutivo en materia de conectividad para la regi\u00f3n.<\/p>\n<p style=\"text-align: justify;\">Desde Ays\u00e9n, diversas voces han manifestado su preocupaci\u00f3n por el lento avance de esta promesa presidencial. El consejero regional por la Provincia General Carrera, Arcadio Soto Ser\u00f3n, fue enf\u00e1tico: \u201cLa Carretera Austral no es solo una v\u00eda de tr\u00e1nsito, es la columna vertebral del desarrollo integral de Ays\u00e9n. Turismo, transporte, comercio y acceso a servicios dependen de esta ruta, por lo que cada tramo postergado es una oportunidad perdida para descentralizar el pa\u00eds\u201d.<\/p>\n<p style=\"text-align: justify;\">Por su parte, el alcalde de R\u00edo Ib\u00e1\u00f1ez, Marcelo J\u00e9lvez C\u00e1rdenas, valor\u00f3 la adjudicaci\u00f3n del nuevo tramo en su comuna, pero recalc\u00f3 la necesidad de mayor celeridad: \u201cLas grandes obras de infraestructura generan empleo local, dinamizan el comercio y fortalecen a nuestros proveedores. Pero se requiere avanzar con m\u00e1s rapidez en este gran anhelo de Ays\u00e9n\u201d.<\/p>\n<p style=\"text-align: justify;\">En esa l\u00ednea, el edil tambi\u00e9n reconoci\u00f3 las gestiones del Gobierno Regional: \u201cEl gobernador Marcelo Santana Vargas ha comprendido la relevancia de pavimentar con urgencia la Ruta 7 para el desarrollo regional. Por eso, ha sido firme al momento de destinar recursos para complementar esta pavimentaci\u00f3n. El futuro Gobierno deber\u00e1 estar en sinton\u00eda con esta necesidad\u201d.<\/p>\n<p style=\"text-align: justify;\">La Carretera Austral es la principal arteria de la Regi\u00f3n de Ays\u00e9n. Su pavimentaci\u00f3n total no solo mejorar\u00e1 la conectividad, sino que tambi\u00e9n representa una deuda hist\u00f3rica con un territorio y con miles de ayseninos que, por d\u00e9cadas, han exigido y merecen estar plenamente integrados al desarrollo nacional.<\/p>\n<\/div><\/section><\/div><div  style='height:50px' class='hr hr-invisible   avia-builder-el-6  el_after_av_one_full  el_before_av_social_share '><span class='hr-inner ' ><span class='hr-inner-style'><\/span><\/span><\/div><\/p>\n<div  class='av-social-sharing-box  avia-builder-el-7  el_after_av_hr  el_before_av_hr  '><div class='av-share-box'><h5 class='av-share-link-description av-no-toc '>Compartir esta noticia<\/h5><ul class='av-share-box-list noLightbox'><li class='av-share-link av-social-link-facebook' ><a target=\"_blank\" aria-label=\"Compartir en Facebook\" href='https:\/\/www.facebook.com\/sharer.php?u=https:\/\/radiorevelacionfm.cl\/?p=55810&#038;t=Ruta%207%3A%20Alcalde%20de%20R%C3%ADo%20Ib%C3%A1%C3%B1ez%20y%20Consejero%20Regional%20destacan%20avance%20en%20la%20comuna%20y%20recalcan%20necesidad%20de%20mayor%20rapidez%20para%20cumplir%20compromiso' aria-hidden='false' data-av_icon='\ue8f3' data-av_iconfont='entypo-fontello' title='' data-avia-related-tooltip='Compartir en Facebook' rel=\"noopener\"><span class='avia_hidden_link_text'>Compartir en Facebook<\/span><\/a><\/li><li class='av-share-link av-social-link-twitter' ><a target=\"_blank\" aria-label=\"Compartir en Twitter\" href='https:\/\/twitter.com\/share?text=Ruta%207%3A%20Alcalde%20de%20R%C3%ADo%20Ib%C3%A1%C3%B1ez%20y%20Consejero%20Regional%20destacan%20avance%20en%20la%20comuna%20y%20recalcan%20necesidad%20de%20mayor%20rapidez%20para%20cumplir%20compromiso&#038;url=https:\/\/radiorevelacionfm.cl\/?p=55810' aria-hidden='false' data-av_icon='\ue8f1' data-av_iconfont='entypo-fontello' title='' data-avia-related-tooltip='Compartir en Twitter' rel=\"noopener\"><span class='avia_hidden_link_text'>Compartir en Twitter<\/span><\/a><\/li><li class='av-share-link av-social-link-whatsapp' ><a target=\"_blank\" aria-label=\"Compartir en Whatsapp\" href='https:\/\/api.whatsapp.com\/send?text=https:\/\/radiorevelacionfm.cl\/?p=55810' aria-hidden='false' data-av_icon='\uf232' data-av_iconfont='entypo-fontello' title='' data-avia-related-tooltip='Compartir en Whatsapp' rel=\"noopener\"><span class='avia_hidden_link_text'>Compartir en Whatsapp<\/span><\/a><\/li><li class='av-share-link av-social-link-linkedin' ><a target=\"_blank\" aria-label=\"Compartir en LinkedIn\" href='https:\/\/linkedin.com\/shareArticle?mini=true&#038;title=Ruta%207%3A%20Alcalde%20de%20R%C3%ADo%20Ib%C3%A1%C3%B1ez%20y%20Consejero%20Regional%20destacan%20avance%20en%20la%20comuna%20y%20recalcan%20necesidad%20de%20mayor%20rapidez%20para%20cumplir%20compromiso&#038;url=https:\/\/radiorevelacionfm.cl\/?p=55810' aria-hidden='false' data-av_icon='\ue8fc' data-av_iconfont='entypo-fontello' title='' data-avia-related-tooltip='Compartir en LinkedIn' rel=\"noopener\"><span class='avia_hidden_link_text'>Compartir en LinkedIn<\/span><\/a><\/li><li class='av-share-link av-social-link-mail' ><a  aria-label=\"Compartir por correo\" href='mailto:?subject=Ruta%207%3A%20Alcalde%20de%20R%C3%ADo%20Ib%C3%A1%C3%B1ez%20y%20Consejero%20Regional%20destacan%20avance%20en%20la%20comuna%20y%20recalcan%20necesidad%20de%20mayor%20rapidez%20para%20cumplir%20compromiso&#038;body=https:\/\/radiorevelacionfm.cl\/?p=55810' aria-hidden='false' data-av_icon='\ue805' data-av_iconfont='entypo-fontello' title='' data-avia-related-tooltip='Compartir por correo'><span class='avia_hidden_link_text'>Compartir por correo<\/span><\/a><\/li><\/ul><\/div><\/div>\n<div  style='height:50px' class='hr hr-invisible   avia-builder-el-8  el_after_av_social_share  el_before_av_comments_list '><span class='hr-inner ' ><span class='hr-inner-style'><\/span><\/span><\/div>\n<div  class='av-buildercomment  av-blog-meta-html-info-disabled av-blog-meta-tag-disabled  '><\/div>\n","protected":false},"excerpt":{"rendered":"","protected":false},"author":1,"featured_media":55811,"comment_status":"closed","ping_status":"closed","sticky":false,"template":"","format":"standard","meta":{"footnotes":""},"categories":[38],"tags":[],"class_list":["post-55810","post","type-post","status-publish","format-standard","has-post-thumbnail","hentry","category-regional"],"jetpack_featured_media_url":"https:\/\/radiorevelacionfm.cl\/wp-content\/uploads\/2025\/06\/01-21-1_optimized-1-1.jpg","_links":{"self":[{"href":"https:\/\/radiorevelacionfm.cl\/index.php?rest_route=\/wp\/v2\/posts\/55810","targetHints":{"allow":["GET"]}}],"collection":[{"href":"https:\/\/radiorevelacionfm.cl\/index.php?rest_route=\/wp\/v2\/posts"}],"about":[{"href":"https:\/\/radiorevelacionfm.cl\/index.php?rest_route=\/wp\/v2\/types\/post"}],"author":[{"embeddable":true,"href":"https:\/\/radiorevelacionfm.cl\/index.php?rest_route=\/wp\/v2\/users\/1"}],"replies":[{"embeddable":true,"href":"https:\/\/radiorevelacionfm.cl\/index.php?rest_route=%2Fwp%2Fv2%2Fcomments&post=55810"}],"version-history":[{"count":2,"href":"https:\/\/radiorevelacionfm.cl\/index.php?rest_route=\/wp\/v2\/posts\/55810\/revisions"}],"predecessor-version":[{"id":55813,"href":"https:\/\/radiorevelacionfm.cl\/index.php?rest_route=\/wp\/v2\/posts\/55810\/revisions\/55813"}],"wp:featuredmedia":[{"embeddable":true,"href":"https:\/\/radiorevelacionfm.cl\/index.php?rest_route=\/wp\/v2\/media\/55811"}],"wp:attachment":[{"href":"https:\/\/radiorevelacionfm.cl\/index.php?rest_route=%2Fwp%2Fv2%2Fmedia&parent=55810"}],"wp:term":[{"taxonomy":"category","embeddable":true,"href":"https:\/\/radiorevelacionfm.cl\/index.php?rest_route=%2Fwp%2Fv2%2Fcategories&post=55810"},{"taxonomy":"post_tag","embeddable":true,"href":"https:\/\/radiorevelacionfm.cl\/index.php?rest_route=%2Fwp%2Fv2%2Ftags&post=55810"}],"curies":[{"name":"wp","href":"https:\/\/api.w.org\/{rel}","templated":true}]}}