{"id":5581,"date":"2021-06-24T10:18:39","date_gmt":"2021-06-24T13:18:39","guid":{"rendered":"https:\/\/radiorevelacionfm.cl\/?p=5581"},"modified":"2021-06-24T10:18:39","modified_gmt":"2021-06-24T13:18:39","slug":"anuncian-apertura-de-pista-atletica-y-canchas-de-futbol-de-estadio-regional","status":"publish","type":"post","link":"https:\/\/radiorevelacionfm.cl\/?p=5581","title":{"rendered":"Anuncian apertura de pista atl\u00e9tica y canchas de f\u00fatbol de Estadio Regional"},"content":{"rendered":"<div class=\"flex_column av_one_full  flex_column_div av-zero-column-padding first  avia-builder-el-0  el_before_av_one_full  avia-builder-el-first  \" style='border-radius:0px; '><div  class='avia-image-container  av-styling-    avia-builder-el-1  avia-builder-el-no-sibling  avia-align-center '  itemprop=\"image\" itemscope=\"itemscope\" itemtype=\"https:\/\/schema.org\/ImageObject\"  ><div class='avia-image-container-inner'><div class='avia-image-overlay-wrap'><img decoding=\"async\" class='wp-image-5583 avia-img-lazy-loading-not-5583 avia_image' src=\"https:\/\/radiorevelacionfm.cl\/wp-content\/uploads\/2021\/06\/canchas1-1.jpg\" alt='' title='canchas1 (1)' height=\"600\" width=\"800\"  itemprop=\"thumbnailUrl\" srcset=\"https:\/\/radiorevelacionfm.cl\/wp-content\/uploads\/2021\/06\/canchas1-1.jpg 800w, https:\/\/radiorevelacionfm.cl\/wp-content\/uploads\/2021\/06\/canchas1-1-300x225.jpg 300w, https:\/\/radiorevelacionfm.cl\/wp-content\/uploads\/2021\/06\/canchas1-1-768x576.jpg 768w, https:\/\/radiorevelacionfm.cl\/wp-content\/uploads\/2021\/06\/canchas1-1-705x529.jpg 705w, https:\/\/radiorevelacionfm.cl\/wp-content\/uploads\/2021\/06\/canchas1-1-600x450.jpg 600w\" sizes=\"(max-width: 800px) 100vw, 800px\" \/><\/div><\/div><\/div><\/div><div class=\"flex_column av_one_full  flex_column_div av-zero-column-padding first  avia-builder-el-2  el_after_av_one_full  el_before_av_one_full  column-top-margin\" style='border-radius:0px; '><section class=\"av_textblock_section \"  itemscope=\"itemscope\" itemtype=\"https:\/\/schema.org\/BlogPosting\" itemprop=\"blogPost\" ><div class='avia_textblock  '   itemprop=\"text\" ><p style=\"text-align: center;\"><strong><span style=\"font-size: 18pt;\">Anuncian apertura de pista atl\u00e9tica y canchas de f\u00fatbol de Estadio Regional<\/span><\/strong><\/p>\n<div id=\"gtx-trans\" style=\"position: absolute; left: -50px; top: 4.31534px;\">\n<div class=\"gtx-trans-icon\"><\/div>\n<\/div>\n<\/div><\/section><\/div><div class=\"flex_column av_one_full  flex_column_div av-zero-column-padding first  avia-builder-el-4  el_after_av_one_full  el_before_av_hr  column-top-margin\" style='border-radius:0px; '><section class=\"av_textblock_section \"  itemscope=\"itemscope\" itemtype=\"https:\/\/schema.org\/BlogPosting\" itemprop=\"blogPost\" ><div class='avia_textblock  '   itemprop=\"text\" ><p style=\"text-align: justify;\">Se permitir\u00e1 el uso de las dependencias al aire libre del recinto, en dos bloques horarios y con un aforo m\u00e1ximo de cinco personas simult\u00e1neamente.<\/p>\n<p style=\"text-align: justify;\">En el caso de deportistas que se est\u00e9n preparando para alguna competencia y que justifiquen su proceso de entrenamiento, deber\u00e1n a enviar la solicitud al correo <a href=\"mailto:secretariaindaysen@ind.cl\">secretariaindaysen@ind.cl<\/a><\/p>\n<p style=\"text-align: justify;\">El Seremi del Deporte, Rodrigo Cubilla Retamal, junto a Jos\u00e9 Manuel Sep\u00falveda, Director Regional del Instituto Nacional de Deportes anunciaron la apertura de la pista atl\u00e9tica y canchas de pasto sint\u00e9tico a contar del martes 29 de junio, entre las 09:30 a 10:30 y de 11:00 a 12:00 en las ma\u00f1anas. Mientras que las tardes, el horario ser\u00e1 de 15:00 a 16:00 y de 16:30 a 17:30 horas, con bloques o espacios para la sanitizaci\u00f3n de los espacios comunes.<\/p>\n<p style=\"text-align: justify;\">\u00abLa invitaci\u00f3n a la comunidad es a seguir avanzando en la utilizaci\u00f3n de los espacios de recreaci\u00f3n de manera progresiva y no dejar de lado las medidas de prevenci\u00f3n, priorizando en lo posible la distancia social con otras personas\u00bb, se\u00f1al\u00f3 el Secretario Regional Ministerial Rodrigo Cubilla Retamal, agregando adem\u00e1s \u00abcomo Ministerio del Deporte e IND y junto a nuestra autoridad sanitaria regional, queremos que todos puedan mantenerse activos y realizando actividad f\u00edsica, por lo que este anuncio es una gran noticia para quienes disfrutan ejercit\u00e1ndose al aire libre, en la pista atl\u00e9tica y canchas del estadio ya sea de forma recreativa o para entrenar y prepararse para una competencia\u00bb.<\/p>\n<p style=\"text-align: justify;\">En tanto, el director del IND regional, Jos\u00e9 Manuel Sep\u00falveda, afirm\u00f3 que \u00abestamos muy contentos de abrir este espacio a la comunidad deportiva siguiendo todas las medidas sanitarias y respetando los aforos del Plan Paso a Paso, por lo que quienes deseen hacer uso de la pista atl\u00e9tica y canchas de f\u00fatbol, deben solicitar, al menos con 48 horas de anticipaci\u00f3n, un cupo a los siguientes correos: marcelo.carcamo@.<a href=\"http:\/\/ind.cl\/\">ind.cl<\/a>\u00a0con copia a <a href=\"mailto:guido.mardones@ind.cl\">guido.mardones@ind.cl<\/a>, puntualiz\u00f3 la autoridad deportiva regional.<\/p>\n<p style=\"text-align: justify;\">Asimismo, es importante recordar que los usuarios de este recinto deben contar con su permiso temporal o pase de movilidad, como tambi\u00e9n completar el\u00a0 formulario de Declaraci\u00f3n Jurada.<\/p>\n<p style=\"text-align: justify;\"><strong>\u00a0<\/strong><\/p>\n<\/div><\/section><\/div><div  style='height:50px' class='hr hr-invisible   avia-builder-el-6  el_after_av_one_full  el_before_av_social_share '><span class='hr-inner ' ><span class='hr-inner-style'><\/span><\/span><\/div><\/p>\n<div  class='av-social-sharing-box  avia-builder-el-7  el_after_av_hr  el_before_av_hr  '><div class='av-share-box'><h5 class='av-share-link-description av-no-toc '>Compartir esta noticia<\/h5><ul class='av-share-box-list noLightbox'><li class='av-share-link av-social-link-facebook' ><a target=\"_blank\" aria-label=\"Compartir en Facebook\" href='https:\/\/www.facebook.com\/sharer.php?u=https:\/\/radiorevelacionfm.cl\/?p=5581&#038;t=Anuncian%20apertura%20de%20pista%20atl%C3%A9tica%20y%20canchas%20de%20f%C3%BAtbol%20de%20Estadio%20Regional' aria-hidden='false' data-av_icon='\ue8f3' data-av_iconfont='entypo-fontello' title='' data-avia-related-tooltip='Compartir en Facebook' rel=\"noopener\"><span class='avia_hidden_link_text'>Compartir en Facebook<\/span><\/a><\/li><li class='av-share-link av-social-link-twitter' ><a target=\"_blank\" aria-label=\"Compartir en Twitter\" href='https:\/\/twitter.com\/share?text=Anuncian%20apertura%20de%20pista%20atl%C3%A9tica%20y%20canchas%20de%20f%C3%BAtbol%20de%20Estadio%20Regional&#038;url=https:\/\/radiorevelacionfm.cl\/?p=5581' aria-hidden='false' data-av_icon='\ue8f1' data-av_iconfont='entypo-fontello' title='' data-avia-related-tooltip='Compartir en Twitter' rel=\"noopener\"><span class='avia_hidden_link_text'>Compartir en Twitter<\/span><\/a><\/li><li class='av-share-link av-social-link-whatsapp' ><a target=\"_blank\" aria-label=\"Compartir en Whatsapp\" href='https:\/\/api.whatsapp.com\/send?text=https:\/\/radiorevelacionfm.cl\/?p=5581' aria-hidden='false' data-av_icon='\uf232' data-av_iconfont='entypo-fontello' title='' data-avia-related-tooltip='Compartir en Whatsapp' rel=\"noopener\"><span class='avia_hidden_link_text'>Compartir en Whatsapp<\/span><\/a><\/li><li class='av-share-link av-social-link-linkedin' ><a target=\"_blank\" aria-label=\"Compartir en LinkedIn\" href='https:\/\/linkedin.com\/shareArticle?mini=true&#038;title=Anuncian%20apertura%20de%20pista%20atl%C3%A9tica%20y%20canchas%20de%20f%C3%BAtbol%20de%20Estadio%20Regional&#038;url=https:\/\/radiorevelacionfm.cl\/?p=5581' aria-hidden='false' data-av_icon='\ue8fc' data-av_iconfont='entypo-fontello' title='' data-avia-related-tooltip='Compartir en LinkedIn' rel=\"noopener\"><span class='avia_hidden_link_text'>Compartir en LinkedIn<\/span><\/a><\/li><li class='av-share-link av-social-link-mail' ><a  aria-label=\"Compartir por correo\" href='mailto:?subject=Anuncian%20apertura%20de%20pista%20atl%C3%A9tica%20y%20canchas%20de%20f%C3%BAtbol%20de%20Estadio%20Regional&#038;body=https:\/\/radiorevelacionfm.cl\/?p=5581' aria-hidden='false' data-av_icon='\ue805' data-av_iconfont='entypo-fontello' title='' data-avia-related-tooltip='Compartir por correo'><span class='avia_hidden_link_text'>Compartir por correo<\/span><\/a><\/li><\/ul><\/div><\/div>\n<div  style='height:50px' class='hr hr-invisible   avia-builder-el-8  el_after_av_social_share  el_before_av_comments_list '><span class='hr-inner ' ><span class='hr-inner-style'><\/span><\/span><\/div>\n<div  class='av-buildercomment  av-blog-meta-html-info-disabled av-blog-meta-tag-disabled  '><\/div>\n","protected":false},"excerpt":{"rendered":"","protected":false},"author":1,"featured_media":5583,"comment_status":"open","ping_status":"open","sticky":false,"template":"","format":"standard","meta":{"footnotes":""},"categories":[40],"tags":[],"class_list":["post-5581","post","type-post","status-publish","format-standard","has-post-thumbnail","hentry","category-deportes"],"jetpack_featured_media_url":"https:\/\/radiorevelacionfm.cl\/wp-content\/uploads\/2021\/06\/canchas1-1.jpg","_links":{"self":[{"href":"https:\/\/radiorevelacionfm.cl\/index.php?rest_route=\/wp\/v2\/posts\/5581","targetHints":{"allow":["GET"]}}],"collection":[{"href":"https:\/\/radiorevelacionfm.cl\/index.php?rest_route=\/wp\/v2\/posts"}],"about":[{"href":"https:\/\/radiorevelacionfm.cl\/index.php?rest_route=\/wp\/v2\/types\/post"}],"author":[{"embeddable":true,"href":"https:\/\/radiorevelacionfm.cl\/index.php?rest_route=\/wp\/v2\/users\/1"}],"replies":[{"embeddable":true,"href":"https:\/\/radiorevelacionfm.cl\/index.php?rest_route=%2Fwp%2Fv2%2Fcomments&post=5581"}],"version-history":[{"count":1,"href":"https:\/\/radiorevelacionfm.cl\/index.php?rest_route=\/wp\/v2\/posts\/5581\/revisions"}],"predecessor-version":[{"id":5584,"href":"https:\/\/radiorevelacionfm.cl\/index.php?rest_route=\/wp\/v2\/posts\/5581\/revisions\/5584"}],"wp:featuredmedia":[{"embeddable":true,"href":"https:\/\/radiorevelacionfm.cl\/index.php?rest_route=\/wp\/v2\/media\/5583"}],"wp:attachment":[{"href":"https:\/\/radiorevelacionfm.cl\/index.php?rest_route=%2Fwp%2Fv2%2Fmedia&parent=5581"}],"wp:term":[{"taxonomy":"category","embeddable":true,"href":"https:\/\/radiorevelacionfm.cl\/index.php?rest_route=%2Fwp%2Fv2%2Fcategories&post=5581"},{"taxonomy":"post_tag","embeddable":true,"href":"https:\/\/radiorevelacionfm.cl\/index.php?rest_route=%2Fwp%2Fv2%2Ftags&post=5581"}],"curies":[{"name":"wp","href":"https:\/\/api.w.org\/{rel}","templated":true}]}}