{"id":55806,"date":"2025-06-27T16:43:09","date_gmt":"2025-06-27T19:43:09","guid":{"rendered":"https:\/\/radiorevelacionfm.cl\/?p=55806"},"modified":"2025-06-27T16:43:09","modified_gmt":"2025-06-27T19:43:09","slug":"comienzan-obras-de-conservacion-en-gimnasio-de-la-escuela-nieves-del-sur","status":"publish","type":"post","link":"https:\/\/radiorevelacionfm.cl\/?p=55806","title":{"rendered":"Comienzan obras de conservaci\u00f3n en Gimnasio de la Escuela Nieves del Sur"},"content":{"rendered":"<div class=\"flex_column av_one_full  flex_column_div av-zero-column-padding first  avia-builder-el-0  el_before_av_one_full  avia-builder-el-first  \" style='border-radius:0px; '><div  class='avia-image-container  av-styling-    avia-builder-el-1  avia-builder-el-no-sibling  avia-align-center '  itemprop=\"image\" itemscope=\"itemscope\" itemtype=\"https:\/\/schema.org\/ImageObject\"  ><div class='avia-image-container-inner'><div class='avia-image-overlay-wrap'><img decoding=\"async\" class='wp-image-55807 avia-img-lazy-loading-not-55807 avia_image' src=\"https:\/\/radiorevelacionfm.cl\/wp-content\/uploads\/2025\/06\/whatsapp-image-2025-06-24-at-2_optimized.08.38-pm-1.jpeg\" alt='' title='whatsapp-image-2025-06-24-at-2_optimized.08.38-pm-(1)' height=\"600\" width=\"800\"  itemprop=\"thumbnailUrl\" srcset=\"https:\/\/radiorevelacionfm.cl\/wp-content\/uploads\/2025\/06\/whatsapp-image-2025-06-24-at-2_optimized.08.38-pm-1.jpeg 800w, https:\/\/radiorevelacionfm.cl\/wp-content\/uploads\/2025\/06\/whatsapp-image-2025-06-24-at-2_optimized.08.38-pm-1-300x225.jpeg 300w, https:\/\/radiorevelacionfm.cl\/wp-content\/uploads\/2025\/06\/whatsapp-image-2025-06-24-at-2_optimized.08.38-pm-1-768x576.jpeg 768w, https:\/\/radiorevelacionfm.cl\/wp-content\/uploads\/2025\/06\/whatsapp-image-2025-06-24-at-2_optimized.08.38-pm-1-705x529.jpeg 705w, https:\/\/radiorevelacionfm.cl\/wp-content\/uploads\/2025\/06\/whatsapp-image-2025-06-24-at-2_optimized.08.38-pm-1-450x338.jpeg 450w, https:\/\/radiorevelacionfm.cl\/wp-content\/uploads\/2025\/06\/whatsapp-image-2025-06-24-at-2_optimized.08.38-pm-1-600x450.jpeg 600w\" sizes=\"(max-width: 800px) 100vw, 800px\" \/><\/div><\/div><\/div><\/div><div class=\"flex_column av_one_full  flex_column_div av-zero-column-padding first  avia-builder-el-2  el_after_av_one_full  el_before_av_one_full  column-top-margin\" style='border-radius:0px; '><section class=\"av_textblock_section \"  itemscope=\"itemscope\" itemtype=\"https:\/\/schema.org\/BlogPosting\" itemprop=\"blogPost\" ><div class='avia_textblock  '   itemprop=\"text\" ><p style=\"text-align: center;\"><span style=\"font-size: 18pt;\"><b>Comienzan obras de conservaci\u00f3n\u00a0<\/b><b><span lang=\"ES-MX\">en Gimnasio de la Escuela Nieves del Sur<\/span><\/b><\/span><\/p>\n<div id=\"gtx-trans\" style=\"position: absolute; left: -50px; top: 4.31534px;\">\n<div class=\"gtx-trans-icon\"><\/div>\n<\/div>\n<\/div><\/section><\/div><div class=\"flex_column av_one_full  flex_column_div av-zero-column-padding first  avia-builder-el-4  el_after_av_one_full  el_before_av_hr  column-top-margin\" style='border-radius:0px; '><section class=\"av_textblock_section \"  itemscope=\"itemscope\" itemtype=\"https:\/\/schema.org\/BlogPosting\" itemprop=\"blogPost\" ><div class='avia_textblock  '   itemprop=\"text\" ><p style=\"text-align: justify;\"><em>El mejoramiento del gimnasio, forma parte del compromiso presidencial de entregar financiamiento a establecimientos de escasos recursos y\u00a0se enmarca dentro del programa del Ministerio del Deporte e IND \u00abDeporte en tu Escuela\u00bb.<\/em><\/p>\n<p style=\"text-align: justify;\">Este martes,\u00a0diversas\u00a0autoridades locales y comunidad educativa\u00a0anunciaron el inicio de los trabajos en el gimnasio de la escuela Nieves del Sur, iniciativa que beneficiar\u00e1 a los estudiantes de esta escuela emblem\u00e1tica de la ciudad de Coyhaique.<\/p>\n<p style=\"text-align: justify;\">Con una inversi\u00f3n de m\u00e1s de $400 millones,\u00a0el\u00a0 proyecto de conservaci\u00f3n Gimnasio \u201cEscuela Nieves del Sur\u201d; contempla aislaci\u00f3n t\u00e9rmica y mantenci\u00f3n de ba\u00f1os, mejoramiento de la carpeta de juegos, cambio de ventanas PVC termopanel, torres de b\u00e1squetbol, tablero\u00a0 de b\u00e1squetbol, postes y red de v\u00f3leibol, entre otros.<\/p>\n<p style=\"text-align: justify;\">Durante el recorrido y vista a las obras que ya se ejecutan en este gimnasio,\u00a0Carlos Gatica Villegas, Alcalde de la Comuna de Coyhaique se\u00f1al\u00f3:\u00a0\u201cEfectivamente, no hay plazo que no se cumpla y deuda que no se pague y en realidad hoy\u00a0estamos cumpliendo algo que ven\u00eda hace ya dos a\u00f1os. De hecho, este fue un anuncio de una cuenta\u00a0p\u00fablica del presidente Boric hace casi dos a\u00f1os, un poquito m\u00e1s de dos a\u00f1os, en donde \u00e9l habl\u00f3 de\u00a0c\u00f3mo poder reforzar los establecimientos educacionales a trav\u00e9s de distintos lugares y entre\u00a0eso eran los lugares de deporte o recreaci\u00f3n. Y ah\u00ed estamos cumpliendo, por supuesto, algo que\u00a0lamentablemente en la primera licitaci\u00f3n faltaban especificaciones t\u00e9cnicas, lo cual tambi\u00e9n nos\u00a0dilucid\u00f3 que faltaba realizar un c\u00e1lculo estructural que pudiese dar cuenta de que la\u00a0infraestructura que se iba a construir podr\u00eda ser soportada por la base que tenemos actualmente.\u00a0La buena noticia es que eso se desarroll\u00f3 en el estudio y nos dio la posibilidad de hoy estar\u00a0adjudicando esta licitaci\u00f3n por m\u00e1s de 407 millones de pesos, que en el momento, por supuesto, y aqu\u00ed\u00a0dejar claridad, en el momento en que se crea este proyecto, el municipio que lo dise\u00f1a y tambi\u00e9n\u00a0lo debe ejecutar, eso seg\u00fan la ley corta de educaci\u00f3n, ley 20.700 creo que es, en donde\u00a0todo lo que deb\u00edamos cerrar o todo lo aperturado antes del 31 de diciembre del a\u00f1o 2023 deb\u00eda\u00a0ser desarrollado en los municipios, por eso que hoy d\u00eda estamos aqu\u00ed terminando lo que dijimos que\u00a0siempre \u00edbamos a hacer, que era no dejar la educaci\u00f3n de lado sino que siempre potenciarla.\u00a0 Hoy adem\u00e1s agregar que eso se comparte porque estamos creando un fondo concursal de educaci\u00f3n\u00a0para tambi\u00e9n seguir relacionados con los j\u00f3venes, con los centros de paz y tambi\u00e9n con los trabajadores\u00a0de cada uno de los establecimientos, as\u00ed que nada m\u00e1s agradecer al gobierno de Chile por el\u00a0compromiso que hoy se cumpli\u00f3, es un trabajo en equipo, agradecer tambi\u00e9n a la paciencia que tuvo\u00a0el centro de padres, los profesores, los alumnos tambi\u00e9n, porque era algo que ellos nos hab\u00edan\u00a0pedido hace mucho tiempo, lamentablemente los temas t\u00e9cnicos los atrasaron, pero hoy d\u00eda estamos\u00a0concretando un sue\u00f1o y esperar que todo cierre concretamente y cierre bien con lo que ellos\u00a0merecen y con lo que aqu\u00ed est\u00e1 estipulado\u201d.<\/p>\n<p style=\"text-align: justify;\">Asimismo, la Seremi del Deporte, Regi\u00f3n de Ays\u00e9n,\u00a0Mar\u00eda Eugenia Dur\u00e1n Jara\u00a0precis\u00f3:\u00a0Durante a\u00f1os, este gimnasio esper\u00f3 una intervenci\u00f3n que hiciera justicia con la comunidad educativa,\u00a0 que d\u00eda a d\u00eda deb\u00eda sortear las distintas dificultades que presentaba este espacio,\u00a0hoy, gracias al programa Deporte en Tu Escuela, impulsado por el presidente Boric,\u00a0los recursos transferidos desde el IND al municipio de Coyhaique comienzan a materializarse\u00a0en el inicio de obras concretas que dignifican el derecho a la actividad f\u00edsica y al deporte en nuestras escuelas p\u00fablicas.\u00a0 Porque sabemos lo que cuesta levantar proyectos de esta envergadura en la regi\u00f3n de Ays\u00e9n,\u00a0 donde cualquier detalle parece ser un obst\u00e1culo muy dif\u00edcil de sortear por escasez de especialidades, porque hay que cumplir con ciertos procesos que toman m\u00e1s tiempo, m\u00e1s burocracia.\u00a0Pero no nos rendimos, y seguimos adelante junto al municipio, quienes mantuvieron el compromiso de ejecutar las obras que estamos visitando el d\u00eda de hoy y que esperamos inaugurar en el mes de octubre.\u00a0 Este proyecto es una se\u00f1al clara de que cuando hay convicci\u00f3n, voluntad y trabajo conjunto, avanzamos.\u00a0 Aunque se demore, llega, y cuando llega, transforma\u201d.<\/p>\n<p style=\"text-align: justify;\">Asimismo, el Delegado Presidencial Regional,\u00a0Jorge D\u00edaz Guzm\u00e1n\u00a0indic\u00f3:\u00a0\u201cEl proyecto de este gimnasio, naturalmente, no solamente es una contribuci\u00f3n para los alumnos que van a poder disfrutar de esto, sino que tambi\u00e9n est\u00e1 dentro del proceso que el presidente ha dispuesto. Por lo tanto, esto es una pol\u00edtica p\u00fablica que, evidentemente, es coherente con lo que estamos haciendo ac\u00e1, que es habilitar un nuevo espacio para la actividad f\u00edsica\u201d.<\/p>\n<p style=\"text-align: justify;\">Por su parte,\u00a0Hugo Manr\u00edquez Beels, Subdirector Escuela Nieves Del Sur, dijo que: \u201c\u00a0Lo que yo quisiera resaltar es que para nosotros esto es como una vuelta al siglo XXI\u00a0, porque hacer educaci\u00f3n f\u00edsica en estas condiciones, en este gimnasio, es algo horrible\u00a0de hecho en este momento lo estamos haciendo en los pasillos de la escuela\u00a0y significa varias cosas,\u00a0por otro lado tambi\u00e9n sirve para el bienestar de nuestros alumnos fundamentalmente\u00a0en el sentido de que va a ser un punto de atracci\u00f3n para m\u00e1s alumnos\u00a0porque por lo que escuch\u00e9 va a tener bastante implementaci\u00f3n deportiva\u00a0y los ni\u00f1os el deporte los mueve,\u00a0tambi\u00e9n va a ser una felicidad para nuestro profesor de educaci\u00f3n f\u00edsica que es el hombre ha sufrido el calvario con esto, porque lo tienen desplazado,\u00a0entonces todas son cosas muy importantes y le agradecemos una vez m\u00e1s al se\u00f1or alcalde\u00a0\u00a0al representante del Servicio Local de Educaci\u00f3n\u00a0y a la Seremi\u00a0del Deporte\u201d.<\/p>\n<p style=\"text-align: justify;\"><strong>Fortalecimiento de la infraestructura deportiva escolar<\/strong><\/p>\n<p style=\"text-align: justify;\">Este proyecto de conservaci\u00f3n del gimnasio Escuela Municipal Nieves del Sur es una iniciativa enmarcada en el compromiso Presidencial de fortalecimiento de la infraestructura deportiva escolar en establecimientos p\u00fablicos con ejecuci\u00f3n presupuestaria por parte del Instituto Nacional de Deportes de Chile y cuyo objetivo es mejorar los espacios deportivos escolares asegurando cobertura en todas las regiones del pa\u00eds y en lo que respecta a nuestra regi\u00f3n, tres son los establecimientos seleccionados desde la SEREMI del Deporte y beneficiados; uno de ellos es la\u00a0Escuela Nieves del Sur en Coyhaique\u00a0(fue seleccionada como beneficiaria el a\u00f1o 2022), la\u00a0Escuela Guido G\u00f3mez Mu\u00f1oz\u00a0de la comuna de Cisnes $124.000.000 aproximadamente cuyo proyecto se ejecut\u00f3 el 2023 y el\u00a0Liceo de Ma\u00f1ihuales\u00a0comuna de Ays\u00e9n con\u00a0$440.239.000\u00a0en proceso de licitaci\u00f3n.<\/p>\n<p style=\"text-align: justify;\"><strong>Intervenci\u00f3n en el interior del recinto e implementaci\u00f3n deportiva<\/strong><\/p>\n<p style=\"text-align: justify;\">El Proyecto de conservaci\u00f3n Gimnasio\u00a0\u00abEscuela Nieves del Sur\u00bb;\u00a0contempla intervenciones en el interior del recinto: aislaci\u00f3n t\u00e9rmica, renovaci\u00f3n de servicios higi\u00e9nicos, mejoramiento de la carpeta de juegos, recambio de puertas, recambio de ventanas PVC termopanel, recambio sistema el\u00e9ctrico.<\/p>\n<p style=\"text-align: justify;\">Considera, adem\u00e1s, conservaci\u00f3n del tablero y aros de baloncesto, protectores de borde en poliuretano para los tableros, sistema y equipamiento para voleibol, parantes m\u00f3viles, red, tensores, antenas y pedestal del juez para implementaci\u00f3n de la nueva disciplina deportiva, torres de b\u00e1squetbol, tablero de b\u00e1squetbol, l, postes y red de v\u00f3leibol, entre otros.<\/p>\n<p style=\"text-align: justify;\">Fecha inicio obras: 17 de junio 2025<\/p>\n<p style=\"text-align: justify;\">T\u00e9rmino obras: 120 d\u00edas corridos (15 de octubre 2025)<\/p>\n<p style=\"text-align: justify;\">Inversi\u00f3n:\u00a0407.315.295<\/p>\n<p style=\"text-align: justify;\">Financiamiento:\u00a0Instituto Nacional de Deportes de Chile, IND<\/p>\n<p style=\"text-align: justify;\">Contratista:\u00a0Guillermo Aguilar Gallardo<\/p>\n<\/div><\/section><\/div><div  style='height:50px' class='hr hr-invisible   avia-builder-el-6  el_after_av_one_full  el_before_av_social_share '><span class='hr-inner ' ><span class='hr-inner-style'><\/span><\/span><\/div><\/p>\n<div  class='av-social-sharing-box  avia-builder-el-7  el_after_av_hr  el_before_av_hr  '><div class='av-share-box'><h5 class='av-share-link-description av-no-toc '>Compartir esta noticia<\/h5><ul class='av-share-box-list noLightbox'><li class='av-share-link av-social-link-facebook' ><a target=\"_blank\" aria-label=\"Compartir en Facebook\" href='https:\/\/www.facebook.com\/sharer.php?u=https:\/\/radiorevelacionfm.cl\/?p=55806&#038;t=Comienzan%20obras%20de%20conservaci%C3%B3n%20en%20Gimnasio%20de%20la%20Escuela%20Nieves%20del%20Sur' aria-hidden='false' data-av_icon='\ue8f3' data-av_iconfont='entypo-fontello' title='' data-avia-related-tooltip='Compartir en Facebook' rel=\"noopener\"><span class='avia_hidden_link_text'>Compartir en Facebook<\/span><\/a><\/li><li class='av-share-link av-social-link-twitter' ><a target=\"_blank\" aria-label=\"Compartir en Twitter\" href='https:\/\/twitter.com\/share?text=Comienzan%20obras%20de%20conservaci%C3%B3n%20en%20Gimnasio%20de%20la%20Escuela%20Nieves%20del%20Sur&#038;url=https:\/\/radiorevelacionfm.cl\/?p=55806' aria-hidden='false' data-av_icon='\ue8f1' data-av_iconfont='entypo-fontello' title='' data-avia-related-tooltip='Compartir en Twitter' rel=\"noopener\"><span class='avia_hidden_link_text'>Compartir en Twitter<\/span><\/a><\/li><li class='av-share-link av-social-link-whatsapp' ><a target=\"_blank\" aria-label=\"Compartir en Whatsapp\" href='https:\/\/api.whatsapp.com\/send?text=https:\/\/radiorevelacionfm.cl\/?p=55806' aria-hidden='false' data-av_icon='\uf232' data-av_iconfont='entypo-fontello' title='' data-avia-related-tooltip='Compartir en Whatsapp' rel=\"noopener\"><span class='avia_hidden_link_text'>Compartir en Whatsapp<\/span><\/a><\/li><li class='av-share-link av-social-link-linkedin' ><a target=\"_blank\" aria-label=\"Compartir en LinkedIn\" href='https:\/\/linkedin.com\/shareArticle?mini=true&#038;title=Comienzan%20obras%20de%20conservaci%C3%B3n%20en%20Gimnasio%20de%20la%20Escuela%20Nieves%20del%20Sur&#038;url=https:\/\/radiorevelacionfm.cl\/?p=55806' aria-hidden='false' data-av_icon='\ue8fc' data-av_iconfont='entypo-fontello' title='' data-avia-related-tooltip='Compartir en LinkedIn' rel=\"noopener\"><span class='avia_hidden_link_text'>Compartir en LinkedIn<\/span><\/a><\/li><li class='av-share-link av-social-link-mail' ><a  aria-label=\"Compartir por correo\" href='mailto:?subject=Comienzan%20obras%20de%20conservaci%C3%B3n%20en%20Gimnasio%20de%20la%20Escuela%20Nieves%20del%20Sur&#038;body=https:\/\/radiorevelacionfm.cl\/?p=55806' aria-hidden='false' data-av_icon='\ue805' data-av_iconfont='entypo-fontello' title='' data-avia-related-tooltip='Compartir por correo'><span class='avia_hidden_link_text'>Compartir por correo<\/span><\/a><\/li><\/ul><\/div><\/div>\n<div  style='height:50px' class='hr hr-invisible   avia-builder-el-8  el_after_av_social_share  el_before_av_comments_list '><span class='hr-inner ' ><span class='hr-inner-style'><\/span><\/span><\/div>\n<div  class='av-buildercomment  av-blog-meta-html-info-disabled av-blog-meta-tag-disabled  '><\/div>\n","protected":false},"excerpt":{"rendered":"","protected":false},"author":1,"featured_media":55807,"comment_status":"closed","ping_status":"closed","sticky":false,"template":"","format":"standard","meta":{"footnotes":""},"categories":[40],"tags":[],"class_list":["post-55806","post","type-post","status-publish","format-standard","has-post-thumbnail","hentry","category-deportes"],"jetpack_featured_media_url":"https:\/\/radiorevelacionfm.cl\/wp-content\/uploads\/2025\/06\/whatsapp-image-2025-06-24-at-2_optimized.08.38-pm-1.jpeg","_links":{"self":[{"href":"https:\/\/radiorevelacionfm.cl\/index.php?rest_route=\/wp\/v2\/posts\/55806","targetHints":{"allow":["GET"]}}],"collection":[{"href":"https:\/\/radiorevelacionfm.cl\/index.php?rest_route=\/wp\/v2\/posts"}],"about":[{"href":"https:\/\/radiorevelacionfm.cl\/index.php?rest_route=\/wp\/v2\/types\/post"}],"author":[{"embeddable":true,"href":"https:\/\/radiorevelacionfm.cl\/index.php?rest_route=\/wp\/v2\/users\/1"}],"replies":[{"embeddable":true,"href":"https:\/\/radiorevelacionfm.cl\/index.php?rest_route=%2Fwp%2Fv2%2Fcomments&post=55806"}],"version-history":[{"count":2,"href":"https:\/\/radiorevelacionfm.cl\/index.php?rest_route=\/wp\/v2\/posts\/55806\/revisions"}],"predecessor-version":[{"id":55809,"href":"https:\/\/radiorevelacionfm.cl\/index.php?rest_route=\/wp\/v2\/posts\/55806\/revisions\/55809"}],"wp:featuredmedia":[{"embeddable":true,"href":"https:\/\/radiorevelacionfm.cl\/index.php?rest_route=\/wp\/v2\/media\/55807"}],"wp:attachment":[{"href":"https:\/\/radiorevelacionfm.cl\/index.php?rest_route=%2Fwp%2Fv2%2Fmedia&parent=55806"}],"wp:term":[{"taxonomy":"category","embeddable":true,"href":"https:\/\/radiorevelacionfm.cl\/index.php?rest_route=%2Fwp%2Fv2%2Fcategories&post=55806"},{"taxonomy":"post_tag","embeddable":true,"href":"https:\/\/radiorevelacionfm.cl\/index.php?rest_route=%2Fwp%2Fv2%2Ftags&post=55806"}],"curies":[{"name":"wp","href":"https:\/\/api.w.org\/{rel}","templated":true}]}}