{"id":55799,"date":"2025-06-27T12:31:08","date_gmt":"2025-06-27T15:31:08","guid":{"rendered":"https:\/\/radiorevelacionfm.cl\/?p=55799"},"modified":"2025-06-27T17:30:12","modified_gmt":"2025-06-27T20:30:12","slug":"mop-aysen-inicia-licitacion-para-pavimentar-el-tramo-puente-chucao-fiordo-queulat-en-la-ruta-7","status":"publish","type":"post","link":"https:\/\/radiorevelacionfm.cl\/?p=55799","title":{"rendered":"MOP Ays\u00e9n inicia licitaci\u00f3n para pavimentar el tramo Puente Chucao &#8211; Fiordo Queulat en la ruta 7"},"content":{"rendered":"<div class=\"flex_column av_one_full  flex_column_div av-zero-column-padding first  avia-builder-el-0  el_before_av_one_full  avia-builder-el-first  \" style='border-radius:0px; '><div  class='avia-image-container  av-styling-    avia-builder-el-1  avia-builder-el-no-sibling  avia-align-center '  itemprop=\"image\" itemscope=\"itemscope\" itemtype=\"https:\/\/schema.org\/ImageObject\"  ><div class='avia-image-container-inner'><div class='avia-image-overlay-wrap'><img decoding=\"async\" class='wp-image-55800 avia-img-lazy-loading-not-55800 avia_image' src=\"https:\/\/radiorevelacionfm.cl\/wp-content\/uploads\/2025\/06\/DJI_0033-1-1.jpg\" alt='' title='DJI_0033 (1) (1)' height=\"600\" width=\"1067\"  itemprop=\"thumbnailUrl\" srcset=\"https:\/\/radiorevelacionfm.cl\/wp-content\/uploads\/2025\/06\/DJI_0033-1-1.jpg 1067w, https:\/\/radiorevelacionfm.cl\/wp-content\/uploads\/2025\/06\/DJI_0033-1-1-300x169.jpg 300w, https:\/\/radiorevelacionfm.cl\/wp-content\/uploads\/2025\/06\/DJI_0033-1-1-1030x579.jpg 1030w, https:\/\/radiorevelacionfm.cl\/wp-content\/uploads\/2025\/06\/DJI_0033-1-1-768x432.jpg 768w, https:\/\/radiorevelacionfm.cl\/wp-content\/uploads\/2025\/06\/DJI_0033-1-1-705x396.jpg 705w, https:\/\/radiorevelacionfm.cl\/wp-content\/uploads\/2025\/06\/DJI_0033-1-1-450x253.jpg 450w, https:\/\/radiorevelacionfm.cl\/wp-content\/uploads\/2025\/06\/DJI_0033-1-1-600x337.jpg 600w\" sizes=\"(max-width: 1067px) 100vw, 1067px\" \/><\/div><\/div><\/div><\/div>\n<div class=\"flex_column av_one_full  flex_column_div av-zero-column-padding first  avia-builder-el-2  el_after_av_one_full  el_before_av_one_full  column-top-margin\" style='border-radius:0px; '><section class=\"av_textblock_section \"  itemscope=\"itemscope\" itemtype=\"https:\/\/schema.org\/BlogPosting\" itemprop=\"blogPost\" ><div class='avia_textblock  '   itemprop=\"text\" ><p style=\"text-align: center;\"><strong><span style=\"font-size: 18pt;\">MOP Ays\u00e9n inicia licitaci\u00f3n para pavimentar el tramo Puente Chucao &#8211; Fiordo Queulat en la ruta 7<\/span><\/strong><\/p>\n<div id=\"gtx-trans\" style=\"position: absolute; left: -50px; top: 4.31534px;\">\n<div class=\"gtx-trans-icon\"><\/div>\n<\/div>\n<\/div><\/section><\/div>\n<div class=\"flex_column av_one_full  flex_column_div av-zero-column-padding first  avia-builder-el-4  el_after_av_one_full  el_before_av_hr  column-top-margin\" style='border-radius:0px; '><section class=\"av_textblock_section \"  itemscope=\"itemscope\" itemtype=\"https:\/\/schema.org\/BlogPosting\" itemprop=\"blogPost\" ><div class='avia_textblock  '   itemprop=\"text\" ><p><em>El tramo corresponde a 17,5 kilometros de pavimentaci\u00f3n.<\/em><\/p>\n<p style=\"text-align: justify;\">Este viernes 27 de junio, el Ministerio de Obras P\u00fablicas anunci\u00f3 la esperada licitaci\u00f3n del proyecto de pavimentaci\u00f3n del tramo Puente Chucao &#8211; Fiordo Queulat, en la comuna de Cisnes, correspondiente a la Ruta 7 o Carretera Austral, la que se encuentra publicada en la plataforma de Mercado P\u00fablico.<\/p>\n<p style=\"text-align: justify;\">La Seremi de Obras P\u00fablicas de Ays\u00e9n, Paloma Jara, record\u00f3 que se trata de \u201cun tramo de nuestra Ruta 7 que se encuentra en la comuna de Cisnes, que ha sido muy anhelado porque fue un contrato que qued\u00f3 detenido\u201d.<\/p>\n<p style=\"text-align: justify;\">\u201cEs importante recordar que queremos que llegue m\u00e1s empresa a nuestra regi\u00f3n, as\u00ed que las bases van a quedar a disposici\u00f3n\u201d destac\u00f3 la representante del MOP en la Regi\u00f3n de Ays\u00e9n.<\/p>\n<p style=\"text-align: justify;\">Por su parte, el Subsecretario de Obras P\u00fablicas, Danilo N\u00fa\u00f1ez Izquierdo, subray\u00f3 que esta licitaci\u00f3n forma parte de un compromiso mayor del Gobierno. \u201cEs una gran noticia para todos los vecinos, vecinas y tambi\u00e9n para el MOP, ya que seguimos avanzando en nuestro compromiso como gobierno de pavimentar los 140 kil\u00f3metros en la regi\u00f3n de Ays\u00e9n. Adem\u00e1s, con este proyecto estamos retomando obras emblem\u00e1ticas que son necesarias e imprescindibles para la regi\u00f3n y tambi\u00e9n para el pa\u00eds, sobre todo en el \u00e1mbito tur\u00edstico\u201d.<\/p>\n<p style=\"text-align: justify;\">Finalmente, el Subsecretario N\u00fa\u00f1ez reconoci\u00f3 el trabajo de los equipos detr\u00e1s de este avance: \u201cAprovecho saludar a los equipos t\u00e9cnicos y a todos los equipos profesionales, tambi\u00e9n de la Direcci\u00f3n de Vialidad, que hicieron esto posible. Estamos muy contentos y seguimos avanzando\u201d.<\/p>\n<p style=\"text-align: justify;\">Este proyecto representa un paso concreto hacia una conectividad m\u00e1s segura, continua y eficiente para las y los habitantes de la Regi\u00f3n de Ays\u00e9n, en una de las rutas m\u00e1s estrat\u00e9gicas y emblem\u00e1ticas del pa\u00eds.<\/p>\n<\/div><\/section><\/div><div  style='height:50px' class='hr hr-invisible   avia-builder-el-6  el_after_av_one_full  el_before_av_social_share '><span class='hr-inner ' ><span class='hr-inner-style'><\/span><\/span><\/div><\/p>\n<div  class='av-social-sharing-box  avia-builder-el-7  el_after_av_hr  el_before_av_hr  '><div class='av-share-box'><h5 class='av-share-link-description av-no-toc '>Compartir esta noticia<\/h5><ul class='av-share-box-list noLightbox'><li class='av-share-link av-social-link-facebook' ><a target=\"_blank\" aria-label=\"Compartir en Facebook\" href='https:\/\/www.facebook.com\/sharer.php?u=https:\/\/radiorevelacionfm.cl\/?p=55799&#038;t=MOP%20Ays%C3%A9n%20inicia%20licitaci%C3%B3n%20para%20pavimentar%20el%20tramo%20Puente%20Chucao%20%E2%80%93%20Fiordo%20Queulat%20en%20la%20ruta%207' aria-hidden='false' data-av_icon='\ue8f3' data-av_iconfont='entypo-fontello' title='' data-avia-related-tooltip='Compartir en Facebook' rel=\"noopener\"><span class='avia_hidden_link_text'>Compartir en Facebook<\/span><\/a><\/li><li class='av-share-link av-social-link-twitter' ><a target=\"_blank\" aria-label=\"Compartir en Twitter\" href='https:\/\/twitter.com\/share?text=MOP%20Ays%C3%A9n%20inicia%20licitaci%C3%B3n%20para%20pavimentar%20el%20tramo%20Puente%20Chucao%20%E2%80%93%20Fiordo%20Queulat%20en%20la%20ruta%207&#038;url=https:\/\/radiorevelacionfm.cl\/?p=55799' aria-hidden='false' data-av_icon='\ue8f1' data-av_iconfont='entypo-fontello' title='' data-avia-related-tooltip='Compartir en Twitter' rel=\"noopener\"><span class='avia_hidden_link_text'>Compartir en Twitter<\/span><\/a><\/li><li class='av-share-link av-social-link-whatsapp' ><a target=\"_blank\" aria-label=\"Compartir en Whatsapp\" href='https:\/\/api.whatsapp.com\/send?text=https:\/\/radiorevelacionfm.cl\/?p=55799' aria-hidden='false' data-av_icon='\uf232' data-av_iconfont='entypo-fontello' title='' data-avia-related-tooltip='Compartir en Whatsapp' rel=\"noopener\"><span class='avia_hidden_link_text'>Compartir en Whatsapp<\/span><\/a><\/li><li class='av-share-link av-social-link-linkedin' ><a target=\"_blank\" aria-label=\"Compartir en LinkedIn\" href='https:\/\/linkedin.com\/shareArticle?mini=true&#038;title=MOP%20Ays%C3%A9n%20inicia%20licitaci%C3%B3n%20para%20pavimentar%20el%20tramo%20Puente%20Chucao%20%E2%80%93%20Fiordo%20Queulat%20en%20la%20ruta%207&#038;url=https:\/\/radiorevelacionfm.cl\/?p=55799' aria-hidden='false' data-av_icon='\ue8fc' data-av_iconfont='entypo-fontello' title='' data-avia-related-tooltip='Compartir en LinkedIn' rel=\"noopener\"><span class='avia_hidden_link_text'>Compartir en LinkedIn<\/span><\/a><\/li><li class='av-share-link av-social-link-mail' ><a  aria-label=\"Compartir por correo\" href='mailto:?subject=MOP%20Ays%C3%A9n%20inicia%20licitaci%C3%B3n%20para%20pavimentar%20el%20tramo%20Puente%20Chucao%20%E2%80%93%20Fiordo%20Queulat%20en%20la%20ruta%207&#038;body=https:\/\/radiorevelacionfm.cl\/?p=55799' aria-hidden='false' data-av_icon='\ue805' data-av_iconfont='entypo-fontello' title='' data-avia-related-tooltip='Compartir por correo'><span class='avia_hidden_link_text'>Compartir por correo<\/span><\/a><\/li><\/ul><\/div><\/div>\n<div  style='height:50px' class='hr hr-invisible   avia-builder-el-8  el_after_av_social_share  el_before_av_comments_list '><span class='hr-inner ' ><span class='hr-inner-style'><\/span><\/span><\/div>\n<div  class='av-buildercomment  av-blog-meta-html-info-disabled av-blog-meta-tag-disabled  '><\/div>\n","protected":false},"excerpt":{"rendered":"","protected":false},"author":1,"featured_media":55800,"comment_status":"closed","ping_status":"closed","sticky":false,"template":"","format":"standard","meta":{"footnotes":""},"categories":[38],"tags":[],"class_list":["post-55799","post","type-post","status-publish","format-standard","has-post-thumbnail","hentry","category-regional"],"jetpack_featured_media_url":"https:\/\/radiorevelacionfm.cl\/wp-content\/uploads\/2025\/06\/DJI_0033-1-1.jpg","_links":{"self":[{"href":"https:\/\/radiorevelacionfm.cl\/index.php?rest_route=\/wp\/v2\/posts\/55799","targetHints":{"allow":["GET"]}}],"collection":[{"href":"https:\/\/radiorevelacionfm.cl\/index.php?rest_route=\/wp\/v2\/posts"}],"about":[{"href":"https:\/\/radiorevelacionfm.cl\/index.php?rest_route=\/wp\/v2\/types\/post"}],"author":[{"embeddable":true,"href":"https:\/\/radiorevelacionfm.cl\/index.php?rest_route=\/wp\/v2\/users\/1"}],"replies":[{"embeddable":true,"href":"https:\/\/radiorevelacionfm.cl\/index.php?rest_route=%2Fwp%2Fv2%2Fcomments&post=55799"}],"version-history":[{"count":4,"href":"https:\/\/radiorevelacionfm.cl\/index.php?rest_route=\/wp\/v2\/posts\/55799\/revisions"}],"predecessor-version":[{"id":55817,"href":"https:\/\/radiorevelacionfm.cl\/index.php?rest_route=\/wp\/v2\/posts\/55799\/revisions\/55817"}],"wp:featuredmedia":[{"embeddable":true,"href":"https:\/\/radiorevelacionfm.cl\/index.php?rest_route=\/wp\/v2\/media\/55800"}],"wp:attachment":[{"href":"https:\/\/radiorevelacionfm.cl\/index.php?rest_route=%2Fwp%2Fv2%2Fmedia&parent=55799"}],"wp:term":[{"taxonomy":"category","embeddable":true,"href":"https:\/\/radiorevelacionfm.cl\/index.php?rest_route=%2Fwp%2Fv2%2Fcategories&post=55799"},{"taxonomy":"post_tag","embeddable":true,"href":"https:\/\/radiorevelacionfm.cl\/index.php?rest_route=%2Fwp%2Fv2%2Ftags&post=55799"}],"curies":[{"name":"wp","href":"https:\/\/api.w.org\/{rel}","templated":true}]}}