{"id":55794,"date":"2025-06-27T18:27:47","date_gmt":"2025-06-27T21:27:47","guid":{"rendered":"https:\/\/radiorevelacionfm.cl\/?p=55794"},"modified":"2025-06-27T18:27:47","modified_gmt":"2025-06-27T21:27:47","slug":"inia-lanza-pulso-agroclimatico-nuevo-boletin-de-monitoreo-de-la-realidad-agricola-y-climatica-nacional","status":"publish","type":"post","link":"https:\/\/radiorevelacionfm.cl\/?p=55794","title":{"rendered":"INIA lanza \u201cPulso Agroclim\u00e1tico\u201d: nuevo bolet\u00edn de monitoreo de la realidad agr\u00edcola y clim\u00e1tica nacional"},"content":{"rendered":"<div class=\"flex_column av_one_full  flex_column_div av-zero-column-padding first  avia-builder-el-0  el_before_av_one_full  avia-builder-el-first  \" style='border-radius:0px; '><div  class='avia-image-container  av-styling-    avia-builder-el-1  avia-builder-el-no-sibling  avia-align-center '  itemprop=\"image\" itemscope=\"itemscope\" itemtype=\"https:\/\/schema.org\/ImageObject\"  ><div class='avia-image-container-inner'><div class='avia-image-overlay-wrap'><img decoding=\"async\" class='wp-image-55795 avia-img-lazy-loading-not-55795 avia_image' src=\"https:\/\/radiorevelacionfm.cl\/wp-content\/uploads\/2025\/06\/foto-2-53-1-1_optimized-1.jpeg\" alt='' title='foto-2-(53)-(1)-(1)_optimized (1)' height=\"600\" width=\"1067\"  itemprop=\"thumbnailUrl\" srcset=\"https:\/\/radiorevelacionfm.cl\/wp-content\/uploads\/2025\/06\/foto-2-53-1-1_optimized-1.jpeg 1067w, https:\/\/radiorevelacionfm.cl\/wp-content\/uploads\/2025\/06\/foto-2-53-1-1_optimized-1-300x169.jpeg 300w, https:\/\/radiorevelacionfm.cl\/wp-content\/uploads\/2025\/06\/foto-2-53-1-1_optimized-1-1030x579.jpeg 1030w, https:\/\/radiorevelacionfm.cl\/wp-content\/uploads\/2025\/06\/foto-2-53-1-1_optimized-1-768x432.jpeg 768w, https:\/\/radiorevelacionfm.cl\/wp-content\/uploads\/2025\/06\/foto-2-53-1-1_optimized-1-705x396.jpeg 705w, https:\/\/radiorevelacionfm.cl\/wp-content\/uploads\/2025\/06\/foto-2-53-1-1_optimized-1-450x253.jpeg 450w, https:\/\/radiorevelacionfm.cl\/wp-content\/uploads\/2025\/06\/foto-2-53-1-1_optimized-1-600x337.jpeg 600w\" sizes=\"(max-width: 1067px) 100vw, 1067px\" \/><\/div><\/div><\/div><\/div><div class=\"flex_column av_one_full  flex_column_div av-zero-column-padding first  avia-builder-el-2  el_after_av_one_full  el_before_av_one_full  column-top-margin\" style='border-radius:0px; '><section class=\"av_textblock_section \"  itemscope=\"itemscope\" itemtype=\"https:\/\/schema.org\/BlogPosting\" itemprop=\"blogPost\" ><div class='avia_textblock  '   itemprop=\"text\" ><p style=\"text-align: center;\"><span style=\"font-size: 18pt;\"><strong>INIA lanza \u201cPulso Agroclim\u00e1tico\u201d: nuevo bolet\u00edn de <\/strong><strong>monitoreo de la realidad agr\u00edcola y clim\u00e1tica nacional<\/strong><\/span><\/p>\n<p style=\"text-align: center;\"><span style=\"font-size: 18pt;\"><strong>\u00a0<\/strong><\/span><\/p>\n<div id=\"gtx-trans\" style=\"position: absolute; left: -50px; top: 4.31534px;\">\n<div class=\"gtx-trans-icon\"><\/div>\n<\/div>\n<\/div><\/section><\/div><div class=\"flex_column av_one_full  flex_column_div av-zero-column-padding first  avia-builder-el-4  el_after_av_one_full  el_before_av_hr  column-top-margin\" style='border-radius:0px; '><section class=\"av_textblock_section \"  itemscope=\"itemscope\" itemtype=\"https:\/\/schema.org\/BlogPosting\" itemprop=\"blogPost\" ><div class='avia_textblock  '   itemprop=\"text\" ><p style=\"text-align: justify;\"><em>Este primer informe sostiene que, <\/em><em>hasta el momento, las condiciones agroclim\u00e1ticas del invierno 2025 se presentan con normalidad en el pa\u00eds, lo que indicar\u00eda una buena temporada agr\u00edcola para la etapa primavera-verano.\u00a0 <\/em><\/p>\n<p style=\"text-align: justify;\">El Instituto de Investigaciones Agropecuarias (INIA) lanz\u00f3 un nuevo producto informativo, llamado \u201cPulso Agroclim\u00e1tico\u201d, con el objetivo de entregar informaci\u00f3n clim\u00e1tica focalizada en los rubros agropecuarios de las macrozonas del pa\u00eds, para analizar las condiciones de los cultivos m\u00e1s importantes de cada territorio para el mes entrante.<\/p>\n<p style=\"text-align: justify;\">Este nuevo producto informativo se present\u00f3 en las oficinas de INIA Chile, con la presencia de su director nacional, Carlos Furche, y la exposici\u00f3n del investigador a cargo, Ra\u00fal Orrego, miembro del equipo de Riesgo Clim\u00e1tico de la instituci\u00f3n.<\/p>\n<p style=\"text-align: justify;\">\u201cUna agricultura moderna, resiliente y sostenible necesita informaci\u00f3n confiable y oportuna. Con Pulso Agroclim\u00e1tico ponemos a disposici\u00f3n del pa\u00eds una herramienta que entrega datos clave y an\u00e1lisis territoriales, facilitando la toma de decisiones productivas y anticip\u00e1ndose a los riesgos que impone la evoluci\u00f3n del clima\u201d.<\/p>\n<p style=\"text-align: justify;\">Este primer informe revel\u00f3 que, hasta el momento, las condiciones agroclim\u00e1ticas del invierno 2025 se presentan con normalidad en el pa\u00eds, lo que anticipa una buena temporada agr\u00edcola para la etapa primavera-verano, desde el aspecto clim\u00e1tico. \u201cEl Norte Grande se ve normal y c\u00e1lido; el Norte Chico ligeramente m\u00e1s seco, pero con temperaturas normales; el Centro y Centro Sur normal con algunas luces de sequ\u00eda y bajas temperaturas, aun cuando debe destacarse que el fr\u00edo es bueno para la actividad agr\u00edcola siempre que ocurra en temporada invernal; y la zona Austral con normalidad hasta la fecha\u201d, expres\u00f3 Orrego.<\/p>\n<p style=\"text-align: justify;\">A\u00f1adi\u00f3 el experto que \u201ces importante tener claro que durante el invierno los cultivos est\u00e1n en etapa de dormancia, que podr\u00edamos explicar como un periodo de descanso, en el cual la temperatura es clave y en particular el fr\u00edo para los cultivos. Lo anterior es importante para definir la calidad y niveles de producci\u00f3n que podemos obtener en el periodo de cosecha\u201d.<\/p>\n<p style=\"text-align: justify;\">Algunas de las particularidades que mostr\u00f3 Pulso Agroclim\u00e1tico en las macrozonas Centro Sur y Sur, es que presentan menos lluvia de lo esperado a la fecha, lo que da luces de un invierno probablemente m\u00e1s seco. \u201cPara julio, esto en t\u00e9rminos agr\u00edcolas, se recomienda mantener las actividades agr\u00edcolas de estaci\u00f3n y evitar el sobrepastoreo del ganado, adem\u00e1s de estar muy pendiente de las lluvias que puedan caer, ya que eso ser\u00e1 determinante para la disponibilidad de agua para el sector en primavera y verano\u201d, acot\u00f3 Ra\u00fal Orrego.<\/p>\n<p style=\"text-align: justify;\">En el caso del Norte Chico y, debido a la escasez h\u00eddrica, la principal recomendaci\u00f3n es mantener un riego responsable y eficiente ante una menor disponibilidad de agua. Con respecto al olivo, uno de los cultivos importante de la zona, los expertos de INIA recomiendan acelerar la cosecha para garantizar la calidad de la producci\u00f3n de aceite de oliva, caracter\u00edstico del territorio.<\/p>\n<p style=\"text-align: justify;\"><strong>Caracter\u00edsticas del bolet\u00edn <\/strong><\/p>\n<p style=\"text-align: justify;\">Pulso Agroclim\u00e1tico entrega una mirada concisa de la situaci\u00f3n agroclim\u00e1tica del pa\u00eds, dividiendo nuestra geograf\u00eda en macrozonas: Norte Grande (Arica y Parinacota, Tarapac\u00e1 y Antofagasta), Norte Chico (Atacama y Coquimbo), Centro (Valpara\u00edso, Metropolitana y O\u2019Higgins), Centro Sur (Maule, \u00d1uble y Biob\u00edo), Sur (La Araucan\u00eda, Los R\u00edos y Los Lagos) y Austral (Ays\u00e9n y Magallanes).<\/p>\n<p style=\"text-align: justify;\">Entrega un reporte clim\u00e1tico por macrozona del mes transcurrido, reportando las horas fr\u00edo, horas calor, evapotraspiraci\u00f3n y el total de lluvia percibida en el periodo, entre otros datos, para recomendar qu\u00e9 hacer en el mes siguiente agr\u00edcolamente hablando. El valor agregado de esto es contar con una mirada mensual continua y estimativa de la situaci\u00f3n agr\u00edcola del pa\u00eds, considerando la variable clim\u00e1tica, como uno de los factores que determinan los niveles de producci\u00f3n y el valor de los productos temporada tras temporada.<\/p>\n<p style=\"text-align: justify;\">Esta informaci\u00f3n estar\u00e1 disponible mensualmente en <a href=\"https:\/\/www.inia.cl\">https:\/\/www.inia.cl<\/a> (banner de acceso directo), y se difundir\u00e1 por el grupo de WhatsApp \u201c<a href=\"https:\/\/chat.whatsapp.com\/LVIWn1ADrBl21i9MgzwpGM\">INIA Chile<\/a>\u201d de libre acceso para las personas. Adem\u00e1s, INIA realizar\u00e1 reportes especiales ante emergencias y eventos clim\u00e1ticos importantes, donde mantener el pulso clim\u00e1tico sea relevante para la actividad agr\u00edcola.<\/p>\n<p style=\"text-align: justify;\">El Pulso Agroclim\u00e1tico de julio estar\u00e1 disponible desde el lunes 30 de junio.<\/p>\n<p style=\"text-align: justify;\">Pulso Agroclim\u00e1tico centraliza informaci\u00f3n de diferentes instituciones, entre ellas los pron\u00f3sticos de la Direcci\u00f3n Meteorol\u00f3gica de Chile (DMC), de la Direcci\u00f3n General de Aguas (DGA), adem\u00e1s de los datos acumulados de la Red Agrometeorol\u00f3gica, que cuenta con m\u00e1s de 400 estaciones agrometeorol\u00f3gicas de Arica a Magallanes, gracias al trabajo colaborativo de diferentes instituciones, entre ellas INIA, CEAZA, DMC entre otras. Las recomendaciones agr\u00edcolas son realizadas por los especialistas de cada rubro de los centros regionales de INIA.<\/p>\n<\/div><\/section><\/div><div  style='height:50px' class='hr hr-invisible   avia-builder-el-6  el_after_av_one_full  el_before_av_social_share '><span class='hr-inner ' ><span class='hr-inner-style'><\/span><\/span><\/div><\/p>\n<div  class='av-social-sharing-box  avia-builder-el-7  el_after_av_hr  el_before_av_hr  '><div class='av-share-box'><h5 class='av-share-link-description av-no-toc '>Compartir esta noticia<\/h5><ul class='av-share-box-list noLightbox'><li class='av-share-link av-social-link-facebook' ><a target=\"_blank\" aria-label=\"Compartir en Facebook\" href='https:\/\/www.facebook.com\/sharer.php?u=https:\/\/radiorevelacionfm.cl\/?p=55794&#038;t=INIA%20lanza%20%E2%80%9CPulso%20Agroclim%C3%A1tico%E2%80%9D%3A%20nuevo%20bolet%C3%ADn%20de%20monitoreo%20de%20la%20realidad%20agr%C3%ADcola%20y%20clim%C3%A1tica%20nacional' aria-hidden='false' data-av_icon='\ue8f3' data-av_iconfont='entypo-fontello' title='' data-avia-related-tooltip='Compartir en Facebook' rel=\"noopener\"><span class='avia_hidden_link_text'>Compartir en Facebook<\/span><\/a><\/li><li class='av-share-link av-social-link-twitter' ><a target=\"_blank\" aria-label=\"Compartir en Twitter\" href='https:\/\/twitter.com\/share?text=INIA%20lanza%20%E2%80%9CPulso%20Agroclim%C3%A1tico%E2%80%9D%3A%20nuevo%20bolet%C3%ADn%20de%20monitoreo%20de%20la%20realidad%20agr%C3%ADcola%20y%20clim%C3%A1tica%20nacional&#038;url=https:\/\/radiorevelacionfm.cl\/?p=55794' aria-hidden='false' data-av_icon='\ue8f1' data-av_iconfont='entypo-fontello' title='' data-avia-related-tooltip='Compartir en Twitter' rel=\"noopener\"><span class='avia_hidden_link_text'>Compartir en Twitter<\/span><\/a><\/li><li class='av-share-link av-social-link-whatsapp' ><a target=\"_blank\" aria-label=\"Compartir en Whatsapp\" href='https:\/\/api.whatsapp.com\/send?text=https:\/\/radiorevelacionfm.cl\/?p=55794' aria-hidden='false' data-av_icon='\uf232' data-av_iconfont='entypo-fontello' title='' data-avia-related-tooltip='Compartir en Whatsapp' rel=\"noopener\"><span class='avia_hidden_link_text'>Compartir en Whatsapp<\/span><\/a><\/li><li class='av-share-link av-social-link-linkedin' ><a target=\"_blank\" aria-label=\"Compartir en LinkedIn\" href='https:\/\/linkedin.com\/shareArticle?mini=true&#038;title=INIA%20lanza%20%E2%80%9CPulso%20Agroclim%C3%A1tico%E2%80%9D%3A%20nuevo%20bolet%C3%ADn%20de%20monitoreo%20de%20la%20realidad%20agr%C3%ADcola%20y%20clim%C3%A1tica%20nacional&#038;url=https:\/\/radiorevelacionfm.cl\/?p=55794' aria-hidden='false' data-av_icon='\ue8fc' data-av_iconfont='entypo-fontello' title='' data-avia-related-tooltip='Compartir en LinkedIn' rel=\"noopener\"><span class='avia_hidden_link_text'>Compartir en LinkedIn<\/span><\/a><\/li><li class='av-share-link av-social-link-mail' ><a  aria-label=\"Compartir por correo\" href='mailto:?subject=INIA%20lanza%20%E2%80%9CPulso%20Agroclim%C3%A1tico%E2%80%9D%3A%20nuevo%20bolet%C3%ADn%20de%20monitoreo%20de%20la%20realidad%20agr%C3%ADcola%20y%20clim%C3%A1tica%20nacional&#038;body=https:\/\/radiorevelacionfm.cl\/?p=55794' aria-hidden='false' data-av_icon='\ue805' data-av_iconfont='entypo-fontello' title='' data-avia-related-tooltip='Compartir por correo'><span class='avia_hidden_link_text'>Compartir por correo<\/span><\/a><\/li><\/ul><\/div><\/div>\n<div  style='height:50px' class='hr hr-invisible   avia-builder-el-8  el_after_av_social_share  el_before_av_comments_list '><span class='hr-inner ' ><span class='hr-inner-style'><\/span><\/span><\/div>\n<div  class='av-buildercomment  av-blog-meta-html-info-disabled av-blog-meta-tag-disabled  '><\/div>\n","protected":false},"excerpt":{"rendered":"","protected":false},"author":1,"featured_media":55795,"comment_status":"closed","ping_status":"closed","sticky":false,"template":"","format":"standard","meta":{"footnotes":""},"categories":[58],"tags":[],"class_list":["post-55794","post","type-post","status-publish","format-standard","has-post-thumbnail","hentry","category-agricultura"],"jetpack_featured_media_url":"https:\/\/radiorevelacionfm.cl\/wp-content\/uploads\/2025\/06\/foto-2-53-1-1_optimized-1.jpeg","_links":{"self":[{"href":"https:\/\/radiorevelacionfm.cl\/index.php?rest_route=\/wp\/v2\/posts\/55794","targetHints":{"allow":["GET"]}}],"collection":[{"href":"https:\/\/radiorevelacionfm.cl\/index.php?rest_route=\/wp\/v2\/posts"}],"about":[{"href":"https:\/\/radiorevelacionfm.cl\/index.php?rest_route=\/wp\/v2\/types\/post"}],"author":[{"embeddable":true,"href":"https:\/\/radiorevelacionfm.cl\/index.php?rest_route=\/wp\/v2\/users\/1"}],"replies":[{"embeddable":true,"href":"https:\/\/radiorevelacionfm.cl\/index.php?rest_route=%2Fwp%2Fv2%2Fcomments&post=55794"}],"version-history":[{"count":2,"href":"https:\/\/radiorevelacionfm.cl\/index.php?rest_route=\/wp\/v2\/posts\/55794\/revisions"}],"predecessor-version":[{"id":55825,"href":"https:\/\/radiorevelacionfm.cl\/index.php?rest_route=\/wp\/v2\/posts\/55794\/revisions\/55825"}],"wp:featuredmedia":[{"embeddable":true,"href":"https:\/\/radiorevelacionfm.cl\/index.php?rest_route=\/wp\/v2\/media\/55795"}],"wp:attachment":[{"href":"https:\/\/radiorevelacionfm.cl\/index.php?rest_route=%2Fwp%2Fv2%2Fmedia&parent=55794"}],"wp:term":[{"taxonomy":"category","embeddable":true,"href":"https:\/\/radiorevelacionfm.cl\/index.php?rest_route=%2Fwp%2Fv2%2Fcategories&post=55794"},{"taxonomy":"post_tag","embeddable":true,"href":"https:\/\/radiorevelacionfm.cl\/index.php?rest_route=%2Fwp%2Fv2%2Ftags&post=55794"}],"curies":[{"name":"wp","href":"https:\/\/api.w.org\/{rel}","templated":true}]}}