{"id":55780,"date":"2025-06-27T15:40:05","date_gmt":"2025-06-27T18:40:05","guid":{"rendered":"https:\/\/radiorevelacionfm.cl\/?p=55780"},"modified":"2025-06-27T15:40:05","modified_gmt":"2025-06-27T18:40:05","slug":"pdi-aysen-destaca-historica-labor-investigativa-y-compromiso-territorial-en-su-cuenta-publica-2024","status":"publish","type":"post","link":"https:\/\/radiorevelacionfm.cl\/?p=55780","title":{"rendered":"PDI Ays\u00e9n destaca hist\u00f3rica labor investigativa y compromiso territorial en su Cuenta P\u00fablica 2024"},"content":{"rendered":"<div class=\"flex_column av_one_full  flex_column_div av-zero-column-padding first  avia-builder-el-0  el_before_av_one_full  avia-builder-el-first  \" style='border-radius:0px; '><div  class='avia-image-container  av-styling-    avia-builder-el-1  avia-builder-el-no-sibling  avia-align-center '  itemprop=\"image\" itemscope=\"itemscope\" itemtype=\"https:\/\/schema.org\/ImageObject\"  ><div class='avia-image-container-inner'><div class='avia-image-overlay-wrap'><img decoding=\"async\" class='wp-image-55781 avia-img-lazy-loading-not-55781 avia_image' src=\"https:\/\/radiorevelacionfm.cl\/wp-content\/uploads\/2025\/06\/PGG_4008-1-1.jpg\" alt='' title='PGG_4008 (1) (1)' height=\"600\" width=\"900\"  itemprop=\"thumbnailUrl\" srcset=\"https:\/\/radiorevelacionfm.cl\/wp-content\/uploads\/2025\/06\/PGG_4008-1-1.jpg 900w, https:\/\/radiorevelacionfm.cl\/wp-content\/uploads\/2025\/06\/PGG_4008-1-1-300x200.jpg 300w, https:\/\/radiorevelacionfm.cl\/wp-content\/uploads\/2025\/06\/PGG_4008-1-1-768x512.jpg 768w, https:\/\/radiorevelacionfm.cl\/wp-content\/uploads\/2025\/06\/PGG_4008-1-1-705x470.jpg 705w, https:\/\/radiorevelacionfm.cl\/wp-content\/uploads\/2025\/06\/PGG_4008-1-1-450x300.jpg 450w, https:\/\/radiorevelacionfm.cl\/wp-content\/uploads\/2025\/06\/PGG_4008-1-1-600x400.jpg 600w\" sizes=\"(max-width: 900px) 100vw, 900px\" \/><\/div><\/div><\/div><\/div><div class=\"flex_column av_one_full  flex_column_div av-zero-column-padding first  avia-builder-el-2  el_after_av_one_full  el_before_av_one_full  column-top-margin\" style='border-radius:0px; '><section class=\"av_textblock_section \"  itemscope=\"itemscope\" itemtype=\"https:\/\/schema.org\/BlogPosting\" itemprop=\"blogPost\" ><div class='avia_textblock  '   itemprop=\"text\" ><p style=\"text-align: center;\"><strong><span style=\"font-size: 18pt;\">PDI Ays\u00e9n destaca hist\u00f3rica labor investigativa y compromiso territorial en su Cuenta P\u00fablica 2024<\/span><\/strong><\/p>\n<div id=\"gtx-trans\" style=\"position: absolute; left: -50px; top: 4.31534px;\">\n<div class=\"gtx-trans-icon\"><\/div>\n<\/div>\n<\/div><\/section><\/div><div class=\"flex_column av_one_full  flex_column_div av-zero-column-padding first  avia-builder-el-4  el_after_av_one_full  el_before_av_hr  column-top-margin\" style='border-radius:0px; '><section class=\"av_textblock_section \"  itemscope=\"itemscope\" itemtype=\"https:\/\/schema.org\/BlogPosting\" itemprop=\"blogPost\" ><div class='avia_textblock  '   itemprop=\"text\" ><p style=\"text-align: justify;\">En el marco de la Cuenta P\u00fablica Gesti\u00f3n 2024 de la Polic\u00eda de Investigaciones de Chile (PDI), el jefe de la Regi\u00f3n Policial Ays\u00e9n, prefecto inspector Javier Valenzuela Riquelme, present\u00f3 los principales logros y desaf\u00edos enfrentados durante el \u00faltimo a\u00f1o, en un balance que destac\u00f3 por su profundo enfoque territorial, su profesionalismo investigativo y su compromiso con la seguridad ciudadana en una de las zonas m\u00e1s extensas del pa\u00eds. \u201cLa verdad es que estamos muy contentos respecto a la asistencia que ha tenido nuestra cuenta p\u00fablica. Hemos tenido presentes a las m\u00e1s altas autoridades regionales, pasando por funcionarios, estamentos p\u00fablicos y, por supuesto, la comunidad organizada de Ays\u00e9n, considerando que hoy d\u00eda tenemos, y gozamos hace muchos a\u00f1os de una confianza ciudadana bastante alta como instituci\u00f3n\u201d, expres\u00f3 la m\u00e1xima autoridad de la PDI en la regi\u00f3n.<\/p>\n<p style=\"text-align: justify;\">Con una dotaci\u00f3n de 167 funcionarios, la PDI de la Regi\u00f3n de Ays\u00e9n cuenta con 3 complejos policiales que cubren las 4 provincias y sus 10 comunas, adem\u00e1s de tres avanzadas fronterizas claves en el control migratorio: Huemules, Coyhaique Alto y R\u00edo Jeinimeni. El despliegue territorial durante el 2024 incluy\u00f3 intervenciones desde Melinka hasta Villa O\u2019Higgins, pasando por sectores como el Parque Laguna San Rafael, Chile Chico y Puerto Chacabuco, confirmando que la PDI cumple con su compromiso de llegar a cada rinc\u00f3n de la regi\u00f3n, incluso en condiciones geogr\u00e1ficas adversas.<\/p>\n<p style=\"text-align: justify;\">Durante 2024, la Polic\u00eda de Investigaciones de Ays\u00e9n realiz\u00f3 403 detenciones, destacando delitos vinculados a drogas, robos y agresiones sexuales.<\/p>\n<p style=\"text-align: justify;\">Respecto a los resultados y al trabajo realizado por la PDI el delegado presidencial de Ays\u00e9n, Jorge D\u00edaz Guzm\u00e1n felicit\u00f3 a todos los integrantes de la instituci\u00f3n, \u201cporque ellos son fundamentales de este ecosistema que tenemos para combatir la delincuencia, los delitos y el crimen organizado que se expande por todo el pa\u00eds.(\u2026) As\u00ed que felicitaciones al prefecto inspector de la Polic\u00eda Civil ac\u00e1 en la regi\u00f3n de Ays\u00e9n y por supuesto entregar este mensaje a la comunidad que valora, enormemente, el trabajo que hace la PDI, instal\u00e1ndola como una de las instituciones p\u00fablicas m\u00e1s valoradas por la ciudadan\u00eda. As\u00ed que estamos muy contentos de haber participado en esta cuenta\u201d.<\/p>\n<p style=\"text-align: justify;\">Un punto importante de las cifras rendidas por el prefecto inspector Valenzuela fue el aumento del 100% en los homicidios consumados en comparaci\u00f3n al a\u00f1o 2023, con un total de 10 casos registrados. Pese a ello, la Brigada de Homicidios Coyhaique logr\u00f3 identificar a los autores en 9 de ellos, demostrando una eficacia investigativa sobresaliente.<\/p>\n<p style=\"text-align: justify;\">En temas de droga, durante el 2024, la Brigada Antinarc\u00f3ticos y Contra el Crimen Organizado Coyhaique y el equipo Modelo Territorial Cero (MT0) de Puerto Ays\u00e9n, sacaron de circulaci\u00f3n m\u00e1s de 27 kilos de drogas, aval\u00fao que supera los 492 millones de pesos, cifras que ya fue sobrepasada este 2025 con incautaciones que alcanzan los 36 kilos y con un aval\u00fao comercial sobre los 552 millones de pesos.<\/p>\n<p style=\"text-align: justify;\">Dentro de su discurso y en relaci\u00f3n al punto anterior, la m\u00e1xima autoridad policial en la Regi\u00f3n enfatiz\u00f3 que la \u00fanica forma de combatir el crimen es atacando todos sus eslabones: \u00a0producci\u00f3n, log\u00edstica, transporte, bodegaje, distribuci\u00f3n y patrimonio y que, sin este \u00faltimo, una estructura o mercado criminal se hace inviable. \u201cDebemos desarticular patrimonialmente a las estructuras criminales\u201d. En esta misma l\u00ednea, expres\u00f3 que se hac\u00eda imprescindible la creaci\u00f3n de nuevas Brigadas Investigadoras de Lavado de Activos (BRILAC) en cada capital regional, una de ellas operando hace un a\u00f1o en Ays\u00e9n, logrando un resultado hist\u00f3rico, por primera vez se desarticul\u00f3 una organizaci\u00f3n criminal por el delito de Lavado de Activos, la que manejaba un patrimonio de m\u00e1s de 172 millones de pesos.<\/p>\n<p style=\"text-align: justify;\">En cuanto a migraci\u00f3n, la PDI control\u00f3, en las 3 avanzadas con mayor movimiento de personas, 350.199 pasajeros durante 2024. A esto, se suman 39 operativos de fiscalizaci\u00f3n que permitieron controlar a 860 personas, de las cuales 652 eran extranjeras, generando 144 denuncias administrativas.<\/p>\n<p style=\"text-align: justify;\">La ejecuci\u00f3n presupuestaria regional alcanz\u00f3 el 100% con un fondo base de 746 millones de pesos, al que se sumaron m\u00e1s de 1.350 millones obtenidos a trav\u00e9s de proyectos aprobados por el Gobierno Regional de Ays\u00e9n. Entre ellos destaca: Adquisici\u00f3n de equipo tecnol\u00f3gico para an\u00e1lisis digital, el m\u00e1s avanzado de Latinoam\u00e9rica, y la reposici\u00f3n de 16 veh\u00edculos policiales, que a la fecha ya han recorrido m\u00e1s de 116 mil kil\u00f3metros en toda la regi\u00f3n. Asimismo, se inaugur\u00f3 una nueva sala de Entrevista Investigativa Videograbada, con una inversi\u00f3n de m\u00e1s de 34 millones de pesos, enfocada en evitar la victimizaci\u00f3n secundaria de ni\u00f1os, ni\u00f1as y adolescentes.<\/p>\n<p style=\"text-align: justify;\"><strong>Desaf\u00edos y trabajo conjunto<\/strong><\/p>\n<p style=\"text-align: justify;\">Dentro de los desaf\u00edos planteados por el prefecto inspector Valenzuela, es poder llevar a cabo la Estrategia Regional PDI Contra el Crimen Emergente, la que tiene como objetivo \u201cdetectar, inhibir y\/o neutralizar nuevas formas de criminalidad emergente en la regi\u00f3n de Ays\u00e9n\u201d. Adem\u00e1s de seguir trabajando colaborativamente con otras instituciones como Carabineros de Chile, el Ministerio P\u00fablico, la Seremi de Seguridad P\u00fablica y organismos internacionales, esto, seg\u00fan el jefe policial, es clave para fortalecer la seguridad en la regi\u00f3n. \u201cEl objetivo m\u00e1s cercano y principal que nos autoimpusimos cuando asumimos la jefatura regional de esta instituci\u00f3n, de la mano, con trabajo codo a codo con cada uno de los funcionarios de la PDI, es, ciertamente, redoblar esfuerzos para que esta regi\u00f3n de Ays\u00e9n siga siendo una regi\u00f3n limpia respecto a flagelos criminales que est\u00e1n afectando a otras ciudades del pa\u00eds y del mundo\u201d, puntualiz\u00f3.<\/p>\n<p style=\"text-align: justify;\">Respecto a la labor colaborativa entre instituciones la Seremi de Seguridad P\u00fablica Ruth Vallejos Cuiti\u00f1o expres\u00f3 que, \u201cel trabajo mancomunado, cooperativo, colaborativo entre las distintas instituciones hacen que la PDI destaque con sus resultados en el a\u00f1o 2024 y sabemos que va a seguir destacando en el a\u00f1o 2025 y tendr\u00e1 todo el apoyo de este Gobierno en el trabajo que vamos a desarrollar de ahora en adelante con esta nueva institucionalidad\u201d.<\/p>\n<p style=\"text-align: justify;\">La ceremonia culmin\u00f3 con la entrega de un estimulo institucional a la Brigada Investigadora de Delitos Sexuales Coyhaique, por una investigaci\u00f3n que marc\u00f3 un hito relevante, por primera vez y gracias al trabajo profesional de los detectives, el Ministerio P\u00fablico logr\u00f3 la condena de Cadena Perpetua Simple para un pastor evang\u00e9lico al acreditarse su responsabilidad en delitos de Estupro, Abuso Sexual, Violaci\u00f3n y Almacenamiento de Pornograf\u00eda Infantil. Gracias a la rigurosidad y compromiso demostrado, esta unidad fue galardonada con el <strong>Premio a la Excelencia en la Investigaci\u00f3n Criminal 2025<\/strong>, distinci\u00f3n entregada por el Director General de la Instituci\u00f3n, Eduardo Cerna Lozano. Respecto a este reconocimiento institucional el fiscal regional (s) Jos\u00e9 Moris Ferrando expres\u00f3 que, \u201cqueremos felicitar como Ministerio P\u00fablico, no solamente a todo el personal de la Polic\u00eda de Investigaciones en la regi\u00f3n de Ays\u00e9n, sino que adem\u00e1s, y en esta ocasi\u00f3n especialmente, a nuestra Brigada Investigadora de Delitos Sexuales que ha sido galardonada con un reconocimiento que, sin duda, es muy meritorio y que precisamente da cuenta del trabajo en una de las causas m\u00e1s emblem\u00e1ticas del 2024, como fue el caso del pastor evang\u00e9lico por una serie de delitos sexuales\u201d.<\/p>\n<\/div><\/section><\/div><div  style='height:50px' class='hr hr-invisible   avia-builder-el-6  el_after_av_one_full  el_before_av_social_share '><span class='hr-inner ' ><span class='hr-inner-style'><\/span><\/span><\/div><\/p>\n<div  class='av-social-sharing-box  avia-builder-el-7  el_after_av_hr  el_before_av_hr  '><div class='av-share-box'><h5 class='av-share-link-description av-no-toc '>Compartir esta noticia<\/h5><ul class='av-share-box-list noLightbox'><li class='av-share-link av-social-link-facebook' ><a target=\"_blank\" aria-label=\"Compartir en Facebook\" href='https:\/\/www.facebook.com\/sharer.php?u=https:\/\/radiorevelacionfm.cl\/?p=55780&#038;t=PDI%20Ays%C3%A9n%20destaca%20hist%C3%B3rica%20labor%20investigativa%20y%20compromiso%20territorial%20en%20su%20Cuenta%20P%C3%BAblica%202024' aria-hidden='false' data-av_icon='\ue8f3' data-av_iconfont='entypo-fontello' title='' data-avia-related-tooltip='Compartir en Facebook' rel=\"noopener\"><span class='avia_hidden_link_text'>Compartir en Facebook<\/span><\/a><\/li><li class='av-share-link av-social-link-twitter' ><a target=\"_blank\" aria-label=\"Compartir en Twitter\" href='https:\/\/twitter.com\/share?text=PDI%20Ays%C3%A9n%20destaca%20hist%C3%B3rica%20labor%20investigativa%20y%20compromiso%20territorial%20en%20su%20Cuenta%20P%C3%BAblica%202024&#038;url=https:\/\/radiorevelacionfm.cl\/?p=55780' aria-hidden='false' data-av_icon='\ue8f1' data-av_iconfont='entypo-fontello' title='' data-avia-related-tooltip='Compartir en Twitter' rel=\"noopener\"><span class='avia_hidden_link_text'>Compartir en Twitter<\/span><\/a><\/li><li class='av-share-link av-social-link-whatsapp' ><a target=\"_blank\" aria-label=\"Compartir en Whatsapp\" href='https:\/\/api.whatsapp.com\/send?text=https:\/\/radiorevelacionfm.cl\/?p=55780' aria-hidden='false' data-av_icon='\uf232' data-av_iconfont='entypo-fontello' title='' data-avia-related-tooltip='Compartir en Whatsapp' rel=\"noopener\"><span class='avia_hidden_link_text'>Compartir en Whatsapp<\/span><\/a><\/li><li class='av-share-link av-social-link-linkedin' ><a target=\"_blank\" aria-label=\"Compartir en LinkedIn\" href='https:\/\/linkedin.com\/shareArticle?mini=true&#038;title=PDI%20Ays%C3%A9n%20destaca%20hist%C3%B3rica%20labor%20investigativa%20y%20compromiso%20territorial%20en%20su%20Cuenta%20P%C3%BAblica%202024&#038;url=https:\/\/radiorevelacionfm.cl\/?p=55780' aria-hidden='false' data-av_icon='\ue8fc' data-av_iconfont='entypo-fontello' title='' data-avia-related-tooltip='Compartir en LinkedIn' rel=\"noopener\"><span class='avia_hidden_link_text'>Compartir en LinkedIn<\/span><\/a><\/li><li class='av-share-link av-social-link-mail' ><a  aria-label=\"Compartir por correo\" href='mailto:?subject=PDI%20Ays%C3%A9n%20destaca%20hist%C3%B3rica%20labor%20investigativa%20y%20compromiso%20territorial%20en%20su%20Cuenta%20P%C3%BAblica%202024&#038;body=https:\/\/radiorevelacionfm.cl\/?p=55780' aria-hidden='false' data-av_icon='\ue805' data-av_iconfont='entypo-fontello' title='' data-avia-related-tooltip='Compartir por correo'><span class='avia_hidden_link_text'>Compartir por correo<\/span><\/a><\/li><\/ul><\/div><\/div>\n<div  style='height:50px' class='hr hr-invisible   avia-builder-el-8  el_after_av_social_share  el_before_av_comments_list '><span class='hr-inner ' ><span class='hr-inner-style'><\/span><\/span><\/div>\n<div  class='av-buildercomment  av-blog-meta-html-info-disabled av-blog-meta-tag-disabled  '><\/div>\n","protected":false},"excerpt":{"rendered":"","protected":false},"author":1,"featured_media":55781,"comment_status":"closed","ping_status":"closed","sticky":false,"template":"","format":"standard","meta":{"footnotes":""},"categories":[36],"tags":[],"class_list":["post-55780","post","type-post","status-publish","format-standard","has-post-thumbnail","hentry","category-policial"],"jetpack_featured_media_url":"https:\/\/radiorevelacionfm.cl\/wp-content\/uploads\/2025\/06\/PGG_4008-1-1.jpg","_links":{"self":[{"href":"https:\/\/radiorevelacionfm.cl\/index.php?rest_route=\/wp\/v2\/posts\/55780","targetHints":{"allow":["GET"]}}],"collection":[{"href":"https:\/\/radiorevelacionfm.cl\/index.php?rest_route=\/wp\/v2\/posts"}],"about":[{"href":"https:\/\/radiorevelacionfm.cl\/index.php?rest_route=\/wp\/v2\/types\/post"}],"author":[{"embeddable":true,"href":"https:\/\/radiorevelacionfm.cl\/index.php?rest_route=\/wp\/v2\/users\/1"}],"replies":[{"embeddable":true,"href":"https:\/\/radiorevelacionfm.cl\/index.php?rest_route=%2Fwp%2Fv2%2Fcomments&post=55780"}],"version-history":[{"count":2,"href":"https:\/\/radiorevelacionfm.cl\/index.php?rest_route=\/wp\/v2\/posts\/55780\/revisions"}],"predecessor-version":[{"id":55805,"href":"https:\/\/radiorevelacionfm.cl\/index.php?rest_route=\/wp\/v2\/posts\/55780\/revisions\/55805"}],"wp:featuredmedia":[{"embeddable":true,"href":"https:\/\/radiorevelacionfm.cl\/index.php?rest_route=\/wp\/v2\/media\/55781"}],"wp:attachment":[{"href":"https:\/\/radiorevelacionfm.cl\/index.php?rest_route=%2Fwp%2Fv2%2Fmedia&parent=55780"}],"wp:term":[{"taxonomy":"category","embeddable":true,"href":"https:\/\/radiorevelacionfm.cl\/index.php?rest_route=%2Fwp%2Fv2%2Fcategories&post=55780"},{"taxonomy":"post_tag","embeddable":true,"href":"https:\/\/radiorevelacionfm.cl\/index.php?rest_route=%2Fwp%2Fv2%2Ftags&post=55780"}],"curies":[{"name":"wp","href":"https:\/\/api.w.org\/{rel}","templated":true}]}}