{"id":5578,"date":"2021-06-24T10:45:53","date_gmt":"2021-06-24T13:45:53","guid":{"rendered":"https:\/\/radiorevelacionfm.cl\/?p=5578"},"modified":"2021-06-24T10:45:53","modified_gmt":"2021-06-24T13:45:53","slug":"utta-reforzara-trabajo-con-pacientes-y-muestras-de-pcr-para-identificar-nuevas-variantes-por-covid-19","status":"publish","type":"post","link":"https:\/\/radiorevelacionfm.cl\/?p=5578","title":{"rendered":"UTTA reforzar\u00e1 trabajo con pacientes y muestras de PCR para identificar nuevas variantes por COVID-19"},"content":{"rendered":"<div class=\"flex_column av_one_full  flex_column_div av-zero-column-padding first  avia-builder-el-0  el_before_av_one_full  avia-builder-el-first  \" style='border-radius:0px; '><div  class='avia-image-container  av-styling-    avia-builder-el-1  avia-builder-el-no-sibling  avia-align-center '  itemprop=\"image\" itemscope=\"itemscope\" itemtype=\"https:\/\/schema.org\/ImageObject\"  ><div class='avia-image-container-inner'><div class='avia-image-overlay-wrap'><img decoding=\"async\" class='wp-image-5579 avia-img-lazy-loading-not-5579 avia_image' src=\"https:\/\/radiorevelacionfm.cl\/wp-content\/uploads\/2021\/06\/CENTRO-UTTA-1-1.jpeg\" alt='' title='CENTRO UTTA (1) (1)' height=\"600\" width=\"802\"  itemprop=\"thumbnailUrl\" srcset=\"https:\/\/radiorevelacionfm.cl\/wp-content\/uploads\/2021\/06\/CENTRO-UTTA-1-1.jpeg 802w, https:\/\/radiorevelacionfm.cl\/wp-content\/uploads\/2021\/06\/CENTRO-UTTA-1-1-300x224.jpeg 300w, https:\/\/radiorevelacionfm.cl\/wp-content\/uploads\/2021\/06\/CENTRO-UTTA-1-1-768x575.jpeg 768w, https:\/\/radiorevelacionfm.cl\/wp-content\/uploads\/2021\/06\/CENTRO-UTTA-1-1-705x527.jpeg 705w, https:\/\/radiorevelacionfm.cl\/wp-content\/uploads\/2021\/06\/CENTRO-UTTA-1-1-600x449.jpeg 600w\" sizes=\"(max-width: 802px) 100vw, 802px\" \/><\/div><\/div><\/div><\/div><div class=\"flex_column av_one_full  flex_column_div av-zero-column-padding first  avia-builder-el-2  el_after_av_one_full  el_before_av_one_full  column-top-margin\" style='border-radius:0px; '><section class=\"av_textblock_section \"  itemscope=\"itemscope\" itemtype=\"https:\/\/schema.org\/BlogPosting\" itemprop=\"blogPost\" ><div class='avia_textblock  '   itemprop=\"text\" ><p style=\"text-align: center;\"><span style=\"font-size: 18pt;\"><strong>UTTA reforzar\u00e1 trabajo con pacientes y muestras de PCR para identificar nuevas variantes por COVID-19<\/strong><\/span><\/p>\n<div id=\"gtx-trans\" style=\"position: absolute; left: -50px; top: 4.31534px;\">\n<div class=\"gtx-trans-icon\"><\/div>\n<\/div>\n<\/div><\/section><\/div><div class=\"flex_column av_one_full  flex_column_div av-zero-column-padding first  avia-builder-el-4  el_after_av_one_full  el_before_av_hr  column-top-margin\" style='border-radius:0px; '><section class=\"av_textblock_section \"  itemscope=\"itemscope\" itemtype=\"https:\/\/schema.org\/BlogPosting\" itemprop=\"blogPost\" ><div class='avia_textblock  '   itemprop=\"text\" ><p style=\"text-align: justify;\">Por espacio de una semana, equipos t\u00e9cnicos de epidemiolog\u00eda y de la estrategia de Testeo, Trazabilidad y Aislamiento del Ministerio de Salud visitaron la regi\u00f3n para conocer el trabajo que est\u00e1 desarrollando los profesionales locales en las distintas \u00e1reas de Testeo, Trazabilidad y Aislamiento de la regi\u00f3n; oportunidad en la que adem\u00e1s entregaron sus observaciones para lograr ampliar y mejorar el trabajo que se realiza en la regi\u00f3n, como el aumento de la vigilancia epidemiol\u00f3gica a trav\u00e9s de las muestras que se env\u00edan al Instituto de Salud P\u00fablica (ISP) para sus respectivos an\u00e1lisis.<\/p>\n<p style=\"text-align: justify;\">As\u00ed lo dio a conocer el Epidemi\u00f3logo de la Seremi de Salud y Coordinador Regional de la UTTA, Marco Acu\u00f1a Briones, quien destac\u00f3 que \u201cla visita de los profesionales del nivel central nos permiti\u00f3 dar a conocer el trabajo que est\u00e1n desarrollando los equipos de trazabilidad a lo largo de nuestra extensa regi\u00f3n en esta pandemia, donde nos se\u00f1alaron que vamos bien encaminados por el trabajo colaborativo e integrado que se realiza en la Unidad de Testeo, Trazabilidad y Aislamiento; siendo necesario reforzar y enfocarnos en potenciar la atenci\u00f3n de salud primaria de nuestros pacientes, con visitas programadas a sus domicilios cuando la situaci\u00f3n as\u00ed lo amerite; un mejoramiento en los procesos de trazabilidad a trav\u00e9s de sistemas inform\u00e1ticos; y ampliar el n\u00famero de muestras PCR que se env\u00edan habitualmente al Instituto de Salud P\u00fablica para reforzar la vigilancia gen\u00f3mica que nos permita conocer las variantes del COVID-19 circulantes\u201d.<\/p>\n<p style=\"text-align: justify;\">En este contexto, la Seremi de Salud Ays\u00e9n, Alejandra Valdebenito Torres, valor\u00f3 la visita y el trabajo efectuado por los equipos del nivel central del Ministerio de Salud, lo que permitir\u00e1 seguir mejorando la labor hacia la comunidad en esta pandemia.\u00a0 \u201cQueremos agradecer la visita del equipo de Trazabilidad, Testeo y Aislamiento; al igual que el de la Jefa del Dpto. de Epidemiolog\u00eda del Ministerio de Salud. Para nosotros es un tremendo respaldo en este minuto donde, no solo la regi\u00f3n de Ays\u00e9n, sino que todo el pa\u00eds se encuentra viviendo una ola de aumento de casos producto de las variantes y cargas virales aumentadas.\u00a0 Nos deja una grata impresi\u00f3n los aportes que nos han entregado\u201d.<\/p>\n<p style=\"text-align: justify;\"><strong>Trabajo Colaborativo orientado a la comunidad<\/strong><\/p>\n<p style=\"text-align: justify;\">La Jefa del Dpto de Epidemiolog\u00eda del Ministerio de Salud, M\u00e9dico Especialista de Salud P\u00fablica, Alejandra Pizarro Ib\u00e1\u00f1ez, destac\u00f3 la labor que hoy se realiza en la regi\u00f3n de Ays\u00e9n en esta pandemia, quien a su vez hizo un llamado a la comunidad a participar del proceso de vacunaci\u00f3n. \u201cAc\u00e1 me encuentro con la seremi de salud, donde nos han compartido las formas de trabajo que es una forma muy colaborativa entre la Seremi y el Servicio, lo que es un ejemplo para el pa\u00eds. La UTTA esta realizando un trabajo muy exhaustivo, muy completo, hace seguimiento a todos los casos, desde la sospecha contactan a los pacientes, es un trabajo colaborativo entre el Servicio de Salud Ays\u00e9n y la Seremi de Salud. Yo quisiera hacer un llamado a la vacunaci\u00f3n, que se vacunen todas las personas e incluso mujeres embarazadas, las personas de poblaci\u00f3n objetivo y las rezagadas, hacer un llamado al cumplimiento de las normas que hace la autoridad sanitaria, respecto al testeo, sospecha o s\u00edntomas de enfermedades respiratorias, hay que realizarse testeo, y aislarse\u201d.<\/p>\n<\/div><\/section><\/div><div  style='height:50px' class='hr hr-invisible   avia-builder-el-6  el_after_av_one_full  el_before_av_social_share '><span class='hr-inner ' ><span class='hr-inner-style'><\/span><\/span><\/div><\/p>\n<div  class='av-social-sharing-box  avia-builder-el-7  el_after_av_hr  el_before_av_hr  '><div class='av-share-box'><h5 class='av-share-link-description av-no-toc '>Compartir esta noticia<\/h5><ul class='av-share-box-list noLightbox'><li class='av-share-link av-social-link-facebook' ><a target=\"_blank\" aria-label=\"Compartir en Facebook\" href='https:\/\/www.facebook.com\/sharer.php?u=https:\/\/radiorevelacionfm.cl\/?p=5578&#038;t=UTTA%20reforzar%C3%A1%20trabajo%20con%20pacientes%20y%20muestras%20de%20PCR%20para%20identificar%20nuevas%20variantes%20por%20COVID-19' aria-hidden='false' data-av_icon='\ue8f3' data-av_iconfont='entypo-fontello' title='' data-avia-related-tooltip='Compartir en Facebook' rel=\"noopener\"><span class='avia_hidden_link_text'>Compartir en Facebook<\/span><\/a><\/li><li class='av-share-link av-social-link-twitter' ><a target=\"_blank\" aria-label=\"Compartir en Twitter\" href='https:\/\/twitter.com\/share?text=UTTA%20reforzar%C3%A1%20trabajo%20con%20pacientes%20y%20muestras%20de%20PCR%20para%20identificar%20nuevas%20variantes%20por%20COVID-19&#038;url=https:\/\/radiorevelacionfm.cl\/?p=5578' aria-hidden='false' data-av_icon='\ue8f1' data-av_iconfont='entypo-fontello' title='' data-avia-related-tooltip='Compartir en Twitter' rel=\"noopener\"><span class='avia_hidden_link_text'>Compartir en Twitter<\/span><\/a><\/li><li class='av-share-link av-social-link-whatsapp' ><a target=\"_blank\" aria-label=\"Compartir en Whatsapp\" href='https:\/\/api.whatsapp.com\/send?text=https:\/\/radiorevelacionfm.cl\/?p=5578' aria-hidden='false' data-av_icon='\uf232' data-av_iconfont='entypo-fontello' title='' data-avia-related-tooltip='Compartir en Whatsapp' rel=\"noopener\"><span class='avia_hidden_link_text'>Compartir en Whatsapp<\/span><\/a><\/li><li class='av-share-link av-social-link-linkedin' ><a target=\"_blank\" aria-label=\"Compartir en LinkedIn\" href='https:\/\/linkedin.com\/shareArticle?mini=true&#038;title=UTTA%20reforzar%C3%A1%20trabajo%20con%20pacientes%20y%20muestras%20de%20PCR%20para%20identificar%20nuevas%20variantes%20por%20COVID-19&#038;url=https:\/\/radiorevelacionfm.cl\/?p=5578' aria-hidden='false' data-av_icon='\ue8fc' data-av_iconfont='entypo-fontello' title='' data-avia-related-tooltip='Compartir en LinkedIn' rel=\"noopener\"><span class='avia_hidden_link_text'>Compartir en LinkedIn<\/span><\/a><\/li><li class='av-share-link av-social-link-mail' ><a  aria-label=\"Compartir por correo\" href='mailto:?subject=UTTA%20reforzar%C3%A1%20trabajo%20con%20pacientes%20y%20muestras%20de%20PCR%20para%20identificar%20nuevas%20variantes%20por%20COVID-19&#038;body=https:\/\/radiorevelacionfm.cl\/?p=5578' aria-hidden='false' data-av_icon='\ue805' data-av_iconfont='entypo-fontello' title='' data-avia-related-tooltip='Compartir por correo'><span class='avia_hidden_link_text'>Compartir por correo<\/span><\/a><\/li><\/ul><\/div><\/div>\n<div  style='height:50px' class='hr hr-invisible   avia-builder-el-8  el_after_av_social_share  el_before_av_comments_list '><span class='hr-inner ' ><span class='hr-inner-style'><\/span><\/span><\/div>\n<div  class='av-buildercomment  av-blog-meta-html-info-disabled av-blog-meta-tag-disabled  '><\/div>\n","protected":false},"excerpt":{"rendered":"","protected":false},"author":1,"featured_media":5579,"comment_status":"open","ping_status":"open","sticky":false,"template":"","format":"standard","meta":{"footnotes":""},"categories":[46],"tags":[],"class_list":["post-5578","post","type-post","status-publish","format-standard","has-post-thumbnail","hentry","category-salud"],"jetpack_featured_media_url":"https:\/\/radiorevelacionfm.cl\/wp-content\/uploads\/2021\/06\/CENTRO-UTTA-1-1.jpeg","_links":{"self":[{"href":"https:\/\/radiorevelacionfm.cl\/index.php?rest_route=\/wp\/v2\/posts\/5578","targetHints":{"allow":["GET"]}}],"collection":[{"href":"https:\/\/radiorevelacionfm.cl\/index.php?rest_route=\/wp\/v2\/posts"}],"about":[{"href":"https:\/\/radiorevelacionfm.cl\/index.php?rest_route=\/wp\/v2\/types\/post"}],"author":[{"embeddable":true,"href":"https:\/\/radiorevelacionfm.cl\/index.php?rest_route=\/wp\/v2\/users\/1"}],"replies":[{"embeddable":true,"href":"https:\/\/radiorevelacionfm.cl\/index.php?rest_route=%2Fwp%2Fv2%2Fcomments&post=5578"}],"version-history":[{"count":1,"href":"https:\/\/radiorevelacionfm.cl\/index.php?rest_route=\/wp\/v2\/posts\/5578\/revisions"}],"predecessor-version":[{"id":5580,"href":"https:\/\/radiorevelacionfm.cl\/index.php?rest_route=\/wp\/v2\/posts\/5578\/revisions\/5580"}],"wp:featuredmedia":[{"embeddable":true,"href":"https:\/\/radiorevelacionfm.cl\/index.php?rest_route=\/wp\/v2\/media\/5579"}],"wp:attachment":[{"href":"https:\/\/radiorevelacionfm.cl\/index.php?rest_route=%2Fwp%2Fv2%2Fmedia&parent=5578"}],"wp:term":[{"taxonomy":"category","embeddable":true,"href":"https:\/\/radiorevelacionfm.cl\/index.php?rest_route=%2Fwp%2Fv2%2Fcategories&post=5578"},{"taxonomy":"post_tag","embeddable":true,"href":"https:\/\/radiorevelacionfm.cl\/index.php?rest_route=%2Fwp%2Fv2%2Ftags&post=5578"}],"curies":[{"name":"wp","href":"https:\/\/api.w.org\/{rel}","templated":true}]}}