{"id":55777,"date":"2025-06-27T11:36:41","date_gmt":"2025-06-27T14:36:41","guid":{"rendered":"https:\/\/radiorevelacionfm.cl\/?p=55777"},"modified":"2025-06-27T11:36:41","modified_gmt":"2025-06-27T14:36:41","slug":"edelaysen-presenta-medidas-preventivas-para-el-invierno-a-personal-tecnico-de-la-municipalidad-de-aysen","status":"publish","type":"post","link":"https:\/\/radiorevelacionfm.cl\/?p=55777","title":{"rendered":"Edelaysen presenta medidas preventivas para el invierno a personal t\u00e9cnico de la Municipalidad de Ays\u00e9n"},"content":{"rendered":"<div class=\"flex_column av_one_full  flex_column_div av-zero-column-padding first  avia-builder-el-0  el_before_av_one_full  avia-builder-el-first  \" style='border-radius:0px; '><div  class='avia-image-container  av-styling-    avia-builder-el-1  avia-builder-el-no-sibling  avia-align-center '  itemprop=\"image\" itemscope=\"itemscope\" itemtype=\"https:\/\/schema.org\/ImageObject\"  ><div class='avia-image-container-inner'><div class='avia-image-overlay-wrap'><img decoding=\"async\" class='wp-image-55778 avia-img-lazy-loading-not-55778 avia_image' src=\"https:\/\/radiorevelacionfm.cl\/wp-content\/uploads\/2025\/06\/Reunion-por-Plan-Invierno2-1-1.jpeg\" alt='' title='Reuni\u00f3n por Plan Invierno2 (1) (1)' height=\"600\" width=\"800\"  itemprop=\"thumbnailUrl\" srcset=\"https:\/\/radiorevelacionfm.cl\/wp-content\/uploads\/2025\/06\/Reunion-por-Plan-Invierno2-1-1.jpeg 800w, https:\/\/radiorevelacionfm.cl\/wp-content\/uploads\/2025\/06\/Reunion-por-Plan-Invierno2-1-1-300x225.jpeg 300w, https:\/\/radiorevelacionfm.cl\/wp-content\/uploads\/2025\/06\/Reunion-por-Plan-Invierno2-1-1-768x576.jpeg 768w, https:\/\/radiorevelacionfm.cl\/wp-content\/uploads\/2025\/06\/Reunion-por-Plan-Invierno2-1-1-705x529.jpeg 705w, https:\/\/radiorevelacionfm.cl\/wp-content\/uploads\/2025\/06\/Reunion-por-Plan-Invierno2-1-1-450x338.jpeg 450w, https:\/\/radiorevelacionfm.cl\/wp-content\/uploads\/2025\/06\/Reunion-por-Plan-Invierno2-1-1-600x450.jpeg 600w\" sizes=\"(max-width: 800px) 100vw, 800px\" \/><\/div><\/div><\/div><\/div><div class=\"flex_column av_one_full  flex_column_div av-zero-column-padding first  avia-builder-el-2  el_after_av_one_full  el_before_av_one_full  column-top-margin\" style='border-radius:0px; '><section class=\"av_textblock_section \"  itemscope=\"itemscope\" itemtype=\"https:\/\/schema.org\/BlogPosting\" itemprop=\"blogPost\" ><div class='avia_textblock  '   itemprop=\"text\" ><p style=\"text-align: center;\"><strong><span style=\"font-size: 18pt;\">Edelaysen presenta medidas preventivas para el invierno a personal t\u00e9cnico de la Municipalidad de Ays\u00e9n<\/span><\/strong><\/p>\n<div id=\"gtx-trans\" style=\"position: absolute; left: -50px; top: 4.31534px;\">\n<div class=\"gtx-trans-icon\"><\/div>\n<\/div>\n<\/div><\/section><\/div><div class=\"flex_column av_one_full  flex_column_div av-zero-column-padding first  avia-builder-el-4  el_after_av_one_full  el_before_av_hr  column-top-margin\" style='border-radius:0px; '><section class=\"av_textblock_section \"  itemscope=\"itemscope\" itemtype=\"https:\/\/schema.org\/BlogPosting\" itemprop=\"blogPost\" ><div class='avia_textblock  '   itemprop=\"text\" ><p style=\"text-align: justify;\"><em>La el\u00e9ctrica se reuni\u00f3 con t\u00e9cnicos el\u00e9ctricos y el encargado de gesti\u00f3n de riesgos y desastres del municipio para dar a conocer las acciones preventivas y gesti\u00f3n de respuesta ante contingencias durante la temporada invernal.<\/em><\/p>\n<p style=\"text-align: justify;\">En el marco de su estrategia de prevenci\u00f3n y trabajo colaborativo con las diferentes comunas de la regi\u00f3n, Edelaysen se reuni\u00f3 esta semana con el equipo t\u00e9cnico municipal de Ays\u00e9n para presentar su Plan de Invierno 2025. La instancia cont\u00f3 con la participaci\u00f3n de t\u00e9cnicos el\u00e9ctricos y del encargado de Riesgos y Desastres del municipio, con quienes se abordaron los principales lineamientos y acciones del plan.<\/p>\n<p style=\"text-align: justify;\">Durante la jornada, desde la el\u00e9ctrica expusieron las medidas preventivas que ya se est\u00e1n implementando tanto en la comuna como en la regi\u00f3n, como trabajos de mantenimiento en redes el\u00e9ctricas, trabajo de brigadas ante contingencias, monitoreo de zonas cr\u00edticas y protocolos de respuesta ante emergencias. Adem\u00e1s se destac\u00f3 la importancia de la coordinaci\u00f3n con personal local para enfrentar de manera m\u00e1s eficiente los eventos clim\u00e1ticos como nevadas intensas, lluvias o ca\u00edda de \u00e1rboles.<\/p>\n<p style=\"text-align: justify;\">En tal sentido, Francisco Pavez jefe de zona de Ays\u00e9n coment\u00f3 que: \u201cAgradecemos a la Municipalidad de Ays\u00e9n por esta invitaci\u00f3n a esta instancia, donde pudimos, junto a nuestro jefe de Distribuci\u00f3n, comentarles sobre el trabajo que estamos haciendo en la comuna. La verdad es que compartir nuestro plan con el municipio es clave para fortalecer la comunicaci\u00f3n, anticiparnos a los desaf\u00edos del invierno y actuar de manera conjunta ante situaciones que puedan afectar el suministro el\u00e9ctrico o la seguridad de las personas\u201d.<\/p>\n<p style=\"text-align: justify;\">En tanto Ariel Lillo, encargado de gesti\u00f3n de riesgos y desastres de la Municipalidad de Ays\u00e9n destac\u00f3 que: \u201cLa charla que dio Edelaysen, va espec\u00edficamente orientada a la emergencia, por lo que particip\u00f3 nuestro personal que se dedica a las emergencias comunales, entre ellos, los que se dedican a la parte el\u00e9ctrica, los que est\u00e1n con las maquinarias, los alza hombre, as\u00ed como los especialistas que tenemos ac\u00e1 con los \u00e1rboles, para las podas, etc. Entonces es importante esta interacci\u00f3n con las instituciones, empresas, para que todos coordinemos la funci\u00f3n en atender las emergencias comunales\u201d.<\/p>\n<p style=\"text-align: justify;\">De esta manera, la charla fue valorada por ambas partes, como una instancia positiva de coordinaci\u00f3n y trabajo preventivo que permitir\u00e1 enfrentar de mejor manera los meses de mayor exigencia clim\u00e1tica en la regi\u00f3n.<\/p>\n<\/div><\/section><\/div><div  style='height:50px' class='hr hr-invisible   avia-builder-el-6  el_after_av_one_full  el_before_av_social_share '><span class='hr-inner ' ><span class='hr-inner-style'><\/span><\/span><\/div><\/p>\n<div  class='av-social-sharing-box  avia-builder-el-7  el_after_av_hr  el_before_av_hr  '><div class='av-share-box'><h5 class='av-share-link-description av-no-toc '>Compartir esta noticia<\/h5><ul class='av-share-box-list noLightbox'><li class='av-share-link av-social-link-facebook' ><a target=\"_blank\" aria-label=\"Compartir en Facebook\" href='https:\/\/www.facebook.com\/sharer.php?u=https:\/\/radiorevelacionfm.cl\/?p=55777&#038;t=Edelaysen%20presenta%20medidas%20preventivas%20para%20el%20invierno%20a%20personal%20t%C3%A9cnico%20de%20la%20Municipalidad%20de%20Ays%C3%A9n' aria-hidden='false' data-av_icon='\ue8f3' data-av_iconfont='entypo-fontello' title='' data-avia-related-tooltip='Compartir en Facebook' rel=\"noopener\"><span class='avia_hidden_link_text'>Compartir en Facebook<\/span><\/a><\/li><li class='av-share-link av-social-link-twitter' ><a target=\"_blank\" aria-label=\"Compartir en Twitter\" href='https:\/\/twitter.com\/share?text=Edelaysen%20presenta%20medidas%20preventivas%20para%20el%20invierno%20a%20personal%20t%C3%A9cnico%20de%20la%20Municipalidad%20de%20Ays%C3%A9n&#038;url=https:\/\/radiorevelacionfm.cl\/?p=55777' aria-hidden='false' data-av_icon='\ue8f1' data-av_iconfont='entypo-fontello' title='' data-avia-related-tooltip='Compartir en Twitter' rel=\"noopener\"><span class='avia_hidden_link_text'>Compartir en Twitter<\/span><\/a><\/li><li class='av-share-link av-social-link-whatsapp' ><a target=\"_blank\" aria-label=\"Compartir en Whatsapp\" href='https:\/\/api.whatsapp.com\/send?text=https:\/\/radiorevelacionfm.cl\/?p=55777' aria-hidden='false' data-av_icon='\uf232' data-av_iconfont='entypo-fontello' title='' data-avia-related-tooltip='Compartir en Whatsapp' rel=\"noopener\"><span class='avia_hidden_link_text'>Compartir en Whatsapp<\/span><\/a><\/li><li class='av-share-link av-social-link-linkedin' ><a target=\"_blank\" aria-label=\"Compartir en LinkedIn\" href='https:\/\/linkedin.com\/shareArticle?mini=true&#038;title=Edelaysen%20presenta%20medidas%20preventivas%20para%20el%20invierno%20a%20personal%20t%C3%A9cnico%20de%20la%20Municipalidad%20de%20Ays%C3%A9n&#038;url=https:\/\/radiorevelacionfm.cl\/?p=55777' aria-hidden='false' data-av_icon='\ue8fc' data-av_iconfont='entypo-fontello' title='' data-avia-related-tooltip='Compartir en LinkedIn' rel=\"noopener\"><span class='avia_hidden_link_text'>Compartir en LinkedIn<\/span><\/a><\/li><li class='av-share-link av-social-link-mail' ><a  aria-label=\"Compartir por correo\" href='mailto:?subject=Edelaysen%20presenta%20medidas%20preventivas%20para%20el%20invierno%20a%20personal%20t%C3%A9cnico%20de%20la%20Municipalidad%20de%20Ays%C3%A9n&#038;body=https:\/\/radiorevelacionfm.cl\/?p=55777' aria-hidden='false' data-av_icon='\ue805' data-av_iconfont='entypo-fontello' title='' data-avia-related-tooltip='Compartir por correo'><span class='avia_hidden_link_text'>Compartir por correo<\/span><\/a><\/li><\/ul><\/div><\/div>\n<div  style='height:50px' class='hr hr-invisible   avia-builder-el-8  el_after_av_social_share  el_before_av_comments_list '><span class='hr-inner ' ><span class='hr-inner-style'><\/span><\/span><\/div>\n<div  class='av-buildercomment  av-blog-meta-html-info-disabled av-blog-meta-tag-disabled  '><\/div>\n","protected":false},"excerpt":{"rendered":"","protected":false},"author":1,"featured_media":55778,"comment_status":"closed","ping_status":"closed","sticky":false,"template":"","format":"standard","meta":{"footnotes":""},"categories":[38],"tags":[],"class_list":["post-55777","post","type-post","status-publish","format-standard","has-post-thumbnail","hentry","category-regional"],"jetpack_featured_media_url":"https:\/\/radiorevelacionfm.cl\/wp-content\/uploads\/2025\/06\/Reunion-por-Plan-Invierno2-1-1.jpeg","_links":{"self":[{"href":"https:\/\/radiorevelacionfm.cl\/index.php?rest_route=\/wp\/v2\/posts\/55777","targetHints":{"allow":["GET"]}}],"collection":[{"href":"https:\/\/radiorevelacionfm.cl\/index.php?rest_route=\/wp\/v2\/posts"}],"about":[{"href":"https:\/\/radiorevelacionfm.cl\/index.php?rest_route=\/wp\/v2\/types\/post"}],"author":[{"embeddable":true,"href":"https:\/\/radiorevelacionfm.cl\/index.php?rest_route=\/wp\/v2\/users\/1"}],"replies":[{"embeddable":true,"href":"https:\/\/radiorevelacionfm.cl\/index.php?rest_route=%2Fwp%2Fv2%2Fcomments&post=55777"}],"version-history":[{"count":2,"href":"https:\/\/radiorevelacionfm.cl\/index.php?rest_route=\/wp\/v2\/posts\/55777\/revisions"}],"predecessor-version":[{"id":55798,"href":"https:\/\/radiorevelacionfm.cl\/index.php?rest_route=\/wp\/v2\/posts\/55777\/revisions\/55798"}],"wp:featuredmedia":[{"embeddable":true,"href":"https:\/\/radiorevelacionfm.cl\/index.php?rest_route=\/wp\/v2\/media\/55778"}],"wp:attachment":[{"href":"https:\/\/radiorevelacionfm.cl\/index.php?rest_route=%2Fwp%2Fv2%2Fmedia&parent=55777"}],"wp:term":[{"taxonomy":"category","embeddable":true,"href":"https:\/\/radiorevelacionfm.cl\/index.php?rest_route=%2Fwp%2Fv2%2Fcategories&post=55777"},{"taxonomy":"post_tag","embeddable":true,"href":"https:\/\/radiorevelacionfm.cl\/index.php?rest_route=%2Fwp%2Fv2%2Ftags&post=55777"}],"curies":[{"name":"wp","href":"https:\/\/api.w.org\/{rel}","templated":true}]}}